{"id":370288,"date":"2018-04-02T00:07:09","date_gmt":"2018-04-02T05:07:09","guid":{"rendered":"http:\/\/www.diarioimagen.net\/?p=370288"},"modified":"2018-04-02T07:19:14","modified_gmt":"2018-04-02T12:19:14","slug":"arriola-califica-de-analfabeta-a-lopez-obrador","status":"publish","type":"post","link":"https:\/\/www.diarioimagen.net\/?p=370288","title":{"rendered":"Arriola califica de analfabeta a L\u00f3pez Obrador"},"content":{"rendered":"<ul>\n<li><strong><em>Se lanza contra los adversarios de Meade Kuribre\u00f1a<\/em><\/strong><\/li>\n<\/ul>\n<p>&nbsp;<\/p>\n<div id=\"attachment_370367\" style=\"width: 470px\" class=\"wp-caption aligncenter\"><a href=\"http:\/\/www.diarioimagen.net\/?attachment_id=370367\" rel=\"attachment wp-att-370367\"><img loading=\"lazy\" decoding=\"async\" aria-describedby=\"caption-attachment-370367\" class=\"size-large wp-image-370367\" src=\"http:\/\/www.diarioimagen.net\/wp-content\/uploads\/2018\/04\/mikel-3337-460x259.jpg\" alt=\"\" width=\"460\" height=\"259\" srcset=\"https:\/\/www.diarioimagen.net\/wp-content\/uploads\/2018\/04\/mikel-3337-460x259.jpg 460w, https:\/\/www.diarioimagen.net\/wp-content\/uploads\/2018\/04\/mikel-3337-240x135.jpg 240w, https:\/\/www.diarioimagen.net\/wp-content\/uploads\/2018\/04\/mikel-3337-235x132.jpg 235w, https:\/\/www.diarioimagen.net\/wp-content\/uploads\/2018\/04\/mikel-3337-202x114.jpg 202w, https:\/\/www.diarioimagen.net\/wp-content\/uploads\/2018\/04\/mikel-3337-350x196.jpg 350w, https:\/\/www.diarioimagen.net\/wp-content\/uploads\/2018\/04\/mikel-3337-220x123.jpg 220w, https:\/\/www.diarioimagen.net\/wp-content\/uploads\/2018\/04\/mikel-3337-237x132.jpg 237w, https:\/\/www.diarioimagen.net\/wp-content\/uploads\/2018\/04\/mikel-3337.jpg 480w\" sizes=\"auto, (max-width: 460px) 100vw, 460px\" \/><\/a><p id=\"caption-attachment-370367\" class=\"wp-caption-text\">El candidato del PRI a jefe de gobierno, Mikel Arriola, suscribi\u00f3 la propuesta de la Contralor\u00eda local, para evitar que programas sociales sean utilizados en campa\u00f1as.<\/p><\/div>\n<p>&nbsp;<\/p>\n<p>Mikel Arriola, candidato del PRI a la jefatura de gobierno de la capital,\u00a0 reconoci\u00f3 la trayectoria de Jos\u00e9 Antonio Meade y critic\u00f3 a sus adversarios de las coaliciones Por M\u00e9xico al Frente y Juntos Haremos Historia.<\/p>\n<p>En la sede del PRI capitalino, donde se transmiti\u00f3 el arranque de campa\u00f1a del candidato presidencial de la coalici\u00f3n Todos por M\u00e9xico, en M\u00e9rida, Arriola pidi\u00f3 no olvidar la carrera en el servicio p\u00fablico de Meade, as\u00ed como recordar que es doctor en econom\u00eda por la Universidad de Yale.<\/p>\n<p>\u201cNo vamos a dejar que ese analfabeta llegue a la silla (Andr\u00e9s Manuel L\u00f3pez Obrador), no lo vamos a dejar. Y ya voy a cerrar, en dos minutos me echo a Anaya.<\/p>\n<p>Calific\u00f3 de \u201canalfabeta\u201d a Andr\u00e9s Manuel L\u00f3pez Obrador por empe\u00f1arse en eliminar el Nuevo Aeropuerto y a Ricardo Anaya como un \u201clavador de dinero y un delincuente\u201d, por la denuncia del presunto negocio millonario a favor del candidato de la coalici\u00f3n Por M\u00e9xico al Frente.<\/p>\n<p>L\u00f3pez Obrador es una persona que si la comparamos con el candidato Meade, no tiene ning\u00fan m\u00e9rito, una persona que se tard\u00f3 alrededor de 11 a\u00f1os en terminar su carrera. M\u00e9xico debe aspirar a ser gobernado por un personaje como Pepe Meade; y s\u00ed, es un ignorante L\u00f3pez Obrador por las propuestas que est\u00e1 haciendo, yo no lo digo sin fundamento\u201d.<\/p>\n<p>Basta ver la evoluci\u00f3n patrimonial de Ricardo Anaya, para ver c\u00f3mo <em>lav\u00f3<\/em> dinero con un inmueble que increment\u00f3 siete veces su valor y que esa venta se fue al patrimonio de Ricardo Anaya. Ricardo Anaya es un <em>lavador<\/em> de dinero y es un delincuente\u201d, dijo al ser entrevistado al t\u00e9rmino de la transmisi\u00f3n que presenci\u00f3 Arriola, su equipo y militancia en la sede del PRI capitalino.<\/p>\n<p>Arriola Pe\u00f1alosa suscribi\u00f3 la propuesta de la Contralor\u00eda General de la Ciudad de M\u00e9xico para evitar que los programas sociales sean utilizados en el periodo de campa\u00f1as.<\/p>\n<p>Creo que ha sido ya costumbre de Morena y PRD y lo estamos documentando, utilizar los recursos de los programas para cooptar el voto, yo lo he escuchado de madres de familia de amas de casa que les quitan o les dan, condicionando a que les den la credencial de elector a que les ofrezcan dinero para despu\u00e9s de la elecci\u00f3n, entonces apoyo a que el contralor de la capital haga un trabajo muy cercano, porque adem\u00e1s est\u00e1 proh\u00edbo despu\u00e9s de que inician las campa\u00f1as, est\u00e1n vedados los apoyos\u201d, fundament\u00f3 el candidato del PRI-PVEM-Panal.<\/p>\n","protected":false},"excerpt":{"rendered":"<p>Mikel Arriola, candidato del PRI a la jefatura de gobierno de la capital,  reconoci\u00f3 la trayectoria de Jos\u00e9 Antonio Meade y critic\u00f3 a sus adversarios de las coaliciones Por M\u00e9xico al Frente y Juntos Haremos Historia.<\/p>\n","protected":false},"author":3,"featured_media":370367,"comment_status":"open","ping_status":"open","sticky":false,"template":"","format":"standard","meta":{"_monsterinsights_skip_tracking":false,"_monsterinsights_sitenote_active":false,"_monsterinsights_sitenote_note":"","_monsterinsights_sitenote_category":0,"footnotes":""},"categories":[6],"tags":[72208,72209,17036,51147],"class_list":["post-370288","post","type-post","status-publish","format-standard","has-post-thumbnail","hentry","category-cd-de-mexico","tag-analfabeta","tag-califica","tag-candidatura","tag-mikel-arriola-penalosa"],"_links":{"self":[{"href":"https:\/\/www.diarioimagen.net\/index.php?rest_route=\/wp\/v2\/posts\/370288","targetHints":{"allow":["GET"]}}],"collection":[{"href":"https:\/\/www.diarioimagen.net\/index.php?rest_route=\/wp\/v2\/posts"}],"about":[{"href":"https:\/\/www.diarioimagen.net\/index.php?rest_route=\/wp\/v2\/types\/post"}],"author":[{"embeddable":true,"href":"https:\/\/www.diarioimagen.net\/index.php?rest_route=\/wp\/v2\/users\/3"}],"replies":[{"embeddable":true,"href":"https:\/\/www.diarioimagen.net\/index.php?rest_route=%2Fwp%2Fv2%2Fcomments&post=370288"}],"version-history":[{"count":0,"href":"https:\/\/www.diarioimagen.net\/index.php?rest_route=\/wp\/v2\/posts\/370288\/revisions"}],"wp:featuredmedia":[{"embeddable":true,"href":"https:\/\/www.diarioimagen.net\/index.php?rest_route=\/wp\/v2\/media\/370367"}],"wp:attachment":[{"href":"https:\/\/www.diarioimagen.net\/index.php?rest_route=%2Fwp%2Fv2%2Fmedia&parent=370288"}],"wp:term":[{"taxonomy":"category","embeddable":true,"href":"https:\/\/www.diarioimagen.net\/index.php?rest_route=%2Fwp%2Fv2%2Fcategories&post=370288"},{"taxonomy":"post_tag","embeddable":true,"href":"https:\/\/www.diarioimagen.net\/index.php?rest_route=%2Fwp%2Fv2%2Ftags&post=370288"}],"curies":[{"name":"wp","href":"https:\/\/api.w.org\/{rel}","templated":true}]}}