{"id":370293,"date":"2018-04-02T00:08:16","date_gmt":"2018-04-02T05:08:16","guid":{"rendered":"http:\/\/www.diarioimagen.net\/?p=370293"},"modified":"2018-04-03T00:09:01","modified_gmt":"2018-04-03T05:09:01","slug":"barrales-promete-recuperar-seguridad-de-calles-capitalinas","status":"publish","type":"post","link":"https:\/\/www.diarioimagen.net\/?p=370293","title":{"rendered":"Barrales promete recuperar seguridad de calles capitalinas"},"content":{"rendered":"<ul>\n<li><strong><em>Inicia campa\u00f1a a la jefatura de gobierno<\/em><\/strong><\/li>\n<\/ul>\n<p>&nbsp;<\/p>\n<div id=\"attachment_370373\" style=\"width: 470px\" class=\"wp-caption aligncenter\"><a href=\"http:\/\/www.diarioimagen.net\/?attachment_id=370373\" rel=\"attachment wp-att-370373\"><img loading=\"lazy\" decoding=\"async\" aria-describedby=\"caption-attachment-370373\" class=\"size-large wp-image-370373\" src=\"http:\/\/www.diarioimagen.net\/wp-content\/uploads\/2018\/04\/BARRALES-3337-460x259.jpg\" alt=\"\" width=\"460\" height=\"259\" srcset=\"https:\/\/www.diarioimagen.net\/wp-content\/uploads\/2018\/04\/BARRALES-3337-460x259.jpg 460w, https:\/\/www.diarioimagen.net\/wp-content\/uploads\/2018\/04\/BARRALES-3337-240x135.jpg 240w, https:\/\/www.diarioimagen.net\/wp-content\/uploads\/2018\/04\/BARRALES-3337-235x132.jpg 235w, https:\/\/www.diarioimagen.net\/wp-content\/uploads\/2018\/04\/BARRALES-3337-202x114.jpg 202w, https:\/\/www.diarioimagen.net\/wp-content\/uploads\/2018\/04\/BARRALES-3337-350x196.jpg 350w, https:\/\/www.diarioimagen.net\/wp-content\/uploads\/2018\/04\/BARRALES-3337-220x123.jpg 220w, https:\/\/www.diarioimagen.net\/wp-content\/uploads\/2018\/04\/BARRALES-3337-237x132.jpg 237w, https:\/\/www.diarioimagen.net\/wp-content\/uploads\/2018\/04\/BARRALES-3337.jpg 480w\" sizes=\"auto, (max-width: 460px) 100vw, 460px\" \/><\/a><p id=\"caption-attachment-370373\" class=\"wp-caption-text\">En un mitin en el monumento a la Revoluci\u00f3n, Alejandra Barrales Magdaleno se comprometi\u00f3 recuperar la paz y seguridad de las calles de la capital.<\/p><\/div>\n<p>&nbsp;<\/p>\n<p>La candidata de la coalici\u00f3n Por la Ciudad de M\u00e9xico al Frente a la jefatura de gobierno, Alejandra Barrales Magdaleno, se comprometi\u00f3 a ayudar a la gente que menos tiene y a recuperar la paz y seguridad de las calles de la capital.<\/p>\n<p>Al iniciar su campa\u00f1a en busca del voto de los ciudadanos, la aspirante de los partidos Acci\u00f3n Nacional (PAN), de la Revoluci\u00f3n Democr\u00e1tica (PRD) y Movimiento Ciudadano ofreci\u00f3 tener la policia m\u00e1s grande y mejor equipada y pagada; se aumentar\u00e1 el sueldo a los elementos policiales de manera progresiva en la medida que vayan capacit\u00e1ndose y se incrementar\u00e1n hasta llegar al doble.<\/p>\n<p>En el monumento a la Revoluci\u00f3n dijo que desde sus primeros d\u00edas en el gobierno capitalino, que espera ganar en las elecciones del 1 de julio pr\u00f3ximo, trabajar\u00e1 fuerte para darle hogar a las familias afectadas por los sismos del a\u00f1o pasado.<\/p>\n<p>Barrales Magdaleno prometi\u00f3 justicia a los padres de los ni\u00f1os que fallecieron en el Colegio R\u00e9bsamen, a consecuencia del sismo del 19 de septiembre.<\/p>\n<p>\u201cYo s\u00e9 que con esto que les voy a decir algunos lo van a utilizar para acusarme, seguro me van a acusar de que estoy lucrando con la tragedia, pero tambi\u00e9n se los digo: en este proyecto no hay ning\u00fan certificado de impunidad. Desde el primer momento que yo llegue a la jefatura de gobierno le voy a hacer justicia a los 19 padres de familia que perdieron lo m\u00e1s importante que tiene una familia que son sus hijos; hablo de los padres del Colegio R\u00e9bsamen\u201d.<\/p>\n<p>Barrales Magdaleno arremeti\u00f3 contra la candidata de Morena, Claudia Sheinbaum y ex jefa delegacional en Tlalpan.<\/p>\n<p>\u201cTienen un doble agravio porque adem\u00e1s de que no les hemos hecho justicia, imag\u00ednense el agravio de esas familias, saber que hoy la responsable del impacto de esta tragedia pretenda ser jefa de gobierno, \u00a1que poca verg\u00fcenza!\u201d, enfatiz\u00f3.<\/p>\n<p>La candidata del frente tambi\u00e9n prometi\u00f3 mejorar las condiciones de seguridad en la ciudad y recuperar las delegaciones, hoy gobernadas por Morena, donde hay narcomenudeo.<\/p>\n<p>\u201cSe los digo fuerte y claro, en esta cudad no es bienvenido el narcotr\u00e1fico y de eso me voy a encargar\u201d, concluy\u00f3.<\/p>\n","protected":false},"excerpt":{"rendered":"<p>La candidata de la coalici\u00f3n Por la Ciudad de M\u00e9xico al Frente a la jefatura de gobierno, Alejandra Barrales Magdaleno, se comprometi\u00f3 a ayudar a la gente que menos tiene y a recuperar la paz y seguridad de las calles de la capital.<\/p>\n","protected":false},"author":3,"featured_media":370373,"comment_status":"open","ping_status":"open","sticky":false,"template":"","format":"standard","meta":{"_monsterinsights_skip_tracking":false,"_monsterinsights_sitenote_active":false,"_monsterinsights_sitenote_note":"","_monsterinsights_sitenote_category":0,"footnotes":""},"categories":[6],"tags":[11733,204,211],"class_list":["post-370293","post","type-post","status-publish","format-standard","has-post-thumbnail","hentry","category-cd-de-mexico","tag-alejandra-barrales-magdaleno","tag-ciudad-de-mexico","tag-prd"],"_links":{"self":[{"href":"https:\/\/www.diarioimagen.net\/index.php?rest_route=\/wp\/v2\/posts\/370293","targetHints":{"allow":["GET"]}}],"collection":[{"href":"https:\/\/www.diarioimagen.net\/index.php?rest_route=\/wp\/v2\/posts"}],"about":[{"href":"https:\/\/www.diarioimagen.net\/index.php?rest_route=\/wp\/v2\/types\/post"}],"author":[{"embeddable":true,"href":"https:\/\/www.diarioimagen.net\/index.php?rest_route=\/wp\/v2\/users\/3"}],"replies":[{"embeddable":true,"href":"https:\/\/www.diarioimagen.net\/index.php?rest_route=%2Fwp%2Fv2%2Fcomments&post=370293"}],"version-history":[{"count":0,"href":"https:\/\/www.diarioimagen.net\/index.php?rest_route=\/wp\/v2\/posts\/370293\/revisions"}],"wp:featuredmedia":[{"embeddable":true,"href":"https:\/\/www.diarioimagen.net\/index.php?rest_route=\/wp\/v2\/media\/370373"}],"wp:attachment":[{"href":"https:\/\/www.diarioimagen.net\/index.php?rest_route=%2Fwp%2Fv2%2Fmedia&parent=370293"}],"wp:term":[{"taxonomy":"category","embeddable":true,"href":"https:\/\/www.diarioimagen.net\/index.php?rest_route=%2Fwp%2Fv2%2Fcategories&post=370293"},{"taxonomy":"post_tag","embeddable":true,"href":"https:\/\/www.diarioimagen.net\/index.php?rest_route=%2Fwp%2Fv2%2Ftags&post=370293"}],"curies":[{"name":"wp","href":"https:\/\/api.w.org\/{rel}","templated":true}]}}