{"id":370307,"date":"2018-04-02T00:09:58","date_gmt":"2018-04-02T05:09:58","guid":{"rendered":"http:\/\/www.diarioimagen.net\/?p=370307"},"modified":"2018-04-02T07:27:29","modified_gmt":"2018-04-02T12:27:29","slug":"ofrece-dif-tlalnepantla-atencion-de-primer-nivel-a-personas-con-discapacidad","status":"publish","type":"post","link":"https:\/\/www.diarioimagen.net\/?p=370307","title":{"rendered":"Ofrece DIF Tlalnepantla atenci\u00f3n de primer nivel a personas con discapacidad"},"content":{"rendered":"<ul>\n<li><strong><em>C\u00e1maras de estimulaci\u00f3n multisensorial<\/em><\/strong><\/li>\n<\/ul>\n<p>&nbsp;<\/p>\n<div id=\"attachment_370382\" style=\"width: 470px\" class=\"wp-caption aligncenter\"><a href=\"http:\/\/www.diarioimagen.net\/?attachment_id=370382\" rel=\"attachment wp-att-370382\"><img loading=\"lazy\" decoding=\"async\" aria-describedby=\"caption-attachment-370382\" class=\"size-large wp-image-370382\" src=\"http:\/\/www.diarioimagen.net\/wp-content\/uploads\/2018\/04\/TLALNEPANTLA-3337-460x259.jpg\" alt=\"\" width=\"460\" height=\"259\" srcset=\"https:\/\/www.diarioimagen.net\/wp-content\/uploads\/2018\/04\/TLALNEPANTLA-3337-460x259.jpg 460w, https:\/\/www.diarioimagen.net\/wp-content\/uploads\/2018\/04\/TLALNEPANTLA-3337-240x135.jpg 240w, https:\/\/www.diarioimagen.net\/wp-content\/uploads\/2018\/04\/TLALNEPANTLA-3337-235x132.jpg 235w, https:\/\/www.diarioimagen.net\/wp-content\/uploads\/2018\/04\/TLALNEPANTLA-3337-202x114.jpg 202w, https:\/\/www.diarioimagen.net\/wp-content\/uploads\/2018\/04\/TLALNEPANTLA-3337-350x196.jpg 350w, https:\/\/www.diarioimagen.net\/wp-content\/uploads\/2018\/04\/TLALNEPANTLA-3337-220x123.jpg 220w, https:\/\/www.diarioimagen.net\/wp-content\/uploads\/2018\/04\/TLALNEPANTLA-3337-237x132.jpg 237w, https:\/\/www.diarioimagen.net\/wp-content\/uploads\/2018\/04\/TLALNEPANTLA-3337.jpg 480w\" sizes=\"auto, (max-width: 460px) 100vw, 460px\" \/><\/a><p id=\"caption-attachment-370382\" class=\"wp-caption-text\">Se prev\u00e9 que cada c\u00e1mara de estimulaci\u00f3n multisensorial brinde 3 mil terapias al a\u00f1o, las cuales se sumar\u00e1n a las 13 mil que ya se ofrecen.<\/p><\/div>\n<p>&nbsp;<\/p>\n<p><strong>Tlalnepantla, Estado de M\u00e9xico<\/strong>.- Para que las personas con discapacidad puedan desarrollar sus sentidos, el Sistema Municipal DIF de Tlalnepantla cuenta con dos c\u00e1maras de estimulaci\u00f3n multisensorial, en las que los pacientes pueden recibir terapias que les permitan elevar su calidad de vida.<\/p>\n<p>En cada una de estas salas, ubicadas en los subsistemas El Tenayo y \u201cAng\u00e9lica Arag\u00f3n\u201d, este \u00faltimo en el Parque Ac\u00f3atl de la Zona Oriente del municipio, se est\u00e1 en condiciones de atender a 400 ni\u00f1os con discapacidad motriz e intelectual, para que sus terapias sean m\u00e1s completas.<\/p>\n<p>Las referidas c\u00e1maras brindan terapia a personas con discapacidad de todas las edades mediante luces, colores, sonidos, olores, formas e im\u00e1genes, que estimulan sus cinco sentidos y les ayudan a tener mejor percepci\u00f3n del ambiente que los rodea.<\/p>\n<p>Los tlalnepantlenses que tengan alg\u00fan familiar con discapacidad se pueden acercar a cualquiera de los dos subsistemas para que reciban este tipo de terapias, por la que s\u00f3lo deben pagar una cuota de recuperaci\u00f3n y los beneficios son innumerables.<\/p>\n<p>Se prev\u00e9 que cada c\u00e1mara de estimulaci\u00f3n multisensorial brinde 3 mil terapias al a\u00f1o, las cuales se sumar\u00e1n a las 13 mil terapias f\u00edsicas que se ofrecen en el subsistema \u201cAng\u00e9lica Arag\u00f3n\u201d, mismo que atiende a m\u00e1s de 20 mil personas anualmente; y a las 18 mil terapias que se ofrecen en El Tenayo.<\/p>\n","protected":false},"excerpt":{"rendered":"<p>Para que las personas con discapacidad puedan desarrollar sus sentidos, el Sistema Municipal DIF de Tlalnepantla cuenta con dos c\u00e1maras de estimulaci\u00f3n multisensorial, en las que los pacientes pueden recibir terapias que les permitan elevar su calidad de vida.<\/p>\n","protected":false},"author":3,"featured_media":370382,"comment_status":"open","ping_status":"open","sticky":false,"template":"","format":"standard","meta":{"_monsterinsights_skip_tracking":false,"_monsterinsights_sitenote_active":false,"_monsterinsights_sitenote_note":"","_monsterinsights_sitenote_category":0,"footnotes":""},"categories":[35155],"tags":[45429,24566,43675,169],"class_list":["post-370307","post","type-post","status-publish","format-standard","has-post-thumbnail","hentry","category-estado-de-mexico-estado-de-mexico","tag-atencion","tag-discapacidad","tag-estado-de-mexico","tag-tlalnepantla"],"_links":{"self":[{"href":"https:\/\/www.diarioimagen.net\/index.php?rest_route=\/wp\/v2\/posts\/370307","targetHints":{"allow":["GET"]}}],"collection":[{"href":"https:\/\/www.diarioimagen.net\/index.php?rest_route=\/wp\/v2\/posts"}],"about":[{"href":"https:\/\/www.diarioimagen.net\/index.php?rest_route=\/wp\/v2\/types\/post"}],"author":[{"embeddable":true,"href":"https:\/\/www.diarioimagen.net\/index.php?rest_route=\/wp\/v2\/users\/3"}],"replies":[{"embeddable":true,"href":"https:\/\/www.diarioimagen.net\/index.php?rest_route=%2Fwp%2Fv2%2Fcomments&post=370307"}],"version-history":[{"count":0,"href":"https:\/\/www.diarioimagen.net\/index.php?rest_route=\/wp\/v2\/posts\/370307\/revisions"}],"wp:featuredmedia":[{"embeddable":true,"href":"https:\/\/www.diarioimagen.net\/index.php?rest_route=\/wp\/v2\/media\/370382"}],"wp:attachment":[{"href":"https:\/\/www.diarioimagen.net\/index.php?rest_route=%2Fwp%2Fv2%2Fmedia&parent=370307"}],"wp:term":[{"taxonomy":"category","embeddable":true,"href":"https:\/\/www.diarioimagen.net\/index.php?rest_route=%2Fwp%2Fv2%2Fcategories&post=370307"},{"taxonomy":"post_tag","embeddable":true,"href":"https:\/\/www.diarioimagen.net\/index.php?rest_route=%2Fwp%2Fv2%2Ftags&post=370307"}],"curies":[{"name":"wp","href":"https:\/\/api.w.org\/{rel}","templated":true}]}}