{"id":370459,"date":"2018-04-03T00:09:22","date_gmt":"2018-04-03T05:09:22","guid":{"rendered":"http:\/\/www.diarioimagen.net\/?p=370459"},"modified":"2018-04-03T23:41:54","modified_gmt":"2018-04-04T04:41:54","slug":"prorroga-edomex-2-meses-plazo-de-tenencia-vehicular","status":"publish","type":"post","link":"https:\/\/www.diarioimagen.net\/?p=370459","title":{"rendered":"Prorroga Edomex 2 meses plazo de tenencia vehicular"},"content":{"rendered":"<ul>\n<li><em><strong>Hasta el 31 de mayo podr\u00e1 pagarse sin recargos<\/strong><\/em><\/li>\n<li><em><strong>El padr\u00f3n vehicular supera los 7 millones 800 mil veh\u00edculos en el estado<\/strong><\/em><\/li>\n<\/ul>\n<h6>Jos\u00e9 Luis Monta\u00f1ez<\/h6>\n<p>&nbsp;<\/p>\n<p><a href=\"http:\/\/www.diarioimagen.net\/?attachment_id=370593\" rel=\"attachment wp-att-370593\"><img loading=\"lazy\" decoding=\"async\" class=\"aligncenter size-large wp-image-370593\" src=\"http:\/\/www.diarioimagen.net\/wp-content\/uploads\/2018\/04\/tenencia-3338-460x259.jpg\" alt=\"\" width=\"460\" height=\"259\" srcset=\"https:\/\/www.diarioimagen.net\/wp-content\/uploads\/2018\/04\/tenencia-3338-460x259.jpg 460w, https:\/\/www.diarioimagen.net\/wp-content\/uploads\/2018\/04\/tenencia-3338-240x135.jpg 240w, https:\/\/www.diarioimagen.net\/wp-content\/uploads\/2018\/04\/tenencia-3338-235x132.jpg 235w, https:\/\/www.diarioimagen.net\/wp-content\/uploads\/2018\/04\/tenencia-3338-202x114.jpg 202w, https:\/\/www.diarioimagen.net\/wp-content\/uploads\/2018\/04\/tenencia-3338-350x196.jpg 350w, https:\/\/www.diarioimagen.net\/wp-content\/uploads\/2018\/04\/tenencia-3338-220x123.jpg 220w, https:\/\/www.diarioimagen.net\/wp-content\/uploads\/2018\/04\/tenencia-3338-237x132.jpg 237w, https:\/\/www.diarioimagen.net\/wp-content\/uploads\/2018\/04\/tenencia-3338.jpg 480w\" sizes=\"auto, (max-width: 460px) 100vw, 460px\" \/><\/a><\/p>\n<p>&nbsp;<\/p>\n<p>El gobierno del Estado de M\u00e9xico dio una pr\u00f3rroga al 31 de mayo para que automovilistas propietarios de autos con costo menor a 350 mil pesos, paguen el impuesto sobre la Tenencia o Usos de Veh\u00edculos, mismo que venc\u00eda el s\u00e1bado pasado y que otorga subsidio del 100 por ciento.<\/p>\n<p>En la Gaceta de Gobierno se establece este decreto, que entra en vigor este 3 de abril, por lo que se tendr\u00e1n dos meses m\u00e1s para acceder a este subsidio.<\/p>\n<p>Se prorroga hasta el 31 de mayo del 2018 el periodo de pago del Impuesto sobre Tenencia o Uso de Veh\u00edculos Automotores y los derechos de control vehicular\u201d, indica el texto.<\/p>\n<p>El plazo original venci\u00f3 el pasado 31 de marzo, por lo que autoridades del Estado de M\u00e9xico dieron a conocer que el plazo se ampli\u00f3 dos meses m\u00e1s.<\/p>\n<p>El pago del refrendo es de 529 pesos y los propietarios de autom\u00f3viles y camiones con placas del Estado de M\u00e9xico, pueden realizar este pago en el portal electr\u00f3nico de la Secretar\u00eda de Finanzas mexiquense, si cuentan con tarjetas bancarias.<\/p>\n<p>El 29 de diciembre de 2017, el gobierno mexiquense dio continuidad al esquema del subsidio del 100 por ciento del pago del impuesto sobre la Tenencia o Uso de Veh\u00edculos.<\/p>\n<p>Seg\u00fan datos oficiales, el padr\u00f3n vehicular supera los 7 millones 800 mil veh\u00edculos, y al 20 de marzo, un mill\u00f3n 177 mil 813 contribuyentes hab\u00edan cubierto el pago de tenencia.<\/p>\n","protected":false},"excerpt":{"rendered":"<p><span style=\"color: #005497;\">Jos\u00e9 Luis Monta\u00f1ez<\/span><br \/>\n<br \/>\nEl gobierno del Estado de M\u00e9xico dio una pr\u00f3rroga al 31 de mayo para que automovilistas propietarios de autos con costo menor a 350 mil pesos, paguen el impuesto sobre la Tenencia o Usos de Veh\u00edculos, mismo que venc\u00eda el s\u00e1bado pasado y que otorga subsidio del 100 por ciento.<\/p>\n","protected":false},"author":3,"featured_media":370593,"comment_status":"open","ping_status":"open","sticky":false,"template":"","format":"standard","meta":{"_monsterinsights_skip_tracking":false,"_monsterinsights_sitenote_active":false,"_monsterinsights_sitenote_note":"","_monsterinsights_sitenote_category":0,"footnotes":""},"categories":[5],"tags":[43675,72248],"class_list":["post-370459","post","type-post","status-publish","format-standard","has-post-thumbnail","hentry","category-estado-de-mexico","tag-estado-de-mexico","tag-tenencia-vehicular"],"_links":{"self":[{"href":"https:\/\/www.diarioimagen.net\/index.php?rest_route=\/wp\/v2\/posts\/370459","targetHints":{"allow":["GET"]}}],"collection":[{"href":"https:\/\/www.diarioimagen.net\/index.php?rest_route=\/wp\/v2\/posts"}],"about":[{"href":"https:\/\/www.diarioimagen.net\/index.php?rest_route=\/wp\/v2\/types\/post"}],"author":[{"embeddable":true,"href":"https:\/\/www.diarioimagen.net\/index.php?rest_route=\/wp\/v2\/users\/3"}],"replies":[{"embeddable":true,"href":"https:\/\/www.diarioimagen.net\/index.php?rest_route=%2Fwp%2Fv2%2Fcomments&post=370459"}],"version-history":[{"count":0,"href":"https:\/\/www.diarioimagen.net\/index.php?rest_route=\/wp\/v2\/posts\/370459\/revisions"}],"wp:featuredmedia":[{"embeddable":true,"href":"https:\/\/www.diarioimagen.net\/index.php?rest_route=\/wp\/v2\/media\/370593"}],"wp:attachment":[{"href":"https:\/\/www.diarioimagen.net\/index.php?rest_route=%2Fwp%2Fv2%2Fmedia&parent=370459"}],"wp:term":[{"taxonomy":"category","embeddable":true,"href":"https:\/\/www.diarioimagen.net\/index.php?rest_route=%2Fwp%2Fv2%2Fcategories&post=370459"},{"taxonomy":"post_tag","embeddable":true,"href":"https:\/\/www.diarioimagen.net\/index.php?rest_route=%2Fwp%2Fv2%2Ftags&post=370459"}],"curies":[{"name":"wp","href":"https:\/\/api.w.org\/{rel}","templated":true}]}}