{"id":370463,"date":"2018-04-03T00:10:58","date_gmt":"2018-04-03T05:10:58","guid":{"rendered":"http:\/\/www.diarioimagen.net\/?p=370463"},"modified":"2018-04-03T04:11:21","modified_gmt":"2018-04-03T09:11:21","slug":"hacen-valer-derechos-de-mexiquenses","status":"publish","type":"post","link":"https:\/\/www.diarioimagen.net\/?p=370463","title":{"rendered":"Hacen valer derechos de mexiquenses"},"content":{"rendered":"<h2>Arco Norte<\/h2>\n<h5>Jos\u00e9 Luis Monta\u00f1ez Aguilar<\/h5>\n<p>&nbsp;<\/p>\n<div id=\"attachment_370556\" style=\"width: 470px\" class=\"wp-caption aligncenter\"><a href=\"http:\/\/www.diarioimagen.net\/?attachment_id=370556\" rel=\"attachment wp-att-370556\"><img loading=\"lazy\" decoding=\"async\" aria-describedby=\"caption-attachment-370556\" class=\"size-large wp-image-370556\" src=\"http:\/\/www.diarioimagen.net\/wp-content\/uploads\/2018\/04\/arco-3338-460x259.jpg\" alt=\"\" width=\"460\" height=\"259\" srcset=\"https:\/\/www.diarioimagen.net\/wp-content\/uploads\/2018\/04\/arco-3338-460x259.jpg 460w, https:\/\/www.diarioimagen.net\/wp-content\/uploads\/2018\/04\/arco-3338-240x135.jpg 240w, https:\/\/www.diarioimagen.net\/wp-content\/uploads\/2018\/04\/arco-3338-235x132.jpg 235w, https:\/\/www.diarioimagen.net\/wp-content\/uploads\/2018\/04\/arco-3338-202x114.jpg 202w, https:\/\/www.diarioimagen.net\/wp-content\/uploads\/2018\/04\/arco-3338-350x196.jpg 350w, https:\/\/www.diarioimagen.net\/wp-content\/uploads\/2018\/04\/arco-3338-220x123.jpg 220w, https:\/\/www.diarioimagen.net\/wp-content\/uploads\/2018\/04\/arco-3338-237x132.jpg 237w, https:\/\/www.diarioimagen.net\/wp-content\/uploads\/2018\/04\/arco-3338.jpg 480w\" sizes=\"auto, (max-width: 460px) 100vw, 460px\" \/><\/a><p id=\"caption-attachment-370556\" class=\"wp-caption-text\">El trayecto del Tren Suburbano de la Zona Metropolitana, que sale de Buenavista, subir\u00e1 50 centavos, seg\u00fan tarifa autorizada por la SCT y publicada en el Diario Oficial de la Federaci\u00f3n.<\/p><\/div>\n<p>&nbsp;<\/p>\n<p>El gobernador del Estado de M\u00e9xico asegur\u00f3 que en la entidad es fundamental hacer valer y respetar los derechos humanos de todos, ya que al hacerlo\u00a0 tambi\u00e9n se otorgan m\u00e1s alternativas de progreso a los sectores menos favorecidos de la ciudadan\u00eda.<\/p>\n<p>Dijo que la desigualdad y la falta de oportunidades son las barreras que impiden que el desarrollo llegue a todos los sectores de la sociedad.<\/p>\n<p>Alfredo Del Mazo asisti\u00f3 al Informe Anual de Actividades 2017 del presidente de la Comisi\u00f3n de Derechos Humanos estatal (CODHEM), donde mencion\u00f3 que garantizar el respeto de los derechos de las personas es una prioridad para la administraci\u00f3n estatal, al ser el pilar de una pol\u00edtica que impulsa el desarrollo de los individuos, fortalece la sana convivencia y que apuesta por la concordia y la paz.<\/p>\n<p>Por ello, el Estado de M\u00e9xico trabaja en equipo con la CODHEM para\u00a0 consolidar el respeto de los derechos de todas las personas.<\/p>\n<p>La CODHEM funge como interlocutora, vigilante y garante de los derechos fundamentales de los mexiquenses, lo cual es una herramienta imprescindible para mantener la estabilidad y fortalecer la armon\u00eda social en el Estado de M\u00e9xico.<\/p>\n<p style=\"text-align: center;\"><strong>Sigue el proceso de inscripci\u00f3n para escuelas normales <\/strong><\/p>\n<p>\u00a0El gobierno mexiquense, a trav\u00e9s de la Secretar\u00eda de Educaci\u00f3n, invita a los interesados a participar en el proceso de selecci\u00f3n 2018-2019 para cursar la licenciatura en Educaci\u00f3n, en las Escuelas Normales P\u00fablicas de la entidad.<\/p>\n<p>El tr\u00e1mite deber\u00e1 realizarse en la Normal que ofrezca la licenciatura de su inter\u00e9s, del 9 al 27 de abril del a\u00f1o en curso, en un horario de 9:00 a 18:00 horas, presentando original para cotejo y los siguientes documentos: copia certificada del acta de nacimiento con vigencia no mayor a tres meses; constancia o historial acad\u00e9mico como alumno regular del tercer grado de educaci\u00f3n media superior.<\/p>\n<p>Adem\u00e1s, dos fotograf\u00edas tama\u00f1o infantil blanco y negro, no instant\u00e1neas.<\/p>\n<p>cubrir la cuota de preinscripci\u00f3n y contar con edad m\u00e1xima de 21 a\u00f1os.<\/p>\n<p>Los egresados en a\u00f1os anteriores deber\u00e1n presentar tambi\u00e9n su Certificado de Bachillerato, con un promedio no menor a 7.0.<\/p>\n<p>El examen de selecci\u00f3n se aplicar\u00e1 el s\u00e1bado 2 de junio en la Escuela Normal donde se realiz\u00f3 el registro.<\/p>\n<p><em><a href=\"mailto:montanezaguilar@gmail.com\" target=\"_blank\" rel=\"noopener noreferrer\">montanezaguilar@gmail.com<\/a><\/em><\/p>\n","protected":false},"excerpt":{"rendered":"<p><span style=\"color: #005497;\">Jos\u00e9 Luis Monta\u00f1ez Aguilar<\/span><br \/>\n<br \/>\nEl gobernador del Estado de M\u00e9xico asegur\u00f3 que en la entidad es fundamental hacer valer y respetar los derechos humanos de todos, ya que al hacerlo  tambi\u00e9n se otorgan m\u00e1s alternativas de progreso a los sectores menos favorecidos de la ciudadan\u00eda.<\/p>\n","protected":false},"author":3,"featured_media":370556,"comment_status":"open","ping_status":"open","sticky":false,"template":"","format":"standard","meta":{"_monsterinsights_skip_tracking":false,"_monsterinsights_sitenote_active":false,"_monsterinsights_sitenote_note":"","_monsterinsights_sitenote_category":0,"footnotes":""},"categories":[5],"tags":[13284,43704,43674],"class_list":["post-370463","post","type-post","status-publish","format-standard","has-post-thumbnail","hentry","category-estado-de-mexico","tag-arco-norte","tag-jose-luis-montanez-aguilar","tag-opinion"],"_links":{"self":[{"href":"https:\/\/www.diarioimagen.net\/index.php?rest_route=\/wp\/v2\/posts\/370463","targetHints":{"allow":["GET"]}}],"collection":[{"href":"https:\/\/www.diarioimagen.net\/index.php?rest_route=\/wp\/v2\/posts"}],"about":[{"href":"https:\/\/www.diarioimagen.net\/index.php?rest_route=\/wp\/v2\/types\/post"}],"author":[{"embeddable":true,"href":"https:\/\/www.diarioimagen.net\/index.php?rest_route=\/wp\/v2\/users\/3"}],"replies":[{"embeddable":true,"href":"https:\/\/www.diarioimagen.net\/index.php?rest_route=%2Fwp%2Fv2%2Fcomments&post=370463"}],"version-history":[{"count":0,"href":"https:\/\/www.diarioimagen.net\/index.php?rest_route=\/wp\/v2\/posts\/370463\/revisions"}],"wp:featuredmedia":[{"embeddable":true,"href":"https:\/\/www.diarioimagen.net\/index.php?rest_route=\/wp\/v2\/media\/370556"}],"wp:attachment":[{"href":"https:\/\/www.diarioimagen.net\/index.php?rest_route=%2Fwp%2Fv2%2Fmedia&parent=370463"}],"wp:term":[{"taxonomy":"category","embeddable":true,"href":"https:\/\/www.diarioimagen.net\/index.php?rest_route=%2Fwp%2Fv2%2Fcategories&post=370463"},{"taxonomy":"post_tag","embeddable":true,"href":"https:\/\/www.diarioimagen.net\/index.php?rest_route=%2Fwp%2Fv2%2Ftags&post=370463"}],"curies":[{"name":"wp","href":"https:\/\/api.w.org\/{rel}","templated":true}]}}