{"id":370495,"date":"2018-04-03T00:08:10","date_gmt":"2018-04-03T05:08:10","guid":{"rendered":"http:\/\/www.diarioimagen.net\/?p=370495"},"modified":"2018-04-03T04:31:16","modified_gmt":"2018-04-03T09:31:16","slug":"continuara-el-operativo-vacacional-en-cuautitlan-izcalli-el-resto-de-esta-semana","status":"publish","type":"post","link":"https:\/\/www.diarioimagen.net\/?p=370495","title":{"rendered":"Continuar\u00e1 el operativo vacacional en Cuautitl\u00e1n Izcalli el resto de esta semana"},"content":{"rendered":"<ul>\n<li><strong><em>Se extender\u00e1 hasta la reanudaci\u00f3n de clases<\/em><\/strong><\/li>\n<\/ul>\n<p>&nbsp;<\/p>\n<div id=\"attachment_370568\" style=\"width: 470px\" class=\"wp-caption aligncenter\"><a href=\"http:\/\/www.diarioimagen.net\/?attachment_id=370568\" rel=\"attachment wp-att-370568\"><img loading=\"lazy\" decoding=\"async\" aria-describedby=\"caption-attachment-370568\" class=\"size-large wp-image-370568\" src=\"http:\/\/www.diarioimagen.net\/wp-content\/uploads\/2018\/04\/CUAUTITLAN-3338-460x259.jpg\" alt=\"\" width=\"460\" height=\"259\" srcset=\"https:\/\/www.diarioimagen.net\/wp-content\/uploads\/2018\/04\/CUAUTITLAN-3338-460x259.jpg 460w, https:\/\/www.diarioimagen.net\/wp-content\/uploads\/2018\/04\/CUAUTITLAN-3338-240x135.jpg 240w, https:\/\/www.diarioimagen.net\/wp-content\/uploads\/2018\/04\/CUAUTITLAN-3338-235x132.jpg 235w, https:\/\/www.diarioimagen.net\/wp-content\/uploads\/2018\/04\/CUAUTITLAN-3338-202x114.jpg 202w, https:\/\/www.diarioimagen.net\/wp-content\/uploads\/2018\/04\/CUAUTITLAN-3338-350x196.jpg 350w, https:\/\/www.diarioimagen.net\/wp-content\/uploads\/2018\/04\/CUAUTITLAN-3338-220x123.jpg 220w, https:\/\/www.diarioimagen.net\/wp-content\/uploads\/2018\/04\/CUAUTITLAN-3338-237x132.jpg 237w, https:\/\/www.diarioimagen.net\/wp-content\/uploads\/2018\/04\/CUAUTITLAN-3338.jpg 480w\" sizes=\"auto, (max-width: 460px) 100vw, 460px\" \/><\/a><p id=\"caption-attachment-370568\" class=\"wp-caption-text\">En Cuautitl\u00e1n Izcalli contin\u00faa Operativo Semana Santa 2018 hasta el 6 de abril;\u00a0participan polic\u00edas municipales, \u00a0estatales y federales,\u00a0personal de bomberos y Protecci\u00f3n Civil de la demarcaci\u00f3n, as\u00ed como de la BOM.<\/p><\/div>\n<p>&nbsp;<\/p>\n<p><strong>Cuautitl\u00e1n Izcalli, Estado de M\u00e9xico<\/strong>.- Al menos 300 elementos de la Comisar\u00eda de Seguridad P\u00fablica y Tr\u00e1nsito de Cuautitl\u00e1n Izcalli y la Unidad Municipal de Protecci\u00f3n Civil y Bomberos, con el apoyo de la CES, PF y la BOM, participan en operativo vacacional de Semana Santa 2018 en la demarcaci\u00f3n.\u00a0 El despliegue de seguridad y atenci\u00f3n a la ciudadan\u00eda contin\u00faa esta semana y se prolongar\u00e1 hasta el 6 de abril, cuando retornen los alumnos de educaci\u00f3n b\u00e1sica a clases.<\/p>\n<p>Cabe destacar que los dispositivos de vigilancia realizados en las festividades religiosas de la semana mayor reportaron saldo blanco.<\/p>\n<p>Al Operativo de Semana Santa 2018 se sumaron alrededor de 120 polic\u00edas municipales, bomberos y personal de Protecci\u00f3n Civil; 40 de la Comisi\u00f3n Estatal de Seguridad (CES),\u00a0 30 federales y 70 de la Base de Operaciones Mixtas, para resguardar la integridad f\u00edsica y bienes de los izcallenses, as\u00ed como de los visitantes.<\/p>\n","protected":false},"excerpt":{"rendered":"<p>Al menos 300 elementos de la Comisar\u00eda de Seguridad P\u00fablica y Tr\u00e1nsito de Cuautitl\u00e1n Izcalli y la Unidad Municipal de Protecci\u00f3n Civil y Bomberos, con el apoyo de la CES, PF y la BOM, participan en operativo vacacional de Semana Santa 2018 en la demarcaci\u00f3n.  El despliegue de seguridad y atenci\u00f3n a la ciudadan\u00eda contin\u00faa esta semana y se prolongar\u00e1 hasta el 6 de abril, cuando retornen los alumnos de educaci\u00f3n b\u00e1sica a clases.<\/p>\n","protected":false},"author":3,"featured_media":370568,"comment_status":"open","ping_status":"open","sticky":false,"template":"","format":"standard","meta":{"_monsterinsights_skip_tracking":false,"_monsterinsights_sitenote_active":false,"_monsterinsights_sitenote_note":"","_monsterinsights_sitenote_category":0,"footnotes":""},"categories":[35155],"tags":[971,43675,2406,25489],"class_list":["post-370495","post","type-post","status-publish","format-standard","has-post-thumbnail","hentry","category-estado-de-mexico-estado-de-mexico","tag-cuautitlan-izcalli","tag-estado-de-mexico","tag-semana-santa","tag-vigilancia"],"_links":{"self":[{"href":"https:\/\/www.diarioimagen.net\/index.php?rest_route=\/wp\/v2\/posts\/370495","targetHints":{"allow":["GET"]}}],"collection":[{"href":"https:\/\/www.diarioimagen.net\/index.php?rest_route=\/wp\/v2\/posts"}],"about":[{"href":"https:\/\/www.diarioimagen.net\/index.php?rest_route=\/wp\/v2\/types\/post"}],"author":[{"embeddable":true,"href":"https:\/\/www.diarioimagen.net\/index.php?rest_route=\/wp\/v2\/users\/3"}],"replies":[{"embeddable":true,"href":"https:\/\/www.diarioimagen.net\/index.php?rest_route=%2Fwp%2Fv2%2Fcomments&post=370495"}],"version-history":[{"count":0,"href":"https:\/\/www.diarioimagen.net\/index.php?rest_route=\/wp\/v2\/posts\/370495\/revisions"}],"wp:featuredmedia":[{"embeddable":true,"href":"https:\/\/www.diarioimagen.net\/index.php?rest_route=\/wp\/v2\/media\/370568"}],"wp:attachment":[{"href":"https:\/\/www.diarioimagen.net\/index.php?rest_route=%2Fwp%2Fv2%2Fmedia&parent=370495"}],"wp:term":[{"taxonomy":"category","embeddable":true,"href":"https:\/\/www.diarioimagen.net\/index.php?rest_route=%2Fwp%2Fv2%2Fcategories&post=370495"},{"taxonomy":"post_tag","embeddable":true,"href":"https:\/\/www.diarioimagen.net\/index.php?rest_route=%2Fwp%2Fv2%2Ftags&post=370495"}],"curies":[{"name":"wp","href":"https:\/\/api.w.org\/{rel}","templated":true}]}}