{"id":370530,"date":"2018-04-03T00:05:23","date_gmt":"2018-04-03T05:05:23","guid":{"rendered":"http:\/\/www.diarioimagen.net\/?p=370530"},"modified":"2018-04-03T00:38:51","modified_gmt":"2018-04-03T05:38:51","slug":"naicm-a-volar","status":"publish","type":"post","link":"https:\/\/www.diarioimagen.net\/?p=370530","title":{"rendered":"NAICM, a volar"},"content":{"rendered":"<h2>Desde el portal<\/h2>\n<h5>\u00c1ngel Soriano<\/h5>\n<p>&nbsp;<\/p>\n<p>Al iniciar en Ciudad Ju\u00e1rez su periplo electoral por el pa\u00eds, el abanderado presidencial de la coalici\u00f3n \u201cJuntos Haremos Historia\u201d, Andr\u00e9s Manuel L\u00f3pez Obrador, record\u00f3 que en la \u00e9poca post-revolucionaria (de los a\u00f1os 30 a los 80 del siglo pasado), los gobernantes no se atrevieron a privatizar las tierras ejidales, bosques,\u00a0 playas, ferrocarriles,\u00a0 minas, la industria el\u00e9ctrica, ni mucho menos a enajenar el petr\u00f3leo.<\/p>\n<p>Sin embargo, ahora, en estos aciagos tiempos del neoliberalismo, los gobernantes se han dedicado, como en el porfiriato, a concesionar el territorio y a transferir empresas y bienes p\u00fablicos, e incluso funciones del Estado, a particulares nacionales y extranjeros.<\/p>\n<p>Agreg\u00f3: en estos tiempos, el sistema en su conjunto, ha operado para la corrupci\u00f3n, la corrupci\u00f3n se ha institucionalizado.<\/p>\n<p>No se trata, como antes, de actos delictivos individuales o de una red de complicidades para hacer negocios al amparo de los cargos p\u00fablicos; ahora, la corrupci\u00f3n se ha convertido en la principal funci\u00f3n del poder pol\u00edtico y el encubrimiento, la impunidad y la complicidad son el principal aglutinante de los grupos que se han sucedido en el ejercicio del gobierno, sean del PRI o sean del PAN, es lo que yo llamo la mafia del poder.<\/p>\n<p>Ratific\u00f3 que \u201cvamos a construir dos pistas en la base a\u00e9rea militar de Santa Luc\u00eda para resolver el problema de la saturaci\u00f3n del actual aeropuerto de la Ciudad de M\u00e9xico. Dicho de otra forma y con m\u00e1s claridad, se suspender\u00e1 la construcci\u00f3n del nuevo aeropuerto en el Lago de Texcoco y, con ello, ahorraremos m\u00e1s de 200 mil millones de pesos.<\/p>\n<p>Y ofreci\u00f3 que este proceso se llevar\u00e1 a cabo con estricto apego a la ley, buscando siempre el acuerdo con las compa\u00f1\u00edas a las cuales se les han adjudicado contratos; garantizando el gobierno el pago a los bonos que se han emitido y protegiendo las inversiones de las Afores; es decir, se actuar\u00e1 con legalidad, se dar\u00e1 certidumbre, y no se va a permitir la corrupci\u00f3n.<\/p>\n<p style=\"text-align: center;\"><strong>TURBULENCIAS<br \/>\n<\/strong><strong>No se atiende <\/strong><strong>al campo: CIOAC<\/strong><\/p>\n<p>En el vig\u00e9simo tercer aniversario luctuoso del fundador de la CIOAC, Jos\u00e9 Dolores L\u00f3pez, el secretario general de la Central Independiente de Obreros Agr\u00edcolas y Campesinos,\u00a0 Federico Ovalle Vaquera, asegur\u00f3\u00a0 que ning\u00fan candidato a la Presidencia de la Rep\u00fablica merece el voto ciudadano pues no plantean un cambio de modelo econ\u00f3mico que haga producir los alimentos que demanda la poblaci\u00f3n y disminuir las importaciones, ni garantiza la democracia participativa de las organizaciones sociales pero s\u00ed hace prever que los campesinos e ind\u00edgenas se mantendr\u00e1n como \u201cparias, condenados a la miseria eterna\u201d\u2026El CLI Aniversario de la toma de Puebla, el cabildo de la ciudad de Oaxaca coloc\u00f3 una ofrenda floral en el monumento erigido en honor al general Porfirio D\u00edaz Mori, en la calzada que lleva su nombre en la ciudad-capital. La Batalla del 2 de abril, tuvo lugar del 9 de marzo al 2 de abril de 1867 en las afueras de la ciudad de Puebla entre elementos del Ej\u00e9rcito Mexicano de la rep\u00fablica al mando del General Porfirio D\u00edaz contra las tropas del General Francois Achille Bazaine, al servicio del segundo imperio Mexicano, compuestas de soldados conservadores mexicanos y franceses durante la Segunda Intervenci\u00f3n Francesa en M\u00e9xico\u2026<\/p>\n<p><em><a href=\"http:\/\/www.revista-brecha.com\/\" target=\"_blank\" rel=\"noopener\">www.revista-brecha.com<br \/>\n<\/a><a href=\"mailto:asorianodesdelportalo@hotmail.com\" target=\"_blank\" rel=\"noopener\">asorianodesdelportalo@hotmail.com<\/a><\/em><\/p>\n","protected":false},"excerpt":{"rendered":"<p><span style=\"color: #005497;\"><strong>\u00c1ngel Soriano<\/strong><\/span><\/p>\n","protected":false},"author":3,"featured_media":0,"comment_status":"open","ping_status":"open","sticky":false,"template":"","format":"standard","meta":{"_monsterinsights_skip_tracking":false,"_monsterinsights_sitenote_active":false,"_monsterinsights_sitenote_note":"","_monsterinsights_sitenote_category":0,"footnotes":""},"categories":[135],"tags":[85,86,43674],"class_list":["post-370530","post","type-post","status-publish","format-standard","hentry","category-angel-soriano-opinion","tag-angel-soriano","tag-desde-el-portal","tag-opinion"],"_links":{"self":[{"href":"https:\/\/www.diarioimagen.net\/index.php?rest_route=\/wp\/v2\/posts\/370530","targetHints":{"allow":["GET"]}}],"collection":[{"href":"https:\/\/www.diarioimagen.net\/index.php?rest_route=\/wp\/v2\/posts"}],"about":[{"href":"https:\/\/www.diarioimagen.net\/index.php?rest_route=\/wp\/v2\/types\/post"}],"author":[{"embeddable":true,"href":"https:\/\/www.diarioimagen.net\/index.php?rest_route=\/wp\/v2\/users\/3"}],"replies":[{"embeddable":true,"href":"https:\/\/www.diarioimagen.net\/index.php?rest_route=%2Fwp%2Fv2%2Fcomments&post=370530"}],"version-history":[{"count":0,"href":"https:\/\/www.diarioimagen.net\/index.php?rest_route=\/wp\/v2\/posts\/370530\/revisions"}],"wp:attachment":[{"href":"https:\/\/www.diarioimagen.net\/index.php?rest_route=%2Fwp%2Fv2%2Fmedia&parent=370530"}],"wp:term":[{"taxonomy":"category","embeddable":true,"href":"https:\/\/www.diarioimagen.net\/index.php?rest_route=%2Fwp%2Fv2%2Fcategories&post=370530"},{"taxonomy":"post_tag","embeddable":true,"href":"https:\/\/www.diarioimagen.net\/index.php?rest_route=%2Fwp%2Fv2%2Ftags&post=370530"}],"curies":[{"name":"wp","href":"https:\/\/api.w.org\/{rel}","templated":true}]}}