{"id":370540,"date":"2018-04-03T00:10:07","date_gmt":"2018-04-03T05:10:07","guid":{"rendered":"http:\/\/www.diarioimagen.net\/?p=370540"},"modified":"2018-04-03T06:38:30","modified_gmt":"2018-04-03T11:38:30","slug":"el-riesgo-de-pepe-meade","status":"publish","type":"post","link":"https:\/\/www.diarioimagen.net\/?p=370540","title":{"rendered":"El riesgo de Pepe Meade"},"content":{"rendered":"<h2>De frente y de perfil<\/h2>\n<h5>Ram\u00f3n Zurita Sahag\u00fan<\/h5>\n<p>&nbsp;<\/p>\n<div id=\"attachment_370601\" style=\"width: 470px\" class=\"wp-caption aligncenter\"><a href=\"http:\/\/www.diarioimagen.net\/?attachment_id=370601\" rel=\"attachment wp-att-370601\"><img loading=\"lazy\" decoding=\"async\" aria-describedby=\"caption-attachment-370601\" class=\"size-large wp-image-370601\" src=\"http:\/\/www.diarioimagen.net\/wp-content\/uploads\/2018\/04\/ZURITA-3338-460x259.jpg\" alt=\"\" width=\"460\" height=\"259\" srcset=\"https:\/\/www.diarioimagen.net\/wp-content\/uploads\/2018\/04\/ZURITA-3338-460x259.jpg 460w, https:\/\/www.diarioimagen.net\/wp-content\/uploads\/2018\/04\/ZURITA-3338-240x135.jpg 240w, https:\/\/www.diarioimagen.net\/wp-content\/uploads\/2018\/04\/ZURITA-3338-235x132.jpg 235w, https:\/\/www.diarioimagen.net\/wp-content\/uploads\/2018\/04\/ZURITA-3338-202x114.jpg 202w, https:\/\/www.diarioimagen.net\/wp-content\/uploads\/2018\/04\/ZURITA-3338-350x196.jpg 350w, https:\/\/www.diarioimagen.net\/wp-content\/uploads\/2018\/04\/ZURITA-3338-220x123.jpg 220w, https:\/\/www.diarioimagen.net\/wp-content\/uploads\/2018\/04\/ZURITA-3338-237x132.jpg 237w, https:\/\/www.diarioimagen.net\/wp-content\/uploads\/2018\/04\/ZURITA-3338.jpg 480w\" sizes=\"auto, (max-width: 460px) 100vw, 460px\" \/><\/a><p id=\"caption-attachment-370601\" class=\"wp-caption-text\">No fue un buen inicio el de anteayer en M\u00e9rida para el abanderado del PRI, Jos\u00e9 Antonio Meade, con todo y lo cuidadosos que fueron los organizadores.<\/p><\/div>\n<p>&nbsp;<\/p>\n<p>El riesgo lo tom\u00f3 \u201cPepe Mid\u201d ir a Yucat\u00e1n, una entidad sumamente conservadora en pleno domingo de resurrecci\u00f3n, ya que se trata del \u00fanico estado (hasta ahora) en que el PRI puede salir con la gubernatura en la bolsa.<\/p>\n<p>Mauricio Sahu\u00ed Rivero, el candidato tricolor se encuentra unos pocos puntos arriba del panista Mauricio Vila Dosal, en algunas encuestas y empatado en otras m\u00e1s.<\/p>\n<p>El simbolismo de los pri\u00edstas va m\u00e1s all\u00e1 de que ah\u00ed se dar\u00e1 el inicio de la resurrecci\u00f3n de su candidato presidencial, quien arranca alejado del primer lugar en las encuestas preferenciales.<\/p>\n<p>Jos\u00e9 Antonio Meade Kuribre\u00f1a sabe que la ruta en que inicia su periplo presidencial es similar a la de Josefina V\u00e1zquez Mota, ser el candidato del partido en el gobierno e irse hasta el tercer lugar en las preferencias electorales.<\/p>\n<p>Los augurios y vaticinios no aportan noticias favorables para el candidato que representa al PRI en los comicios presidenciales y el principio de la campa\u00f1a formal, solamente lo ratifica.<\/p>\n<p>No fue un buen inicio el de ayer en M\u00e9rida para el abanderado del partido tricolor, con todo y lo cuidadosos que fueron los organizadores.<\/p>\n<p>El sitio elegido fue inmejorable, un Centro de Convenciones para diez mil personas, ni muchas ni pocas, pero lejano de los lugares y formas en que acostumbra el partido en el poder.<\/p>\n<p>Sin embargo, el recinto no pudo llenarse, pero tampoco se recurri\u00f3 a los tradicionales acarreos, ya que los yucatecos son tradicionales a sus costumbres.<\/p>\n<p>Los d\u00edas de guardar, especialmente los de Semana Santa, \u00a0decenas de miles de ellos \u00a0se trasladan a las playas o, simplemente, guardan reposo, por lo que es dif\u00edcil que acudan a un evento masivo y menos pol\u00edtico.<\/p>\n<p>Claro que los priistas como siempre tienen sus artima\u00f1as y un acto un poco desangelado fue movido por una frase lanzada desde las tribunas: \u201cching\u00f3n\u201d, algo inusual para los yucatecos que provoc\u00f3 aplausos al por mayor.<\/p>\n<p>El momento elegido para lanzar dicha palabra fue cuando Meade Kuribre\u00f1a expon\u00eda los puntos principales de su discurso, lo que denot\u00f3 que el personaje en cuesti\u00f3n fue sembrado, ya que aprovech\u00f3 una pausa del orador.<\/p>\n<p>Seg\u00fan \u201cPepe Mid\u201d la estrategia de campa\u00f1a conlleva iniciar en una pen\u00ednsula y terminar en la otra, es decir de sur a norte, para atravesar todo el pa\u00eds en busca del voto que le permita remontar la desventaja que lleva y convencer a los ciudadanos de ser la mejor opci\u00f3n.<\/p>\n<p>De acuerdo con los pron\u00f3sticos le ser\u00e1 sumamente dif\u00edcil convencer a un electorado que en forma creciente condena la forma de actuar del actual gobierno, la corrupci\u00f3n galopante, los excesos de varios de los componentes del primer c\u00edrculo del poder y la apat\u00eda y desidia para actuar en contra de ellos.<\/p>\n<p>El deterioro del pri\u00edsmo ha sido perceptible en los comicios ocurridos en 2015 y 2016, en que las cifras no le han sido favorables, especialmente en lo referente a los gobiernos estatales.<\/p>\n<p>Hace dos a\u00f1os, los priistas perdieron estados emblemas, en los que jam\u00e1s hab\u00edan sucumbido como Veracruz, Durango, Quintana Roo y Tamaulipas, adem\u00e1s de otros como Puebla y Chihuahua.<\/p>\n<p>En total fueron siete de doce entidades en las que se renovaron poderes, las que perdi\u00f3 el partido tricolor y aunque conserv\u00f3 la joya de la corona (Estado de M\u00e9xico) un a\u00f1o despu\u00e9s, las cosas no han sido favorables para ellos.<\/p>\n<p>Con las campa\u00f1as electorales en marcha, \u201cPepe Mid\u201d deber\u00e1 redoblar esfuerzos, ya que los n\u00fameros no operan a su favor y sigue estando demasiado alejado del primer lugar.<\/p>\n<p>De continuar con esas tendencias, se repetir\u00eda el fen\u00f3meno de que por dos elecciones presidenciales seguidas, el candidato del partido en el poder sea destinado al tercer lugar del proceso electoral.<\/p>\n<p>Hace seis a\u00f1os le correspondi\u00f3 a Josefina V\u00e1zquez Mota ese honor, en esta ocasi\u00f3n las predicciones hacen sentir lo mismo, aunque el abanderado del PRI y sus operadores cuentan con las armas necesarias para revertir la tendencia.<\/p>\n<p>El PRI solamente en una ocasi\u00f3n fue relegado al tercer lugar y fue en 2006, cuando Roberto Madrazo Pintado qued\u00f3 en ese sitio, al utilizarse por vez primera el llamado voto \u00fatil que favoreci\u00f3 al entonces candidato del PAN, Felipe Calder\u00f3n Hinojosa.<\/p>\n<p>Ahora habr\u00e1 que ver el primero de julio si el voto \u00fatil es nuevamente el m\u00e9todo recurrente que incline la balanza a favor de uno de los dos punteros.<\/p>\n<p style=\"text-align: center;\"><strong>Sondeos en Yucat\u00e1n<\/strong><\/p>\n<p>Yucat\u00e1n es una entidad en que la alternancia se ha dado en dos ocasiones, primero con el PAN ascendiendo al poder con Patricio Patr\u00f3n Laviada y seis a\u00f1os despu\u00e9s con Ivonne Ortega Pacheco, regresando al PRI al gobierno estatal.<\/p>\n<p>Lo dem\u00e1s ha correspondido a administraciones pri\u00edstas que en 88 a\u00f1os ha dominado el gobierno estatal, con esa sola excepci\u00f3n.<\/p>\n<p>En los comicios del primero de julio, las apuestas corren pareja para el candidato del PRI (partido en el poder), Mauricio Sahu\u00ed Rivero y el del PAN, Mauricio Vila Dosal (alcalde con licencia de M\u00e9rida).<\/p>\n<p>Seg\u00fan los decires de los yucatecos, a Vila Dosal le har\u00e1 gran da\u00f1o la salida de Joaqu\u00edn D\u00edaz Mena del partido blanquiazul y convertirse en candidato de Morena al gobierno estatal.<\/p>\n<p>Esa, aseguran podr\u00edan ser la diferencia que inclinara la balanza de los votos a favor del candidato priista Mauricio Sahu\u00ed.<\/p>\n<p>La otra situaci\u00f3n que pudiera operar a favor de uno u otro son los candidatos de cada uno en M\u00e9rida, donde se concentra la mayor parte del electorado (m\u00e1s del 40 por ciento del padr\u00f3n).<\/p>\n<p>Como tercera situaci\u00f3n se encuentra el regionalismo yucateco, donde a Vila Dosal le puede pesar el no ser oriundo del estado.<\/p>\n<p><em><a href=\"mailto:ramonzurita44@hotmail.com\" target=\"_blank\" rel=\"noopener\">ramonzurita44@hotmail.com<\/a><\/em><br \/>\n<a href=\"mailto:%20zurita_sahagun@hotmail.com\" target=\"_blank\" rel=\"noopener\"><em>zurita_sahagun@hotmail.com<\/em><\/a><\/p>\n","protected":false},"excerpt":{"rendered":"<p><span style=\"color: #005497;\"><strong>Ram\u00f3n Zurita Sahag\u00fan<\/strong><\/span><br \/>\n<br \/>\nEl riesgo lo tom\u00f3 \u201cPepe Mid\u201d ir a Yucat\u00e1n, una entidad sumamente conservadora en pleno domingo de resurrecci\u00f3n, ya que se trata del \u00fanico estado (hasta ahora) en que el PRI puede salir con la gubernatura en la bolsa.<\/p>\n","protected":false},"author":3,"featured_media":370601,"comment_status":"open","ping_status":"open","sticky":false,"template":"","format":"standard","meta":{"_monsterinsights_skip_tracking":false,"_monsterinsights_sitenote_active":false,"_monsterinsights_sitenote_note":"","_monsterinsights_sitenote_category":0,"footnotes":""},"categories":[234],"tags":[304,43674,43687],"class_list":["post-370540","post","type-post","status-publish","format-standard","has-post-thumbnail","hentry","category-ramon-zurita-sahagun","tag-de-frente-y-de-perfil","tag-opinion","tag-ramon-zurita-sahagun"],"_links":{"self":[{"href":"https:\/\/www.diarioimagen.net\/index.php?rest_route=\/wp\/v2\/posts\/370540","targetHints":{"allow":["GET"]}}],"collection":[{"href":"https:\/\/www.diarioimagen.net\/index.php?rest_route=\/wp\/v2\/posts"}],"about":[{"href":"https:\/\/www.diarioimagen.net\/index.php?rest_route=\/wp\/v2\/types\/post"}],"author":[{"embeddable":true,"href":"https:\/\/www.diarioimagen.net\/index.php?rest_route=\/wp\/v2\/users\/3"}],"replies":[{"embeddable":true,"href":"https:\/\/www.diarioimagen.net\/index.php?rest_route=%2Fwp%2Fv2%2Fcomments&post=370540"}],"version-history":[{"count":0,"href":"https:\/\/www.diarioimagen.net\/index.php?rest_route=\/wp\/v2\/posts\/370540\/revisions"}],"wp:featuredmedia":[{"embeddable":true,"href":"https:\/\/www.diarioimagen.net\/index.php?rest_route=\/wp\/v2\/media\/370601"}],"wp:attachment":[{"href":"https:\/\/www.diarioimagen.net\/index.php?rest_route=%2Fwp%2Fv2%2Fmedia&parent=370540"}],"wp:term":[{"taxonomy":"category","embeddable":true,"href":"https:\/\/www.diarioimagen.net\/index.php?rest_route=%2Fwp%2Fv2%2Fcategories&post=370540"},{"taxonomy":"post_tag","embeddable":true,"href":"https:\/\/www.diarioimagen.net\/index.php?rest_route=%2Fwp%2Fv2%2Ftags&post=370540"}],"curies":[{"name":"wp","href":"https:\/\/api.w.org\/{rel}","templated":true}]}}