{"id":370626,"date":"2018-04-04T00:11:34","date_gmt":"2018-04-04T05:11:34","guid":{"rendered":"http:\/\/www.diarioimagen.net\/?p=370626"},"modified":"2018-04-04T05:16:49","modified_gmt":"2018-04-04T10:16:49","slug":"margarita-zavala-promete-regresar-la-seguridad-a-tierra-caliente","status":"publish","type":"post","link":"https:\/\/www.diarioimagen.net\/?p=370626","title":{"rendered":"Margarita promete regresar seguridad a Tierra Caliente"},"content":{"rendered":"<ul>\n<li><em><strong>Con un mayor desarrollo econ\u00f3mico de la zona<\/strong><\/em><\/li>\n<\/ul>\n<p>&nbsp;<\/p>\n<div id=\"attachment_370738\" style=\"width: 470px\" class=\"wp-caption aligncenter\"><a href=\"http:\/\/www.diarioimagen.net\/?attachment_id=370738\" rel=\"attachment wp-att-370738\"><img loading=\"lazy\" decoding=\"async\" aria-describedby=\"caption-attachment-370738\" class=\"size-large wp-image-370738\" src=\"http:\/\/www.diarioimagen.net\/wp-content\/uploads\/2018\/04\/zavala-3339-460x259.jpg\" alt=\"\" width=\"460\" height=\"259\" srcset=\"https:\/\/www.diarioimagen.net\/wp-content\/uploads\/2018\/04\/zavala-3339-460x259.jpg 460w, https:\/\/www.diarioimagen.net\/wp-content\/uploads\/2018\/04\/zavala-3339-240x135.jpg 240w, https:\/\/www.diarioimagen.net\/wp-content\/uploads\/2018\/04\/zavala-3339-235x132.jpg 235w, https:\/\/www.diarioimagen.net\/wp-content\/uploads\/2018\/04\/zavala-3339-202x114.jpg 202w, https:\/\/www.diarioimagen.net\/wp-content\/uploads\/2018\/04\/zavala-3339-350x196.jpg 350w, https:\/\/www.diarioimagen.net\/wp-content\/uploads\/2018\/04\/zavala-3339-220x123.jpg 220w, https:\/\/www.diarioimagen.net\/wp-content\/uploads\/2018\/04\/zavala-3339-237x132.jpg 237w, https:\/\/www.diarioimagen.net\/wp-content\/uploads\/2018\/04\/zavala-3339.jpg 480w\" sizes=\"auto, (max-width: 460px) 100vw, 460px\" \/><\/a><p id=\"caption-attachment-370738\" class=\"wp-caption-text\">Margarita Zavala G\u00f3mez del Campo afirm\u00f3 que de llegar a ser presidenta devolver\u00e1 la seguridad a Tierra Caliente.<\/p><\/div>\n<p>&nbsp;<\/p>\n<p>La aspirante independiente al Ejecutivo federal, Margarita Zavala G\u00f3mez del Campo, inform\u00f3 que de llegar a ser presidenta devolver\u00e1 la seguridad a Tierra Caliente, con lo que incrementar\u00e1 el desarrollo econ\u00f3mico de la zona.<\/p>\n<p>Lo anterior, durante una reuni\u00f3n con ciudadanos en la que la aspirante afirm\u00f3 que la regi\u00f3n, que conforman municipios del estado de Michoac\u00e1n, Guerrero y del Estado de M\u00e9xico, ser\u00e1 de nuevo conocida por su agricultura, por el comercio y por sus artesan\u00edas, no por la inseguridad.<\/p>\n<p>Afirm\u00f3 en Ciudad Altamirano que a la regi\u00f3n le bastaba con el fortalecimiento del mercado interno \u201cpero desgraciadamente lo que ha permeado es la inseguridad y la enorme corrupci\u00f3n\u201d, situaciones que han permitido la extorsi\u00f3n a los ciudadanos.<\/p>\n<p>Dijo que castigar a los delincuentes es una de las principales diferencias que tiene con el candidato de la coalici\u00f3n Juntos Haremos Historia, Andr\u00e9s Manuel L\u00f3pez Obrador, toda vez que \u201cellos afectan a los m\u00e1s pobres y han robado las calles, los trabajos, la posibilidad de empleo y el futuro de nuestros hijos\u201d.<\/p>\n<p>Zavala G\u00f3mez del Campo tambi\u00e9n se comprometi\u00f3 a fortalecer el Instituto Nacional de Evaluaci\u00f3n Educativa, a fin de incrementar la calidad de la educaci\u00f3n y con ello reducir la brecha de desigualdad.<\/p>\n<p>Abund\u00f3 que durante 26 a\u00f1os ha sido maestra de \u00adpreparatoria, experiencia que le ha permitido conocer las necesidades de los docentes y la importancia de la calidad educativa para garantizar el futuro de los j\u00f3venes, para lo que dijo, es fundamental la infraestructura.<\/p>\n<p>Expuso que como presidenta le devolver\u00e1 los valores a la pol\u00edtica \u201chablar de respeto, de honestidad, de servicio al pr\u00f3jimo&#8230; porque s\u00ed importa que el presidente o presidenta de la Rep\u00fablica tenga valores y se acompa\u00f1e de gente honesta\u201d.<\/p>\n<p>De acuerdo con su plataforma pol\u00edtica, uno de sus ejes es fortalecer al sistema de justicia con la creaci\u00f3n de un nuevo sistema nacional que reafirme las estructuras de impartici\u00f3n en todos los \u00f3rdenes de gobierno a trav\u00e9s de la dignificaci\u00f3n, la profesionalizaci\u00f3n y el rigor para la contrataci\u00f3n y la promoci\u00f3n de los servidores p\u00fablicos de las instituciones de seguridad y justicia.<\/p>\n<p style=\"text-align: center;\"><strong>Estrena autob\u00fas<\/strong><\/p>\n<p>La aspirante presidencial por la v\u00eda independiente, Margarita Zavala, estren\u00f3 este martes el autob\u00fas que utilizar\u00e1 en su campa\u00f1a en los recorridos cercanos a la capital del pa\u00eds.<\/p>\n<p>\u201c\u00a1Woooooow!\u201d, expres\u00f3 Margarita Zavala al ver llegar su nuevo autob\u00fas a su casa de campa\u00f1a en la calle de San Francisco 310 en la colonia Del Valle.<\/p>\n<p>Margarita Zavala har\u00e1 su primer recorrido fuera de la Ciudad de M\u00e9xico en este veh\u00edculo a Ciudad Altamirano, Guerrero, donde tuvo un evento a las 11 de la ma\u00f1ana con mujeres productoras.<\/p>\n<p>Margarita Zavala inmediatamente sac\u00f3 su celular y le tom\u00f3 varias fotos, adem\u00e1s de una selfie con su equipo de campa\u00f1a, quienes la acompa\u00f1an en esta gira.<\/p>\n<p>Margarita Zavala dijo que a\u00fan no ten\u00eda nombre, y se acomod\u00f3 en los \u00faltimos asientos del autob\u00fas.<\/p>\n<p>El r\u00f3tulo del autob\u00fas dice: Margarita Zavala, Presidenta 2018\u201d.<\/p>\n<p>Cabe recordar que en el 2006, su marido Felipe Calder\u00f3n tambi\u00e9n utiliz\u00f3 un autob\u00fas para sus giras cuando fue candidato presidencial y a ese veh\u00edculo lo bautiz\u00f3 como \u201cEl Hijo Desobediente\u201d.<\/p>\n","protected":false},"excerpt":{"rendered":"<p>La aspirante independiente al Ejecutivo federal, Margarita Zavala G\u00f3mez del Campo, inform\u00f3 que de llegar a ser presidenta devolver\u00e1 la seguridad a Tierra Caliente, con lo que incrementar\u00e1<\/p>\n","protected":false},"author":5,"featured_media":370738,"comment_status":"open","ping_status":"open","sticky":false,"template":"","format":"standard","meta":{"_monsterinsights_skip_tracking":false,"_monsterinsights_sitenote_active":false,"_monsterinsights_sitenote_note":"","_monsterinsights_sitenote_category":0,"footnotes":""},"categories":[3],"tags":[1352,72262,3244,69000,72261,13639,803,43673,12958],"class_list":["post-370626","post","type-post","status-publish","format-standard","has-post-thumbnail","hentry","category-nacional","tag-andres-manuel-lopez-obrador","tag-economico-de-la-zona","tag-guerrero","tag-juntos-haremos-historia","tag-margarita-zavala-gomez","tag-margarita-zavala-gomez-del-campo","tag-michoacan","tag-nacional","tag-tierra-caliente"],"_links":{"self":[{"href":"https:\/\/www.diarioimagen.net\/index.php?rest_route=\/wp\/v2\/posts\/370626","targetHints":{"allow":["GET"]}}],"collection":[{"href":"https:\/\/www.diarioimagen.net\/index.php?rest_route=\/wp\/v2\/posts"}],"about":[{"href":"https:\/\/www.diarioimagen.net\/index.php?rest_route=\/wp\/v2\/types\/post"}],"author":[{"embeddable":true,"href":"https:\/\/www.diarioimagen.net\/index.php?rest_route=\/wp\/v2\/users\/5"}],"replies":[{"embeddable":true,"href":"https:\/\/www.diarioimagen.net\/index.php?rest_route=%2Fwp%2Fv2%2Fcomments&post=370626"}],"version-history":[{"count":0,"href":"https:\/\/www.diarioimagen.net\/index.php?rest_route=\/wp\/v2\/posts\/370626\/revisions"}],"wp:featuredmedia":[{"embeddable":true,"href":"https:\/\/www.diarioimagen.net\/index.php?rest_route=\/wp\/v2\/media\/370738"}],"wp:attachment":[{"href":"https:\/\/www.diarioimagen.net\/index.php?rest_route=%2Fwp%2Fv2%2Fmedia&parent=370626"}],"wp:term":[{"taxonomy":"category","embeddable":true,"href":"https:\/\/www.diarioimagen.net\/index.php?rest_route=%2Fwp%2Fv2%2Fcategories&post=370626"},{"taxonomy":"post_tag","embeddable":true,"href":"https:\/\/www.diarioimagen.net\/index.php?rest_route=%2Fwp%2Fv2%2Ftags&post=370626"}],"curies":[{"name":"wp","href":"https:\/\/api.w.org\/{rel}","templated":true}]}}