{"id":370656,"date":"2018-04-04T00:07:47","date_gmt":"2018-04-04T05:07:47","guid":{"rendered":"http:\/\/www.diarioimagen.net\/?p=370656"},"modified":"2018-04-05T00:42:08","modified_gmt":"2018-04-05T05:42:08","slug":"amlo-responde-a-trump-no-nos-va-a-apantallar","status":"publish","type":"post","link":"https:\/\/www.diarioimagen.net\/?p=370656","title":{"rendered":"AMLO responde a Trump: no nos va a apantallar"},"content":{"rendered":"<ul>\n<li><strong><em>\u201cNo hay todav\u00eda nada que preocupe a nuestro pa\u00eds\u201d<\/em><\/strong><\/li>\n<\/ul>\n<p>&nbsp;<\/p>\n<div id=\"attachment_370730\" style=\"width: 470px\" class=\"wp-caption aligncenter\"><a href=\"http:\/\/www.diarioimagen.net\/?attachment_id=370730\" rel=\"attachment wp-att-370730\"><img loading=\"lazy\" decoding=\"async\" aria-describedby=\"caption-attachment-370730\" class=\"wp-image-370730 size-large\" src=\"http:\/\/www.diarioimagen.net\/wp-content\/uploads\/2018\/04\/AMLO-3339-460x259.jpg\" alt=\"\" width=\"460\" height=\"259\" srcset=\"https:\/\/www.diarioimagen.net\/wp-content\/uploads\/2018\/04\/AMLO-3339-460x259.jpg 460w, https:\/\/www.diarioimagen.net\/wp-content\/uploads\/2018\/04\/AMLO-3339-240x135.jpg 240w, https:\/\/www.diarioimagen.net\/wp-content\/uploads\/2018\/04\/AMLO-3339-235x132.jpg 235w, https:\/\/www.diarioimagen.net\/wp-content\/uploads\/2018\/04\/AMLO-3339-202x114.jpg 202w, https:\/\/www.diarioimagen.net\/wp-content\/uploads\/2018\/04\/AMLO-3339-350x196.jpg 350w, https:\/\/www.diarioimagen.net\/wp-content\/uploads\/2018\/04\/AMLO-3339-220x123.jpg 220w, https:\/\/www.diarioimagen.net\/wp-content\/uploads\/2018\/04\/AMLO-3339-237x132.jpg 237w, https:\/\/www.diarioimagen.net\/wp-content\/uploads\/2018\/04\/AMLO-3339.jpg 480w\" sizes=\"auto, (max-width: 460px) 100vw, 460px\" \/><\/a><p id=\"caption-attachment-370730\" class=\"wp-caption-text\">Andr\u00e9s Manuel L\u00f3pez Obrador convoc\u00f3 a la poblaci\u00f3n a participar de manera pac\u00edfica en la transformaci\u00f3n del pa\u00eds.<\/p><\/div>\n<p>&nbsp;<\/p>\n<p>Andr\u00e9s Manuel L\u00f3pez Obrador, candidato presidencial de la coalici\u00f3n Juntos Haremos Historia, asegur\u00f3 que Donald Trump \u201cno nos va a apantallar\u201d con su amenaza de mandar militares a la frontera con M\u00e9xico.<\/p>\n<p>En el municipio de San Pedro de las Colonias, Coahuila, calific\u00f3 de propaganda pol\u00edtica el tuit que public\u00f3 ayer Trump, pues dijo que \u201cya prob\u00f3 que obtiene simpat\u00edas con ciertos sectores de Estados Unidos amenazando a M\u00e9xico\u201d.<\/p>\n<p>\u201cVamos a estar nosotros con mucha prudencia, la verdad les digo, no nos van a apantallar, M\u00e9xico, ya lo dije y lo repito, y su pueblo no van a ser pi\u00f1ata de ning\u00fan gobierno extranjero.<\/p>\n<p>\u201cNo es con muros ni militarizando la frontera como se resuelven los problemas de migraci\u00f3n y de inseguridad, es con desarrollo, es atendiendo las necesidades de los pueblos como se puede obtener la paz y la tranquilidad\u201d, enfatiz\u00f3.<\/p>\n<p>Luego de un mitin en dicho municipio, el abanderado presidencial de Morena, PT y PES resalt\u00f3 que hasta el momento s\u00f3lo es una \u201cdeclaraci\u00f3n, una amenaza\u201d de Trump, por lo que \u201cno hay todav\u00eda nada que preocupe a nuestro pa\u00eds\u201d.<\/p>\n<p>El tabas que\u00f1o asever\u00f3 que si Trump insiste en la construcci\u00f3n del muro y en desplegar militares en toda la frontera, \u00e9l le contestar\u00eda con una cadena humana.<\/p>\n<p>\u201cEn son de paz, nosotros los mexicanos nos manifestar\u00edamos en toda la frontera vestidos de blanco, miles de mexicanos a lo largo de los 3 mil 185 kil\u00f3metros de frontera con Estados Unidos\u201d.<\/p>\n<p>Por lo que L\u00f3pez Obrador le exigi\u00f3 al presidente estadunidense no abusar, no ofender a \u201cnuestro pueblo\u201d y actuar como jefe de Estado.<\/p>\n<p>\u201cPoco a poco vamos a ir haciendo entender al presidente Donald Trump que es equivocada su pol\u00edtica antimexicana, que es mejor conseguir un acuerdo de buena vecindad, que debemos de tener relaciones de amistad y de respeto mutuo, de cooperaci\u00f3n para el desarrollo, no balandronadas, no amenazas, no el uso de la fuerza, no la pol\u00edtica de muros, sino buscar el entendimiento mediante la cooperaci\u00f3n para el desarrollo\u201d.<\/p>\n<p style=\"text-align: center;\"><strong>Ofrece apoyo efectivo al campo<\/strong><\/p>\n<p>En su tercer d\u00eda de campa\u00f1a, L\u00f3pez Obrador destac\u00f3 que durante su gobierno se dar\u00e1 un apoyo efectivo al campo mexicano y sus actividades productivas, al tiempo que se\u00f1al\u00f3 que se aumentar\u00e1 el jornal de los campesinos.<\/p>\n<p>\u201cVamos a rescatar al campo del abandono en que se encuentra. Se van a rescatar los ejidos de La Laguna; ya como presidente voy a regresar a La Laguna, porque vamos a iniciar el programa de desarrollo; atender el problema de falta de agua\u201d, ofreci\u00f3.<\/p>\n<p>Abund\u00f3 que esta no ser\u00e1 una elecci\u00f3n como las anteriores, \u201cno es el qu\u00edtate t\u00fa porque quiero yo; vamos a llevar a cabo entre todos, desde abajo, de manera pac\u00edfica una transformaci\u00f3n\u201d.<\/p>\n<p>Durante un mitin en San Pedro de las Colonias, tierra donde Francisco I. Madero escribi\u00f3 su obra \u201cLa sucesi\u00f3n presidencial de 1910\u201d, explic\u00f3 que su intenci\u00f3n es la de \u201cseguir los pasos, quiero seguir el ejemplo de tres grandes presidentes: Benito Ju\u00e1rez, Francisco I. Madero y el General L\u00e1zaro C\u00e1rdenas del R\u00edo\u201d.<\/p>\n<p>En M\u00e9xico, que el pueblo elija efectivamente a sus gobernantes es una asignatura que a\u00fan est\u00e1 pendiente, consider\u00f3, y propuso terminar con lo que llam\u00f3 \u201ctraficar con el hambre, con la necesidad\u201d, y terminar con los fraudes electorales.<\/p>\n<p>En este sentido, asegur\u00f3 que en su gobierno no habr\u00e1 m\u00e1s \u201cgasolinazos\u201d, \u201ces un compromiso\u201d, adem\u00e1s de terminar con todos los lujos en el gobierno y ganar la mitad del sueldo actual del presidente de la Rep\u00fablica.<\/p>\n<p>Andr\u00e9s Manuel L\u00f3pez Obrador, candidato presidencial de la coalici\u00f3n \u201cJuntos Haremos Historia\u201d, asegur\u00f3 este martes que sus ofertas de campa\u00f1a ser\u00e1n financiadas con el recorte a los privilegios de la burocracia.<\/p>\n<p>Durante el mitin, el tabasque\u00f1o destac\u00f3 que habr\u00e1 recursos para mantener los programas que ofrece.<\/p>\n","protected":false},"excerpt":{"rendered":"<p>Andr\u00e9s Manuel L\u00f3pez Obrador, candidato presidencial de la coalici\u00f3n Juntos Haremos Historia, asegur\u00f3 que Donald Trump \u201cno nos va a apantallar\u201d con su amenaza de mandar militares a la frontera con M\u00e9xico.<\/p>\n","protected":false},"author":3,"featured_media":370730,"comment_status":"open","ping_status":"open","sticky":false,"template":"","format":"standard","meta":{"_monsterinsights_skip_tracking":false,"_monsterinsights_sitenote_active":false,"_monsterinsights_sitenote_note":"","_monsterinsights_sitenote_category":0,"footnotes":""},"categories":[3],"tags":[1352,41813,43673],"class_list":["post-370656","post","type-post","status-publish","format-standard","has-post-thumbnail","hentry","category-nacional","tag-andres-manuel-lopez-obrador","tag-donald-trump","tag-nacional"],"_links":{"self":[{"href":"https:\/\/www.diarioimagen.net\/index.php?rest_route=\/wp\/v2\/posts\/370656","targetHints":{"allow":["GET"]}}],"collection":[{"href":"https:\/\/www.diarioimagen.net\/index.php?rest_route=\/wp\/v2\/posts"}],"about":[{"href":"https:\/\/www.diarioimagen.net\/index.php?rest_route=\/wp\/v2\/types\/post"}],"author":[{"embeddable":true,"href":"https:\/\/www.diarioimagen.net\/index.php?rest_route=\/wp\/v2\/users\/3"}],"replies":[{"embeddable":true,"href":"https:\/\/www.diarioimagen.net\/index.php?rest_route=%2Fwp%2Fv2%2Fcomments&post=370656"}],"version-history":[{"count":0,"href":"https:\/\/www.diarioimagen.net\/index.php?rest_route=\/wp\/v2\/posts\/370656\/revisions"}],"wp:featuredmedia":[{"embeddable":true,"href":"https:\/\/www.diarioimagen.net\/index.php?rest_route=\/wp\/v2\/media\/370730"}],"wp:attachment":[{"href":"https:\/\/www.diarioimagen.net\/index.php?rest_route=%2Fwp%2Fv2%2Fmedia&parent=370656"}],"wp:term":[{"taxonomy":"category","embeddable":true,"href":"https:\/\/www.diarioimagen.net\/index.php?rest_route=%2Fwp%2Fv2%2Fcategories&post=370656"},{"taxonomy":"post_tag","embeddable":true,"href":"https:\/\/www.diarioimagen.net\/index.php?rest_route=%2Fwp%2Fv2%2Ftags&post=370656"}],"curies":[{"name":"wp","href":"https:\/\/api.w.org\/{rel}","templated":true}]}}