{"id":370670,"date":"2018-04-04T00:01:45","date_gmt":"2018-04-04T05:01:45","guid":{"rendered":"http:\/\/www.diarioimagen.net\/?p=370670"},"modified":"2018-04-04T04:44:33","modified_gmt":"2018-04-04T09:44:33","slug":"hoteles-city-express-incrementa-su-oferta-en-el-estado-de-puebla-al-abrir-su-octava-propiedad-en-atlixco","status":"publish","type":"post","link":"https:\/\/www.diarioimagen.net\/?p=370670","title":{"rendered":"<em>Hoteles City Express<\/em> incrementa su oferta en el estado de Puebla, al abrir su octava propiedad en Atlixco"},"content":{"rendered":"<h2>De cinco estrellas<\/h2>\n<h5>Victoria Gonz\u00e1lez Prado<\/h5>\n<p>&nbsp;<\/p>\n<p><strong>\u00a0<\/strong><\/p>\n<ul>\n<li><strong><em>Nueva ruta Madrid-Venecia de <\/em>Air Europa<em>, inici\u00f3 operaciones en un Embraer 195 y 100 por ciento de ocupaci\u00f3n<\/em><\/strong><\/li>\n<li><strong><em>Guangzhou, China, abre su primer Centro de Promoci\u00f3n Tur\u00edstica en M\u00e9xico, en colaboraci\u00f3n con <\/em>China Southern Airlines<\/strong><\/li>\n<li><strong><em>El <\/em>Festival Maridando M\u00e9xico<em>, en su primera edici\u00f3n del a\u00f1o, se realizar\u00e1 el 21 de abril en el <\/em>Hotel Misi\u00f3n Comanjilla<em> (Silao)<\/em><\/strong><\/li>\n<li><strong>American Airlines<em> ofrecer\u00e1 un vuelo diario entre el Aeropuerto Internacional Xoxocotl\u00e1n, Oaxaca y el Aeropuerto Internacional de Dallas\/Fort Worth<\/em><\/strong><\/li>\n<\/ul>\n<p>&nbsp;<\/p>\n<p>&nbsp;<\/p>\n<div id=\"attachment_370755\" style=\"width: 470px\" class=\"wp-caption aligncenter\"><a href=\"http:\/\/www.diarioimagen.net\/?attachment_id=370755\" rel=\"attachment wp-att-370755\"><img loading=\"lazy\" decoding=\"async\" aria-describedby=\"caption-attachment-370755\" class=\"size-large wp-image-370755\" src=\"http:\/\/www.diarioimagen.net\/wp-content\/uploads\/2018\/04\/turismo-3339-460x259.jpg\" alt=\"\" width=\"460\" height=\"259\" srcset=\"https:\/\/www.diarioimagen.net\/wp-content\/uploads\/2018\/04\/turismo-3339-460x259.jpg 460w, https:\/\/www.diarioimagen.net\/wp-content\/uploads\/2018\/04\/turismo-3339-240x135.jpg 240w, https:\/\/www.diarioimagen.net\/wp-content\/uploads\/2018\/04\/turismo-3339-235x132.jpg 235w, https:\/\/www.diarioimagen.net\/wp-content\/uploads\/2018\/04\/turismo-3339-202x114.jpg 202w, https:\/\/www.diarioimagen.net\/wp-content\/uploads\/2018\/04\/turismo-3339-350x196.jpg 350w, https:\/\/www.diarioimagen.net\/wp-content\/uploads\/2018\/04\/turismo-3339-220x123.jpg 220w, https:\/\/www.diarioimagen.net\/wp-content\/uploads\/2018\/04\/turismo-3339-237x132.jpg 237w, https:\/\/www.diarioimagen.net\/wp-content\/uploads\/2018\/04\/turismo-3339.jpg 480w\" sizes=\"auto, (max-width: 460px) 100vw, 460px\" \/><\/a><p id=\"caption-attachment-370755\" class=\"wp-caption-text\">Abre en Atlixco, un nuevo hotel <em>City Express<\/em>.<\/p><\/div>\n<p>&nbsp;<\/p>\n<p>Puebla es el estado que eligi\u00f3 <em>Hoteles City Express<\/em> para incrementa su oferta, al abrir su octava propiedad en Atlixco y convertirse en la cadena hotelera de mayor presencia en M\u00e9xico, con un inmueble en 72 ciudades del pa\u00eds.<\/p>\n<p><em>City Express Atlixco<\/em> es la propiedad n\u00famero 137, con 108 habitaciones, 53 sencillas, 49 dobles, cinco superiores, y una para personas con capacidades diferentes. Ofrece desayuno en cortes\u00eda, WiFi gratis, estacionamiento para hu\u00e9spedes, sala de juntas, centro de negocios y trasportaci\u00f3n sin costo en 10 km a la redonda con una estrat\u00e9gica ubicaci\u00f3n,\u00a0\u00a0 instalaciones pr\u00e1cticas y habitaciones modernas a precios accesibles.<\/p>\n<p><strong>Jos\u00e9 Luis Carrete Alfeir\u00e1n<\/strong>, director de Innovaci\u00f3n Digital de la cadena hotelera dijo: \u201cnos entusiasma ser la primera cadena hotelera en Atlixco, Pueblo M\u00e1gico, y en un municipio que presume tener el mejor clima del mundo. Nuestro hotel <em>City Express Atlixco<\/em> abri\u00f3 para recibir a los viajeros que acudieron a vivir la Semana Santa, con las tradicionales procesiones religiosas y asistir a los templos de estilo arabesco, que datan del siglo XVI\u201d.<\/p>\n<p>En su etapa de construcci\u00f3n el inmueble gener\u00f3 en promedio 150 empleos y actualmente tiene 30 empleos directos y 15 indirectos. En <em>City Express Atlixco<\/em> se aplican los principios del Comit\u00e9 de Sostenibilidad, impulsado por la cadena, que abarca el cuidado del medio ambiente, apoyo social y econ\u00f3mico en las comunidades donde est\u00e1 presente.<\/p>\n<p>\u2730\u2730\u2730\u2730\u2730 El grupo espa\u00f1ol Globalia inform\u00f3 que <em>Air<\/em> <em>Europa<\/em> inici\u00f3 la nueva ruta Madrid-Venecia, con una ocupaci\u00f3n del 100 por ciento en un <em>Embraer 195<\/em>,\u00a0 convirti\u00e9ndose en su tercera ruta a Italia.<\/p>\n<p>Aunado a esto, el grupo a\u00f1adi\u00f3 que su presencia se refuerza en Italia con el inicio de la tercera frecuencia a Mil\u00e1n, con la que aumentar\u00e1 en m\u00e1s de 560 vuelos sus operaciones en relaci\u00f3n a 2017.<\/p>\n<p>\u2730\u2730\u2730\u2730\u2730 Con la intenci\u00f3n de promover los recursos tur\u00edsticos de la ciudad de Guangzhou, China, ese destino abri\u00f3 su primer Centro de Promoci\u00f3n Tur\u00edstica, en colaboraci\u00f3n con <em>China Southern Airlines<\/em> en M\u00e9xico.<\/p>\n<p><strong>Wang Dong<\/strong>, secretario general del gobierno de la Ciudad de Guangzhou y <strong>Liu Yumie<\/strong>, directora general de Turismo anunciaron la apertura y coincidieron en se\u00f1alar que han establecido 20 Centros de Promoci\u00f3n Tur\u00edstica en todo el mundo y el de M\u00e9xico es uno de los m\u00e1s importantes.<\/p>\n<p>\u2730\u2730\u2730\u2730\u2730 La cadena de Hoteles Misi\u00f3n apuesta por una sede m\u00e1s para su Festival Maridando M\u00e9xico -que en su primera edici\u00f3n del a\u00f1o-, se realizar\u00e1 el pr\u00f3ximo s\u00e1bado 21 de abril en el Hotel Misi\u00f3n Comanjilla (Silao).<\/p>\n<p>El festival ser\u00e1 antecedido por Maridando M\u00e9xico Guanajuato, por el importante crecimiento de la industria de la vid en el estado y el consumo de vino nacional, pieza clave para dar impulso y promoci\u00f3n del destino.<\/p>\n<p>Bajo esa premisa, la cadena hotelera lanz\u00f3 una convocatoria a las vitivin\u00edcolas guanajuatenses y las invit\u00f3 a hacer sinergia y fomentar la econom\u00eda local vendi\u00e9ndoles el vino de degustaci\u00f3n que dar\u00e1n al inicio de la fiesta pues para los anfitriones es crucial unir esfuerzos en todos los sentidos.<\/p>\n<p>Maridando M\u00e9xico Guanajuato presentar\u00e1 una fusi\u00f3n de etiquetas y sabores mexicanos con el aderezo de elementos como: copa conmemorativa con vino de degustaci\u00f3n; acceso al pabell\u00f3n gastron\u00f3mico para maridar tu vino; entrada gratuita para menores de 13 a\u00f1os. \u00e1rea infantil, espacio para <em>picnic<\/em>; m\u00e1s de 200 etiquetas de vino nacional; cata a disponibilidad y todo acompa\u00f1ado de la m\u00fasica en vivo de <em>Retro Tull<\/em> y <em>Revoluson.<\/em><\/p>\n<p>El costo del boleto por persona en preventa ser\u00e1 de 250.00 pesos (el d\u00eda del evento 350.00 pesos por persona), pueden adquirirse en maridandomexico.com.<\/p>\n<p>\u2730\u2730\u2730\u2730\u2730 A partir del 19 de diciembre pr\u00f3ximo, <em>American Airlines<\/em> ofrecer\u00e1 un vuelo diario entre el Aeropuerto Internacional Xoxocotl\u00e1n, Oaxaca y el Aeropuerto Internacional de Dallas\/Fort Worth. El vuelo, n\u00famero 22 de la aerol\u00ednea en el pa\u00eds, ser\u00e1 operado en un <em>Embraer ERJ-75<\/em> con 12 asientos en Primera Clase y 64 en Clase Econ\u00f3mica. Los boletos ya est\u00e1n disponibles.<\/p>\n<p><strong>Tony Guti\u00e9rrez<\/strong>, directora de la compa\u00f1\u00eda a\u00e9rea en M\u00e9xico dijo: \u201cestamos muy orgullosos de anunciar esta nueva ruta entre M\u00e9xico y los Estados Unidos. Este crecimiento muestra el firme compromiso con M\u00e9xico\u201d.<\/p>\n<p>Tambi\u00e9n anunci\u00f3 frecuencias adicionales desde Dallas a tres destinos en el pa\u00eds: en Canc\u00fan el 7 de junio se a\u00f1adir\u00e1 un sexto vuelo diario sumando m\u00e1s de 30 vuelos diarios desde 13 ciudades en los Estados Unidos.<\/p>\n<p>A San Jos\u00e9 del Cabo, en diciembre, un cuarto vuelo diario sumando m\u00e1s de 10 vuelos diarios desde los centros de conexiones en Charlotte, Dallas\/Fort Worth, Los \u00c1ngeles, Chicago y Phoenix.<\/p>\n<p>Ambos vuelos ser\u00e1n operados en <em>Boeing 737-800<\/em> con 16 asientos en Primera Clase, 30 en <em>Main Cabin Extra,<\/em> con m\u00e1s espacio para las piernas, y 114 en Econ\u00f3mica. Tambi\u00e9n en diciembre, a\u00f1adir\u00e1n un segundo vuelo diario a Torre\u00f3n, Coahuila, operado con un <em>Embraer ERJ-45<\/em> para 50 pasajeros.<\/p>\n<p><em><a href=\"mailto:victoriagprado@gmail.com\" target=\"_blank\" rel=\"noopener\">victoriagprado@gmail.com<\/a><\/em><br \/>\n<em> Twitter: <a href=\"https:\/\/twitter.com\/victoriagprado\" target=\"_blank\" rel=\"noopener\">@victoriagprado<\/a><\/em><\/p>\n","protected":false},"excerpt":{"rendered":"<p>Puebla es el estado que eligi\u00f3 <em>Hoteles City Express<\/em> para incrementa su oferta, al abrir su octava propiedad en Atlixco y convertirse en la cadena hotelera de mayor presencia en M\u00e9xico, con un inmueble en 72 ciudades del pa\u00eds.<\/p>\n","protected":false},"author":3,"featured_media":370755,"comment_status":"open","ping_status":"open","sticky":false,"template":"","format":"standard","meta":{"_monsterinsights_skip_tracking":false,"_monsterinsights_sitenote_active":false,"_monsterinsights_sitenote_note":"","_monsterinsights_sitenote_category":0,"footnotes":""},"categories":[11],"tags":[107,43674,43681,106],"class_list":["post-370670","post","type-post","status-publish","format-standard","has-post-thumbnail","hentry","category-turismo","tag-de-cinco-estrellas","tag-opinion","tag-turismo","tag-victoria-gonzalez-prado"],"_links":{"self":[{"href":"https:\/\/www.diarioimagen.net\/index.php?rest_route=\/wp\/v2\/posts\/370670","targetHints":{"allow":["GET"]}}],"collection":[{"href":"https:\/\/www.diarioimagen.net\/index.php?rest_route=\/wp\/v2\/posts"}],"about":[{"href":"https:\/\/www.diarioimagen.net\/index.php?rest_route=\/wp\/v2\/types\/post"}],"author":[{"embeddable":true,"href":"https:\/\/www.diarioimagen.net\/index.php?rest_route=\/wp\/v2\/users\/3"}],"replies":[{"embeddable":true,"href":"https:\/\/www.diarioimagen.net\/index.php?rest_route=%2Fwp%2Fv2%2Fcomments&post=370670"}],"version-history":[{"count":0,"href":"https:\/\/www.diarioimagen.net\/index.php?rest_route=\/wp\/v2\/posts\/370670\/revisions"}],"wp:featuredmedia":[{"embeddable":true,"href":"https:\/\/www.diarioimagen.net\/index.php?rest_route=\/wp\/v2\/media\/370755"}],"wp:attachment":[{"href":"https:\/\/www.diarioimagen.net\/index.php?rest_route=%2Fwp%2Fv2%2Fmedia&parent=370670"}],"wp:term":[{"taxonomy":"category","embeddable":true,"href":"https:\/\/www.diarioimagen.net\/index.php?rest_route=%2Fwp%2Fv2%2Fcategories&post=370670"},{"taxonomy":"post_tag","embeddable":true,"href":"https:\/\/www.diarioimagen.net\/index.php?rest_route=%2Fwp%2Fv2%2Ftags&post=370670"}],"curies":[{"name":"wp","href":"https:\/\/api.w.org\/{rel}","templated":true}]}}