{"id":370690,"date":"2018-04-04T00:03:22","date_gmt":"2018-04-04T05:03:22","guid":{"rendered":"http:\/\/www.diarioimagen.net\/?p=370690"},"modified":"2018-04-04T04:53:44","modified_gmt":"2018-04-04T09:53:44","slug":"real-madrid-a-un-paso-de-semifinal-de-la-champions","status":"publish","type":"post","link":"https:\/\/www.diarioimagen.net\/?p=370690","title":{"rendered":"Real Madrid, a un paso de semifinal de la Champions"},"content":{"rendered":"<ul>\n<li><strong><em>Ovacionan a CR7 en el Juventus Stadium<\/em><\/strong><\/li>\n<\/ul>\n<p>&nbsp;<\/p>\n<div id=\"attachment_370773\" style=\"width: 470px\" class=\"wp-caption aligncenter\"><a href=\"http:\/\/www.diarioimagen.net\/?attachment_id=370773\" rel=\"attachment wp-att-370773\"><img loading=\"lazy\" decoding=\"async\" aria-describedby=\"caption-attachment-370773\" class=\"size-large wp-image-370773\" src=\"http:\/\/www.diarioimagen.net\/wp-content\/uploads\/2018\/04\/deportes-3339-460x259.jpg\" alt=\"\" width=\"460\" height=\"259\" srcset=\"https:\/\/www.diarioimagen.net\/wp-content\/uploads\/2018\/04\/deportes-3339-460x259.jpg 460w, https:\/\/www.diarioimagen.net\/wp-content\/uploads\/2018\/04\/deportes-3339-240x135.jpg 240w, https:\/\/www.diarioimagen.net\/wp-content\/uploads\/2018\/04\/deportes-3339-235x132.jpg 235w, https:\/\/www.diarioimagen.net\/wp-content\/uploads\/2018\/04\/deportes-3339-202x114.jpg 202w, https:\/\/www.diarioimagen.net\/wp-content\/uploads\/2018\/04\/deportes-3339-350x196.jpg 350w, https:\/\/www.diarioimagen.net\/wp-content\/uploads\/2018\/04\/deportes-3339-220x123.jpg 220w, https:\/\/www.diarioimagen.net\/wp-content\/uploads\/2018\/04\/deportes-3339-237x132.jpg 237w, https:\/\/www.diarioimagen.net\/wp-content\/uploads\/2018\/04\/deportes-3339.jpg 480w\" sizes=\"auto, (max-width: 460px) 100vw, 460px\" \/><\/a><p id=\"caption-attachment-370773\" class=\"wp-caption-text\">Cristiano Ronaldo marc\u00f3 un doblete en el 3-0 como visitante ante la Juventus en la ida de los cuartos de final.<\/p><\/div>\n<p>&nbsp;<\/p>\n<p>El portugu\u00e9s tiene al Real Madrid a un paso de la semifinal de la Champions League, al marcar un doblete en el 3-0 como visitante ante la Vecchia Signora en la ida de los cuartos de final.<\/p>\n<p>La estampa para la historia fue el primer gol de chilena en la carrera de CR7, quien al 64\u2019 utiliz\u00f3 ese recurso ante un centro retrasado por parte de Dani Carbajal. No s\u00f3lo fue el remate, sino la altura que Cristiano alcanz\u00f3 en el aire antes de colocar el bal\u00f3n pegado al poste izquierdo del marco de Gianluigi Buffon.<\/p>\n<p>De acuerdo con @2010MisterChip, fue el gol 649 de Cristiano Ronaldo en partidos oficiales, mientras que la Juve s\u00f3lo hab\u00eda perdido una vez en casa en sus \u00faltimos 74 partidos como local. Adem\u00e1s, es el primero en marcar en 10 partidos consecutivos en toda la historia de la Champions.<\/p>\n<p>Ya desde el 3\u2019 ganaba el Real Madrid. Marcelo filtr\u00f3 la pelota para Isco y \u00e9ste mand\u00f3 el servicio para Cristiano, quien defini\u00f3 de parte externa.<\/p>\n<p>La Juve equilibr\u00f3 las acciones y de no ser por Keylor Navas, quien con un manotazo impidi\u00f3 el gol de Gonzalo Higua\u00edn o de la falta de contundencia de Rodrigo Betancur, pudo empatar el partido. La jugada pol\u00e9mica se produjo casi al final del primer tiempo cuando los jugadores del cuadro italiano reclamaron una mano de Casemiro tras un bal\u00f3n que pein\u00f3 Giorgio Chiellini.<\/p>\n<p>Despu\u00e9s no hubo espacio para la duda. La distancia entre los dos \u00faltimos finalistas de la Champions fue id\u00e9ntica a la de su enfrentamiento en el duelo por el t\u00edtulo, es decir, de tres goles, primero con la chilena de Cristiano y despu\u00e9s con el golazo de Marcelo, quien arm\u00f3 una jugada desde el v\u00e9rtice izquierdo del \u00e1rea que \u00e9l mismo defini\u00f3, superando a Buffon picando ligeramente el esf\u00e9rico antes de meterse con todo y \u00e9l a la porter\u00eda.<\/p>\n<p>Y eso que el Madrid tuvo para liquidar la Eliminatoria, pero Mateo Kovacic estrell\u00f3 el bal\u00f3n en el travesa\u00f1o, tal y como en el primer tiempo lo hab\u00eda hecho Toni Kroos, y despu\u00e9s Buffon desvi\u00f3 la pelota tras un disparo de Cristiano, adem\u00e1s de que luego el portugu\u00e9s no pudo mandar la pelota a la red pese a tener el marco abierto.<\/p>\n<p>La vuelta se celebrar\u00e1 en el Santiago Bernab\u00e9u el 11 de abril, ya sin Sergio Ramos por acumulaci\u00f3n de amonestaciones y Paulo Dybala por la roja que recibi\u00f3 al 66\u2019.<\/p>\n","protected":false},"excerpt":{"rendered":"<p>El portugu\u00e9s tiene al Real Madrid a un paso de la semifinal de la Champions League, al marcar un doblete en el 3-0 como visitante ante la Vecchia Signora en la ida de los cuartos de final.<\/p>\n","protected":false},"author":3,"featured_media":370773,"comment_status":"open","ping_status":"open","sticky":false,"template":"","format":"standard","meta":{"_monsterinsights_skip_tracking":false,"_monsterinsights_sitenote_active":false,"_monsterinsights_sitenote_note":"","_monsterinsights_sitenote_category":0,"footnotes":""},"categories":[10],"tags":[6177,43680,6289],"class_list":["post-370690","post","type-post","status-publish","format-standard","has-post-thumbnail","hentry","category-deportes","tag-champions","tag-deportes","tag-real-madrid"],"_links":{"self":[{"href":"https:\/\/www.diarioimagen.net\/index.php?rest_route=\/wp\/v2\/posts\/370690","targetHints":{"allow":["GET"]}}],"collection":[{"href":"https:\/\/www.diarioimagen.net\/index.php?rest_route=\/wp\/v2\/posts"}],"about":[{"href":"https:\/\/www.diarioimagen.net\/index.php?rest_route=\/wp\/v2\/types\/post"}],"author":[{"embeddable":true,"href":"https:\/\/www.diarioimagen.net\/index.php?rest_route=\/wp\/v2\/users\/3"}],"replies":[{"embeddable":true,"href":"https:\/\/www.diarioimagen.net\/index.php?rest_route=%2Fwp%2Fv2%2Fcomments&post=370690"}],"version-history":[{"count":0,"href":"https:\/\/www.diarioimagen.net\/index.php?rest_route=\/wp\/v2\/posts\/370690\/revisions"}],"wp:featuredmedia":[{"embeddable":true,"href":"https:\/\/www.diarioimagen.net\/index.php?rest_route=\/wp\/v2\/media\/370773"}],"wp:attachment":[{"href":"https:\/\/www.diarioimagen.net\/index.php?rest_route=%2Fwp%2Fv2%2Fmedia&parent=370690"}],"wp:term":[{"taxonomy":"category","embeddable":true,"href":"https:\/\/www.diarioimagen.net\/index.php?rest_route=%2Fwp%2Fv2%2Fcategories&post=370690"},{"taxonomy":"post_tag","embeddable":true,"href":"https:\/\/www.diarioimagen.net\/index.php?rest_route=%2Fwp%2Fv2%2Ftags&post=370690"}],"curies":[{"name":"wp","href":"https:\/\/api.w.org\/{rel}","templated":true}]}}