{"id":370708,"date":"2018-04-04T00:00:33","date_gmt":"2018-04-04T05:00:33","guid":{"rendered":"http:\/\/www.diarioimagen.net\/?p=370708"},"modified":"2018-04-04T01:22:14","modified_gmt":"2018-04-04T06:22:14","slug":"presidenta-del-tepjf-no-descubrio-el-hilo-negro","status":"publish","type":"post","link":"https:\/\/www.diarioimagen.net\/?p=370708","title":{"rendered":"Presidenta del TEPJF no descubri\u00f3 \u201cel hilo negro\u201d"},"content":{"rendered":"<h2>La Retaguardia<\/h2>\n<h5>Adriana Moreno Cordero<\/h5>\n<p><em>\u00a0<\/em><\/p>\n<ul>\n<li><strong><em>Pero reconoce las elecciones m\u00e1s complejas de la historia<\/em><\/strong><\/li>\n<\/ul>\n<p>&nbsp;<\/p>\n<p>La presidenta del Tribunal Electoral del Poder Judicial de la Federaci\u00f3n, <strong>Janine Ot\u00e1lora<\/strong>, no \u201cdescubri\u00f3 el hilo negro\u201d, sin embargo, prendi\u00f3 \u201cfocos rojos\u201d en el trascendental tema de las elecciones presidenciales del ya pr\u00f3ximo 1 de julio, al reconocer que, \u201cestamos en el proceso electoral m\u00e1s complejo\u201d, por lo que la pregunta es: \u00bfen qu\u00e9 terminar\u00e1n estos comicios?<\/p>\n<p>Sin duda, desde hace tiempo no solo en nuestro pa\u00eds, hay preocupaci\u00f3n por el resultado que arrojen dichas elecciones.<\/p>\n<p>Unos demuestran inquietud porque el candidato de la coalici\u00f3n \u201cJuntos Haremos Historia\u201d, <strong>Andr\u00e9s Manuel L\u00f3pez Obrador<\/strong>, ahora s\u00ed vea llegar que \u201cla tercera es la vencida\u201d; otros, porque el PRI corre el riesgo, (como se ha consignado en anterior entrega en este espacio), de desfondarse, y no faltan aquellos que ven en el abanderado de la coalici\u00f3n \u201cPor M\u00e9xico al Frente\u201d, <strong>Ricardo Anaya<\/strong> una peligrosa obsesi\u00f3n por llegar a la Presidencia de la Rep\u00fablica.<\/p>\n<p>El TEPJF y el Instituto Nacional Electoral, firmaron varios convenios de colaboraci\u00f3n que tienen como objetivo transparentar el avance de\u00a0 ingresos y gastos de los actores en<br \/>\nlas campa\u00f1as, o sea, se seguir\u00e1 con lupa los gastos de los diferentes candidatos y en este sentido, vaya que tendr\u00e1n chamba las autoridades electorales o a lo mejor, por ah\u00ed podr\u00eda salir alguna que otra \u201cropa sucia\u201d, \u00bfo no\u201d<\/p>\n<p>Al firmar el Tribunal el citado convenio con el INE, Ot\u00e1lora subray\u00f3 que \u201clleg\u00f3 la hora de que todos los actores pol\u00edticos demuestren su compromiso con la ley y con M\u00e9xico\u201d y sin duda, el presidente de dicho Instituto,\u00a0 <strong>Lorenzo C\u00f3rdova<\/strong> ve tambi\u00e9n alg\u00fan clima no tan claro la v\u00edspera electoral pues se\u00f1al\u00f3 que las autoridades est\u00e1n decididas a defender su autonom\u00eda para defender el voto libre para que las elecciones se desarrollen en condiciones de imparcialidad y autonom\u00eda, lo que no es cosa menor.<\/p>\n<p>En fin, las campa\u00f1as siguen y se puede observar un curioso episodio de disputa por el segundo lugar.<\/p>\n<p style=\"text-align: center;\"><strong>Municiones<\/strong><\/p>\n<p>*** El planteamiento, -por llamarlo de alguna manera-, del Presidente <strong>Donald Trump<\/strong> de militarizar la frontera, tuvo airada reacci\u00f3n en el Senado de la Rep\u00fablica. El coordinador de la fracci\u00f3n del PAN en esa instancia legislativa, <strong>Fernando Herrera<\/strong>, se\u00f1al\u00f3 que lo dicho por el Presidente de Estados Unidos, no es m\u00e1s que una de muchas expresiones que ha tenido a lo largo de su gesti\u00f3n. \u201cHay que tomarlo como eso: como un dicho m\u00e1s, como una puntada m\u00e1s del d\u00eda\u201d.<\/p>\n<p>*** Por su parte y sobre el tema de las controvertidas declaraciones de Trump, el senador pri\u00edsta <strong>Miguel Romo<\/strong>, estim\u00f3 que, \u201cdesde luego, cualquier pa\u00eds, cualquier extranjero que interfiera en nuestra soberan\u00eda, se coloca en una posici\u00f3n de ilegalidad y que atenta justamente contra los tratados internacionales, el respeto a las soberan\u00edas y a la autodeterminaci\u00f3n de los pueblos, de modo que ser\u00eda una situaci\u00f3n que me parece ut\u00f3pica (en principio), por lo tanto no merece el mayor comentario\u201d.<\/p>\n<p>*** V\u00eda Twitter, el secretario de Relaciones Exteriores, <strong>Luis Videgaray<\/strong>, solicit\u00f3 al presidente Trump que aclare el tema de la presencia de militares estadunidenses en la frontera con M\u00e9xico, lo que sin duda, para nada representa un gesto amigable. Videgaray dijo que una vez que se tenga informaci\u00f3n, M\u00e9xico definir\u00e1 una postura al respecto. Mientras, el inquilino de la Casa Blanca sigui\u00f3 diciendo que \u201cCuidaremos nuestra frontera con militares\u201d.<\/p>\n<p>*** Y quien present\u00f3 una denuncia por presunta responsabilidad administrativa en contra de <strong>Patricio Ballados Villag\u00f3mez<\/strong>, director Ejecutivo de Prerrogativas y Procesos Electorales fue <strong>Armando R\u00edos Piter<\/strong> porque, seg\u00fan argument\u00f3, en eso de la recolecci\u00f3n de firmas, \u201cfuimos condenados antes de ser acusados\u201d ya que, explic\u00f3, ha sido v\u00edctima de \u201cun inusitado, parcial, generalizado y sospechoso ataque\u201d por parte de algunos funcionarios del INE, que desconoci\u00f3 las firmas recabadas por el senador con licencia. Asimismo, R\u00edos Piter manifest\u00f3 su confianza de que aparecer\u00e1 en la boleta electoral en las elecciones de julio pr\u00f3ximo. \u00bfSer\u00e1?<\/p>\n<p>*** El Servicio de Administraci\u00f3n Tributaria, que dirige <strong>Osvaldo Sant\u00edn<\/strong>, dio a conocer las facilidades para que las personas f\u00edsicas presenten su Declaraci\u00f3n Anual del impuesto sobre la renta del ejercicio fiscal 2017. Sant\u00edn Quiroz, dijo\u00a0 que como parte de las novedades para este a\u00f1o, para los asalariados, se cre\u00f3 el aplicativo \u201cVisor\u201d mediante el cual se podr\u00e1n consultar los recibos de n\u00f3mina que su patr\u00f3n o retenedor les emiti\u00f3 durante el ejercicio 2017. Asimismo, para hacer edicientes las devoluciones autom\u00e1ticas, se implementaron validaciones en la declaraci\u00f3n que anteriormente se hac\u00edan en forma manual y se incorpor\u00f3 al aplicativo el campo \u201cconsulta de devoluci\u00f3n\u201d, donde se puede consultar el estatus de la devoluci\u00f3n y los motivos de rechazo. La aplicaci\u00f3n se public\u00f3 en el portal la semana pasada y las primeras devoluciones se depositaron justo ayer y ascienden a un monto de 481.56 millones de pesos, a 105 mil contribuyentes que declararon y tuvieron saldo a favor.<\/p>\n<p>*** Reacciones encontradas gener\u00f3 la declaraci\u00f3n que hiciera el candidato de la coalici\u00f3n \u201cTodos por M\u00e9xico\u201d, <strong>Jos\u00e9 Antonio Meade<\/strong>, desde Culiac\u00e1n, al presentar el programa \u201cAvanza Contigo\u201d. Resulta que Meade dijo muy seguro que en caso de ganar en las pr\u00f3ximas elecciones, sin duda, la guerra contra el narco continuar\u00e1. Entonces, muchos se preguntan\u00a0 si como Meade fue miembro del gabinete del ex presidente <strong>Felipe Calder\u00f3n<\/strong>, quiera seguir con la estrategia que implement\u00f3 el michoacano que, como se recordar\u00e1, inici\u00f3 esta guerra contra la delincuencia organizada.<\/p>\n<p><a href=\"mailto:morcora@gmail.com\" target=\"_blank\" rel=\"noopener\"><em>morcora@gmail.com<\/em><\/a><\/p>\n","protected":false},"excerpt":{"rendered":"<p><span style=\"color: #005497;\"><strong>Adriana Moreno Cordero<\/strong><\/span><\/p>\n","protected":false},"author":3,"featured_media":0,"comment_status":"open","ping_status":"open","sticky":false,"template":"","format":"standard","meta":{"_monsterinsights_skip_tracking":false,"_monsterinsights_sitenote_active":false,"_monsterinsights_sitenote_note":"","_monsterinsights_sitenote_category":0,"footnotes":""},"categories":[69370],"tags":[69369,69368,43674],"class_list":["post-370708","post","type-post","status-publish","format-standard","hentry","category-adriana-moreno-cordero","tag-adriana-moreno-cordero","tag-la-retaguardia","tag-opinion"],"_links":{"self":[{"href":"https:\/\/www.diarioimagen.net\/index.php?rest_route=\/wp\/v2\/posts\/370708","targetHints":{"allow":["GET"]}}],"collection":[{"href":"https:\/\/www.diarioimagen.net\/index.php?rest_route=\/wp\/v2\/posts"}],"about":[{"href":"https:\/\/www.diarioimagen.net\/index.php?rest_route=\/wp\/v2\/types\/post"}],"author":[{"embeddable":true,"href":"https:\/\/www.diarioimagen.net\/index.php?rest_route=\/wp\/v2\/users\/3"}],"replies":[{"embeddable":true,"href":"https:\/\/www.diarioimagen.net\/index.php?rest_route=%2Fwp%2Fv2%2Fcomments&post=370708"}],"version-history":[{"count":0,"href":"https:\/\/www.diarioimagen.net\/index.php?rest_route=\/wp\/v2\/posts\/370708\/revisions"}],"wp:attachment":[{"href":"https:\/\/www.diarioimagen.net\/index.php?rest_route=%2Fwp%2Fv2%2Fmedia&parent=370708"}],"wp:term":[{"taxonomy":"category","embeddable":true,"href":"https:\/\/www.diarioimagen.net\/index.php?rest_route=%2Fwp%2Fv2%2Fcategories&post=370708"},{"taxonomy":"post_tag","embeddable":true,"href":"https:\/\/www.diarioimagen.net\/index.php?rest_route=%2Fwp%2Fv2%2Ftags&post=370708"}],"curies":[{"name":"wp","href":"https:\/\/api.w.org\/{rel}","templated":true}]}}