{"id":370809,"date":"2018-04-05T00:11:20","date_gmt":"2018-04-05T05:11:20","guid":{"rendered":"http:\/\/www.diarioimagen.net\/?p=370809"},"modified":"2018-04-05T05:32:47","modified_gmt":"2018-04-05T10:32:47","slug":"ofrece-meade-becas-para-que-mujeres-terminen-estudios","status":"publish","type":"post","link":"https:\/\/www.diarioimagen.net\/?p=370809","title":{"rendered":"Ofrece Meade becas y cr\u00e9ditos a mujeres"},"content":{"rendered":"<ul>\n<li><strong><em>Lanza en Durango Red por la Econom\u00eda Familiar<\/em><\/strong><\/li>\n<li><strong><em>Promete seguridad social a trabajadoras dom\u00e9sticas<\/em><\/strong><\/li>\n<\/ul>\n<p>&nbsp;<\/p>\n<div id=\"attachment_370810\" style=\"width: 470px\" class=\"wp-caption aligncenter\"><img loading=\"lazy\" decoding=\"async\" aria-describedby=\"caption-attachment-370810\" class=\"wp-image-370810 size-large\" src=\"http:\/\/www.diarioimagen.net\/wp-content\/uploads\/2018\/04\/MEADE5-portal-460x268.jpg\" alt=\"\" width=\"460\" height=\"268\" srcset=\"https:\/\/www.diarioimagen.net\/wp-content\/uploads\/2018\/04\/MEADE5-portal-460x268.jpg 460w, https:\/\/www.diarioimagen.net\/wp-content\/uploads\/2018\/04\/MEADE5-portal-240x140.jpg 240w, https:\/\/www.diarioimagen.net\/wp-content\/uploads\/2018\/04\/MEADE5-portal.jpg 480w\" sizes=\"auto, (max-width: 460px) 100vw, 460px\" \/><p id=\"caption-attachment-370810\" class=\"wp-caption-text\">Jos\u00e9 Antonio Meade, candidato a la Presidencia de la Rep\u00fablica de la coalici\u00f3n Todos por M\u00e9xico, prometi\u00f3 otorgar becas de superaci\u00f3n.<\/p><\/div>\n<p>&nbsp;<\/p>\n<p>&nbsp;<\/p>\n<p>El candidato presidencial de la coalici\u00f3n Todos por M\u00e9xico, Jos\u00e9 Antonio Meade, lanz\u00f3 en Durango la Red por la Econom\u00eda Familiar ante cientos de mujeres.<\/p>\n<p>El aspirante del PRI, PVEM y Nueva Alianza expuso se trata de un ejercicio que empieza por escuchar lo que necesitan \u201cy sepan que tendr\u00e1n un presidente de las mujeres, que haga equipo con ustedes\u201d.<\/p>\n<p>Ofreci\u00f3 que en su gobierno habr\u00e1 justicia para el trabajo dom\u00e9stico a trav\u00e9s de seguridad social; su palabra y proyecto emprendedor ser\u00e1n suficientes para acceder a un cr\u00e9dito, habr\u00e1 guarder\u00edas de tiempo completo con horario nocturno y \u201ca trabajo igual salario igual\u201d.<\/p>\n<p>Record\u00f3 que est\u00e1 en marcha la encuesta Avanzar Contigo, mediante la cual quiere saber qu\u00e9 es lo que cada persona espera de su eventual gobierno pues \u00e9ste tiene muchos instrumentos \u201cy cada uno de ustedes tiene una necesidad diferente\u201d.<\/p>\n<p>En el acto, el candidato de Todos por M\u00e9xico escuch\u00f3 las peticiones de cuatro mujeres, a las que reconoci\u00f3 que quieren salir adelante, est\u00e1n preocupadas por su familia y por su pa\u00eds.<\/p>\n<p>\u201cPero lo que quieren de nosotros es que entendamos que cada una requiere de nosotros algo distinto\u201d, reiter\u00f3 al tiempo de se\u00f1alar que por eso es importante su participaci\u00f3n en la encuesta para que definan el apoyo que m\u00e1s necesiten.<\/p>\n<p>El aspirante de Todos por M\u00e9xico insisti\u00f3 en que cada una de las mujeres tiene una necesidad diferente, como seguridad social para el trabajo dom\u00e9stico, cr\u00e9ditos para emprender o becas para que los hijos no abandonen la escuela, incluso becas de superaci\u00f3n para quien quiera regresar a terminar su ciclo escolar.<\/p>\n<p>Agradeci\u00f3 el testimonio de cada mujer y les dijo: \u201cme comprometo a avanzar contigo, contigo, contigo y contigo, y que juntos les demos resultados y que desde el primer d\u00eda empecemos a trabajar\u201d.<\/p>\n<p style=\"text-align: center;\"><strong>Asegura que ya est\u00e1 <\/strong><strong>avanzado en preferencia<\/strong><\/p>\n<p>El abanderado de la coalici\u00f3n Todos por M\u00e9xico, afirm\u00f3 que las \u00faltimas cinco encuestas lo colocan en segundo lugar, pues es la alternativa que m\u00e1s ha crecido, la que tiene mejor tendencia y no tiene absolutamente ninguna duda de que ganar\u00e1 la elecci\u00f3n del uno de julio.<\/p>\n<p>\u201cLa verdad, es que hemos remontado y hemos remontado mucho. Hoy estamos claramente en segundo lugar, las \u00faltimas cinco encuestas que se han publicado as\u00ed lo acreditan\u201d, dijo en entrevista en Durango.<\/p>\n<p>Se\u00f1al\u00f3 que se public\u00f3 de nuevo una encuesta adicional \u201cque en esa posici\u00f3n me ubica, soy la alternativa que m\u00e1s ha crecido en la intercampa\u00f1a, la que tiene mejor tendencia y no tenemos absolutamente ninguna duda de que vamos a ganar\u201d.<\/p>\n<p>El candidato a la Presidencia de la coalici\u00f3n Todos por M\u00e9xico, Jos\u00e9 Antonio Meade, acept\u00f3 el llamado de la Confederaci\u00f3n Patronal de la Rep\u00fablica Mexicana (Coparmex) a responder las siete demandas contenidas en el \u201cManifiestoMx\u201d.<\/p>\n<p>\u201c\u00a1Bienvenido el di\u00e1logo convocado por @Coparmex! Coincidimos: M\u00e9xico deber mejorar su productividad y competitividad. Lo haremos priorizando el empleo y el emprendimiento de mujeres y j\u00f3venes, sin poner en riesgo lo que ya tenemos\u201d, escribi\u00f3 en su cuenta de Twitter.<\/p>\n","protected":false},"excerpt":{"rendered":"<p>El candidato presidencial de la coalici\u00f3n Todos por M\u00e9xico, Jos\u00e9 Antonio Meade, lanz\u00f3 en Durango la Red por la Econom\u00eda Familiar ante cientos de mujeres. El aspirante del PRI, PVEM y Nueva Alianza expuso se trata de un ejercicio que empieza por escuchar lo que necesitan \u201cy sepan que tendr\u00e1n un presidente de las mujeres, que haga equipo con ustedes\u201d.<\/p>\n","protected":false},"author":5,"featured_media":370810,"comment_status":"open","ping_status":"open","sticky":false,"template":"","format":"standard","meta":{"_monsterinsights_skip_tracking":false,"_monsterinsights_sitenote_active":false,"_monsterinsights_sitenote_note":"","_monsterinsights_sitenote_category":0,"footnotes":""},"categories":[3],"tags":[11642,26429,47079,1921,72294,69783,72293],"class_list":["post-370809","post","type-post","status-publish","format-standard","has-post-thumbnail","hentry","category-nacional","tag-becas","tag-jose-antonio-meade-kuribrena","tag-lanza","tag-mujeres","tag-mujeres-terminen","tag-todos-por-mexico","tag-creacion-de-la-red-por-la-economia-familiar"],"_links":{"self":[{"href":"https:\/\/www.diarioimagen.net\/index.php?rest_route=\/wp\/v2\/posts\/370809","targetHints":{"allow":["GET"]}}],"collection":[{"href":"https:\/\/www.diarioimagen.net\/index.php?rest_route=\/wp\/v2\/posts"}],"about":[{"href":"https:\/\/www.diarioimagen.net\/index.php?rest_route=\/wp\/v2\/types\/post"}],"author":[{"embeddable":true,"href":"https:\/\/www.diarioimagen.net\/index.php?rest_route=\/wp\/v2\/users\/5"}],"replies":[{"embeddable":true,"href":"https:\/\/www.diarioimagen.net\/index.php?rest_route=%2Fwp%2Fv2%2Fcomments&post=370809"}],"version-history":[{"count":0,"href":"https:\/\/www.diarioimagen.net\/index.php?rest_route=\/wp\/v2\/posts\/370809\/revisions"}],"wp:featuredmedia":[{"embeddable":true,"href":"https:\/\/www.diarioimagen.net\/index.php?rest_route=\/wp\/v2\/media\/370810"}],"wp:attachment":[{"href":"https:\/\/www.diarioimagen.net\/index.php?rest_route=%2Fwp%2Fv2%2Fmedia&parent=370809"}],"wp:term":[{"taxonomy":"category","embeddable":true,"href":"https:\/\/www.diarioimagen.net\/index.php?rest_route=%2Fwp%2Fv2%2Fcategories&post=370809"},{"taxonomy":"post_tag","embeddable":true,"href":"https:\/\/www.diarioimagen.net\/index.php?rest_route=%2Fwp%2Fv2%2Ftags&post=370809"}],"curies":[{"name":"wp","href":"https:\/\/api.w.org\/{rel}","templated":true}]}}