{"id":370904,"date":"2018-04-05T00:10:53","date_gmt":"2018-04-05T05:10:53","guid":{"rendered":"http:\/\/www.diarioimagen.net\/?p=370904"},"modified":"2018-04-05T06:02:32","modified_gmt":"2018-04-05T11:02:32","slug":"promete-zavala-aumentar-presupuesto-de-salud","status":"publish","type":"post","link":"https:\/\/www.diarioimagen.net\/?p=370904","title":{"rendered":"Promete Zavala aumentar presupuesto de salud"},"content":{"rendered":"<ul>\n<li><strong><em>Incremento al presupuesto en ese sector<\/em><\/strong><\/li>\n<\/ul>\n<p>&nbsp;<\/p>\n<div id=\"attachment_370970\" style=\"width: 470px\" class=\"wp-caption aligncenter\"><a href=\"http:\/\/www.diarioimagen.net\/?attachment_id=370970\" rel=\"attachment wp-att-370970\"><img loading=\"lazy\" decoding=\"async\" aria-describedby=\"caption-attachment-370970\" class=\"wp-image-370970 size-large\" src=\"http:\/\/www.diarioimagen.net\/wp-content\/uploads\/2018\/04\/ZAVALA-3340-460x259.jpg\" alt=\"\" width=\"460\" height=\"259\" srcset=\"https:\/\/www.diarioimagen.net\/wp-content\/uploads\/2018\/04\/ZAVALA-3340-460x259.jpg 460w, https:\/\/www.diarioimagen.net\/wp-content\/uploads\/2018\/04\/ZAVALA-3340-240x135.jpg 240w, https:\/\/www.diarioimagen.net\/wp-content\/uploads\/2018\/04\/ZAVALA-3340-235x132.jpg 235w, https:\/\/www.diarioimagen.net\/wp-content\/uploads\/2018\/04\/ZAVALA-3340-202x114.jpg 202w, https:\/\/www.diarioimagen.net\/wp-content\/uploads\/2018\/04\/ZAVALA-3340-350x196.jpg 350w, https:\/\/www.diarioimagen.net\/wp-content\/uploads\/2018\/04\/ZAVALA-3340-220x123.jpg 220w, https:\/\/www.diarioimagen.net\/wp-content\/uploads\/2018\/04\/ZAVALA-3340-237x132.jpg 237w, https:\/\/www.diarioimagen.net\/wp-content\/uploads\/2018\/04\/ZAVALA-3340.jpg 480w\" sizes=\"auto, (max-width: 460px) 100vw, 460px\" \/><\/a><p id=\"caption-attachment-370970\" class=\"wp-caption-text\">Margarita Zavala ofreci\u00f3 en Cuernavaca mejorar la atenci\u00f3n en hospitales y el abastecimiento de medicamentos.<\/p><\/div>\n<p>&nbsp;<\/p>\n<p>Margarita Zavala, candidata independiente a la Presidencia de M\u00e9xico, se\u00f1al\u00f3 que mejorar\u00e1 la atenci\u00f3n en hospitales y el abastecimiento de medicamentos a trav\u00e9s del incremento al presupuesto en salud.<\/p>\n<p>En un encuentro con simpatizantes en el centro de Cuernavaca, detall\u00f3, adem\u00e1s, que la corrupci\u00f3n en la distribuci\u00f3n de las finanzas p\u00fablicas provoca que los ciudadanos no reciban atenci\u00f3n de calidad debido a que los hospitales y cl\u00ednicas muchas veces no cuentan con el equipo necesario, ni con medicamentos.<\/p>\n<p>\u201cTodos conocemos casos de gente qu\u00e9 tard\u00f3 horas o meses para su operaci\u00f3n porque no hab\u00eda un lugar donde los operarlos, o que mal diagnosticaron, por eso la corrupci\u00f3n la tenemos que erradicar\u201d, asever\u00f3. La aspirante independiente asegur\u00f3 que su proyecto en este sector buscar\u00e1 tambi\u00e9n el acceso universal de los mexicanos a la salud .<\/p>\n<p>\u201cEsto significa que vamos a fortalecer todos los sistemas IMSS, ISSSTE y el Seguro Popular, que permita una eficacia financiera y de salud que todos tengan acceso universal a la salud\u201d, mencion\u00f3.<\/p>\n<p>Agreg\u00f3 que vigilar\u00e1 que la construcci\u00f3n de hospitales y cl\u00ednicas se realice y entren en funcionamiento y no solamente se queden en proyectos u obras negras.<\/p>\n<p>Por otra parte, se comprometi\u00f3 a mejorar el tema de inseguridad en Morelos, que est\u00e1 frenando el crecimiento tur\u00edstico de la entidad. La aspirante destac\u00f3 que, de ganar los comicios del pr\u00f3ximo 1 de julio, trabajar\u00e1 para crear una polic\u00eda entrenada que brinde seguridad y confianza a los turistas que visiten el estado.<\/p>\n<p>Detall\u00f3 que, en Morelos, como en otras entidades, el turismo destaca entre las principales actividades econ\u00f3micas, pero se ha visto afectado por el problema de inseguridad.<\/p>\n<p>Por ello, Zavala mencion\u00f3 que en su gobierno ser\u00e1 prioridad el combate a la inseguridad a trav\u00e9s de la profesionalizaci\u00f3n de las polic\u00edas estatal y federal, as\u00ed como la capacitaci\u00f3n en valores y derechos humanos de los elementos policiacos.<\/p>\n<p>Asimismo, se\u00f1al\u00f3 que trabajar\u00e1 de la mano con la ciudadan\u00eda, las familias y las organizaciones sociales para crear estrategias que permitan combatir este mal.<\/p>\n<p>Por otra parte, ante el cuestionamiento de implementar penas m\u00e1s severas a los delincuentes, consider\u00f3 que, si bien estos castigos est\u00e1n bien planteados, es responsabilidad de los gobiernos ejercerlos como lo mande la Ley, sin contemplaciones de ning\u00fan tipo.<\/p>\n","protected":false},"excerpt":{"rendered":"<p>Margarita Zavala, candidata independiente a la Presidencia de M\u00e9xico, se\u00f1al\u00f3 que mejorar\u00e1 la atenci\u00f3n en hospitales y el abastecimiento de medicamentos a trav\u00e9s del incremento al presupuesto en salud.<\/p>\n","protected":false},"author":3,"featured_media":370970,"comment_status":"open","ping_status":"open","sticky":false,"template":"","format":"standard","meta":{"_monsterinsights_skip_tracking":false,"_monsterinsights_sitenote_active":false,"_monsterinsights_sitenote_note":"","_monsterinsights_sitenote_category":0,"footnotes":""},"categories":[3],"tags":[13639,43673,69265,43692],"class_list":["post-370904","post","type-post","status-publish","format-standard","has-post-thumbnail","hentry","category-nacional","tag-margarita-zavala-gomez-del-campo","tag-nacional","tag-promete","tag-salud"],"_links":{"self":[{"href":"https:\/\/www.diarioimagen.net\/index.php?rest_route=\/wp\/v2\/posts\/370904","targetHints":{"allow":["GET"]}}],"collection":[{"href":"https:\/\/www.diarioimagen.net\/index.php?rest_route=\/wp\/v2\/posts"}],"about":[{"href":"https:\/\/www.diarioimagen.net\/index.php?rest_route=\/wp\/v2\/types\/post"}],"author":[{"embeddable":true,"href":"https:\/\/www.diarioimagen.net\/index.php?rest_route=\/wp\/v2\/users\/3"}],"replies":[{"embeddable":true,"href":"https:\/\/www.diarioimagen.net\/index.php?rest_route=%2Fwp%2Fv2%2Fcomments&post=370904"}],"version-history":[{"count":0,"href":"https:\/\/www.diarioimagen.net\/index.php?rest_route=\/wp\/v2\/posts\/370904\/revisions"}],"wp:featuredmedia":[{"embeddable":true,"href":"https:\/\/www.diarioimagen.net\/index.php?rest_route=\/wp\/v2\/media\/370970"}],"wp:attachment":[{"href":"https:\/\/www.diarioimagen.net\/index.php?rest_route=%2Fwp%2Fv2%2Fmedia&parent=370904"}],"wp:term":[{"taxonomy":"category","embeddable":true,"href":"https:\/\/www.diarioimagen.net\/index.php?rest_route=%2Fwp%2Fv2%2Fcategories&post=370904"},{"taxonomy":"post_tag","embeddable":true,"href":"https:\/\/www.diarioimagen.net\/index.php?rest_route=%2Fwp%2Fv2%2Ftags&post=370904"}],"curies":[{"name":"wp","href":"https:\/\/api.w.org\/{rel}","templated":true}]}}