{"id":370985,"date":"2018-04-06T00:08:33","date_gmt":"2018-04-06T05:08:33","guid":{"rendered":"http:\/\/www.diarioimagen.net\/?p=370985"},"modified":"2018-04-06T00:33:22","modified_gmt":"2018-04-06T05:33:22","slug":"promete-amlo-acabar-con-los-gasolinazos","status":"publish","type":"post","link":"https:\/\/www.diarioimagen.net\/?p=370985","title":{"rendered":"AMLO rechaza el reto de ampliar declaraci\u00f3n"},"content":{"rendered":"<ul>\n<li><em><strong>\u201cA estas alturas la gente ya sabe qui\u00e9n es qui\u00e9n\u201d<\/strong><\/em><\/li>\n<li><em><strong>Promete acabar con los \u201cgasolinazos\u201d sin subir impuestos<\/strong><\/em><\/li>\n<\/ul>\n<p>&nbsp;<\/p>\n<div id=\"attachment_370986\" style=\"width: 470px\" class=\"wp-caption aligncenter\"><img loading=\"lazy\" decoding=\"async\" aria-describedby=\"caption-attachment-370986\" class=\"wp-image-370986 size-large\" src=\"http:\/\/www.diarioimagen.net\/wp-content\/uploads\/2018\/04\/AMLO6-PORTAL-460x268.jpg\" alt=\"\" width=\"460\" height=\"268\" srcset=\"https:\/\/www.diarioimagen.net\/wp-content\/uploads\/2018\/04\/AMLO6-PORTAL-460x268.jpg 460w, https:\/\/www.diarioimagen.net\/wp-content\/uploads\/2018\/04\/AMLO6-PORTAL-240x140.jpg 240w, https:\/\/www.diarioimagen.net\/wp-content\/uploads\/2018\/04\/AMLO6-PORTAL.jpg 480w\" sizes=\"auto, (max-width: 460px) 100vw, 460px\" \/><p id=\"caption-attachment-370986\" class=\"wp-caption-text\">Andr\u00e9s Manuel L\u00f3pez Obrador destac\u00f3 que desterrar\u00e1 la corrupci\u00f3n y mejorar\u00e1 la imagen de M\u00e9xico en el extranjero.<\/p><\/div>\n<p>&nbsp;<\/p>\n<p>Andr\u00e9s Manuel L\u00f3pez Obrador afirm\u00f3 que en agosto de 2016 ya present\u00f3 su declaraci\u00f3n fiscal, patrimonial y de conflicto de intereses, conocida como 3de3 y que no polemizar\u00e1 con Jos\u00e9 Antonio Meade, quien ret\u00f3 a sus adversarios a transparentar su situaci\u00f3n patrimonial.<\/p>\n<p>Respecto a la declaraci\u00f3n aumentada que present\u00f3 el candidato priista y que llam\u00f3 7de7, el candidato presidencial de la coalici\u00f3n Juntos Haremos Historia consider\u00f3 que \u201ca estas alturas la gente ya sabe qui\u00e9n es qui\u00e9n\u201d.<\/p>\n<p>\u201cEs que no voy yo a polemizar sobre eso, ya la gente sabe qui\u00e9n es qui\u00e9n, a estas alturas ya los mexicanos saben qui\u00e9n es qui\u00e9n, y por m\u00e1s que le hagan, por m\u00e1s guerra sucia, por m\u00e1s trampas que quieran ponernos estamos arriba\u201d, enfatiz\u00f3 luego de encabezar un mitin en Nuevo Laredo, Tamaulipas.<\/p>\n<p>En cuanto a la propuesta de Meade Kuribre\u00f1a de debatir su situaci\u00f3n patrimonial, el tres veces candidato presidencial les recomend\u00f3 recorrer el pa\u00eds y \u201cprepararse psicol\u00f3gicamente para entregarle la banda presidencial\u201d.<\/p>\n<p>El tabasque\u00f1o afirm\u00f3 que de ganar las elecciones, durante su gobierno se terminar\u00e1n los denominados \u201cgasolinazos\u201d, y no se aumentar\u00e1n impuestos.<\/p>\n<p>En su quinto d\u00eda de la campa\u00f1a que realiza en el norte del pa\u00eds, subray\u00f3 que no ser\u00e1 necesario aumentar los impuestos y \u201cvamos a bajar los sueldos de los de arriba, porque van aumentar los sueldos de los de abajo\u201d.<\/p>\n<p>Por lo que enfatiz\u00f3 que con estas acciones \u201cvan a ganar m\u00e1s los maestros, las enfermeras, los m\u00e9dicos, los polic\u00edas, soldados y se va a aumentar el salario para los trabajadores y aumentar el jornal de los campesinos\u201d.<\/p>\n<p>En Nuevo Laredo, agreg\u00f3 que \u201cvamos a aumentar a partir del primero de enero el salario m\u00ednimo al doble en esta frontera\u201d.<\/p>\n<p>Luego de recordar la historia de la fundaci\u00f3n de esta ciudad, reconoci\u00f3 que anteriormente en el norte del pa\u00eds no se ten\u00eda gran apoyo al movimiento que encabeza; sin embargo, ahora en varios estados del norte se cuenta ya con ese apoyo.<\/p>\n<p>Con la presencia del dirigente del Partido Encuentro Social, Hugo Eric Flores, reiter\u00f3 que se mantendr\u00e1 respetuoso del gobierno de Estados Unidos y pidi\u00f3 el mismo respeto para M\u00e9xico.<\/p>\n<p>Enfatiz\u00f3 que \u201cya no vamos a privatizar los bienes del pueblo y de la naci\u00f3n, no se va a privatizar el agua, no se va privatizar la salud; al contrario va a haber atenci\u00f3n medica y medicamentos\u201d.<\/p>\n<p>Reiter\u00f3 que har\u00e1 frente a la corrupci\u00f3n que es el \u201cc\u00e1ncer\u201d que lastima a M\u00e9xico y con el dinero que se obtenga se impulsar\u00e1 el desarrollo y las actividades productivas del pa\u00eds, adem\u00e1s de asegurar que terminar\u00e1 con los privilegios del gobierno toda vez que \u201cno puede haber gobierno rico con pueblo pobre\u201d.<\/p>\n<p>En la explanada Independencia, L\u00f3pez Obrador destac\u00f3 que desterrar\u00e1 la corrupci\u00f3n, pondr\u00e1 orden, moralizar\u00e1 al pa\u00eds y mejorar\u00e1 la imagen de M\u00e9xico en el extranjero, \u201c\u00e9sa es la gran revoluci\u00f3n pac\u00edfica\u201d.<\/p>\n<p>&nbsp;<\/p>\n","protected":false},"excerpt":{"rendered":"<p>Andr\u00e9s Manuel L\u00f3pez Obrador afirm\u00f3 que en agosto de 2016 ya present\u00f3 su declaraci\u00f3n fiscal, patrimonial y de conflicto de intereses, conocida como 3de3 y que no polemizar\u00e1 con Jos\u00e9 Antonio Meade, quien ret\u00f3 a sus adversarios a transparentar su situaci\u00f3n patrimonial.<\/p>\n","protected":false},"author":5,"featured_media":370986,"comment_status":"open","ping_status":"open","sticky":false,"template":"","format":"standard","meta":{"_monsterinsights_skip_tracking":false,"_monsterinsights_sitenote_active":false,"_monsterinsights_sitenote_note":"","_monsterinsights_sitenote_category":0,"footnotes":""},"categories":[3],"tags":[2545,1352,72330,5641,9711,4769,69000,43673],"class_list":["post-370985","post","type-post","status-publish","format-standard","has-post-thumbnail","hentry","category-nacional","tag-amlo","tag-andres-manuel-lopez-obrador","tag-aumentar-impuestos","tag-declaracion","tag-gasolinazo","tag-gasolinazos","tag-juntos-haremos-historia","tag-nacional"],"_links":{"self":[{"href":"https:\/\/www.diarioimagen.net\/index.php?rest_route=\/wp\/v2\/posts\/370985","targetHints":{"allow":["GET"]}}],"collection":[{"href":"https:\/\/www.diarioimagen.net\/index.php?rest_route=\/wp\/v2\/posts"}],"about":[{"href":"https:\/\/www.diarioimagen.net\/index.php?rest_route=\/wp\/v2\/types\/post"}],"author":[{"embeddable":true,"href":"https:\/\/www.diarioimagen.net\/index.php?rest_route=\/wp\/v2\/users\/5"}],"replies":[{"embeddable":true,"href":"https:\/\/www.diarioimagen.net\/index.php?rest_route=%2Fwp%2Fv2%2Fcomments&post=370985"}],"version-history":[{"count":0,"href":"https:\/\/www.diarioimagen.net\/index.php?rest_route=\/wp\/v2\/posts\/370985\/revisions"}],"wp:featuredmedia":[{"embeddable":true,"href":"https:\/\/www.diarioimagen.net\/index.php?rest_route=\/wp\/v2\/media\/370986"}],"wp:attachment":[{"href":"https:\/\/www.diarioimagen.net\/index.php?rest_route=%2Fwp%2Fv2%2Fmedia&parent=370985"}],"wp:term":[{"taxonomy":"category","embeddable":true,"href":"https:\/\/www.diarioimagen.net\/index.php?rest_route=%2Fwp%2Fv2%2Fcategories&post=370985"},{"taxonomy":"post_tag","embeddable":true,"href":"https:\/\/www.diarioimagen.net\/index.php?rest_route=%2Fwp%2Fv2%2Ftags&post=370985"}],"curies":[{"name":"wp","href":"https:\/\/api.w.org\/{rel}","templated":true}]}}