{"id":370988,"date":"2018-04-06T00:09:40","date_gmt":"2018-04-06T05:09:40","guid":{"rendered":"http:\/\/www.diarioimagen.net\/?p=370988"},"modified":"2018-04-06T00:28:55","modified_gmt":"2018-04-06T05:28:55","slug":"meade-presenta-declaracion-patrimonial-ampliada","status":"publish","type":"post","link":"https:\/\/www.diarioimagen.net\/?p=370988","title":{"rendered":"Presenta Meade su \u201c7de7\u201d y reta a sus contrincantes"},"content":{"rendered":"<ul>\n<li><em><strong>Declaraci\u00f3n patrimonial ampliada<\/strong><\/em><\/li>\n<li><em><strong>Refrenda compromiso de seguir conduci\u00e9ndose con transparencia<\/strong><\/em><\/li>\n<\/ul>\n<p>&nbsp;<\/p>\n<div id=\"attachment_370989\" style=\"width: 470px\" class=\"wp-caption aligncenter\"><img loading=\"lazy\" decoding=\"async\" aria-describedby=\"caption-attachment-370989\" class=\"size-large wp-image-370989\" src=\"http:\/\/www.diarioimagen.net\/wp-content\/uploads\/2018\/04\/MEADE6-PORTAL-460x268.jpg\" alt=\"\" width=\"460\" height=\"268\" srcset=\"https:\/\/www.diarioimagen.net\/wp-content\/uploads\/2018\/04\/MEADE6-PORTAL-460x268.jpg 460w, https:\/\/www.diarioimagen.net\/wp-content\/uploads\/2018\/04\/MEADE6-PORTAL-240x140.jpg 240w, https:\/\/www.diarioimagen.net\/wp-content\/uploads\/2018\/04\/MEADE6-PORTAL.jpg 480w\" sizes=\"auto, (max-width: 460px) 100vw, 460px\" \/><p id=\"caption-attachment-370989\" class=\"wp-caption-text\">Jos\u00e9 Antonio Meade ret\u00f3 a sus contrincantes a certificar la congruencia de su evoluci\u00f3n patrimonial de la misma manera y con el mismo rigor.<\/p><\/div>\n<p>&nbsp;<\/p>\n<p>Jos\u00e9 Antonio Meade Kuribre\u00f1a, candidato presidencial de la coalici\u00f3n Todos Por M\u00e9xico, present\u00f3 su declaraci\u00f3n \u201c7 de 7\u201d, es decir, con cuatro elementos adicionales que incluye una opini\u00f3n t\u00e9cnica y notario p\u00fablico que certifica su congruencia patrimonial.<\/p>\n<p>\u201cYo no tengo nada que esconder\u201d, sentenci\u00f3 el abanderado de los partidos Revolucionario Institucional (PRI), Nueva Alianza (Panal) y Verde Ecologista de M\u00e9xico (PVEM), quien ret\u00f3 a los dem\u00e1s candidatos a certificar la congruencia de su evoluci\u00f3n patrimonial de la misma manera y con el mismo rigor.<\/p>\n<p>Emplaz\u00f3 de nueva cuenta a sus contrincantes a debatir sobre el tema, pues no hay pretexto, y refrend\u00f3 su compromiso con todos los mexicanos de seguir conduci\u00e9ndose siempre, sin excepci\u00f3n, con total rectitud, transparencia y legalidad, en todo momento dentro del marco de Derecho.<\/p>\n<p>\u201cYo s\u00ed soy honesto y as\u00ed ser\u00e1 mi gobierno\u201d, reiter\u00f3 en un mensaje a medios.<\/p>\n<p>Meade Kuribre\u00f1a detall\u00f3 los cuatro elementos adicionales a su declaraci\u00f3n patrimonial, fiscal y de conflicto de intereses que solicita la plataforma \u201c3de3\u201d del Instituto Mexicano de la Competitividad (Imco), que le permiten acreditar la congruencia de su evoluci\u00f3n patrimonial.<\/p>\n<p>El cuarto elemento que agrega a su declaraci\u00f3n es la opini\u00f3n t\u00e9cnica de un contador p\u00fablico certificado que acredita la congruencia de su evoluci\u00f3n patrimonial.<\/p>\n<p>\u201cEl patrimonio acumulado que se muestra a la fecha de esta opini\u00f3n tiene, sin duda alguna, congruencia patrimonial, es decir, se compone de los ahorros acumulados y los ingresos percibidos por el declarante y su c\u00f3nyuge, lo que justifica plenamente las adquisiciones realizadas y el ahorro generado durante el periodo analizado\u201d, se lee en el documento. El abanderado presidencial indic\u00f3 que el quinto elemento adicional en su declaraci\u00f3n son las consultas a los registros p\u00fablicos de la propiedad en todos los estados del pa\u00eds, con la finalidad de transparentar que los \u00fanicos bienes que poseen son los que declar\u00f3.<\/p>\n<p>Adem\u00e1s, solicit\u00f3 otro elemento que acredita que no existen otras fuentes que incrementen su patrimonio, por lo que solicit\u00f3 al Sistema de Administraci\u00f3n Tributaria (SAT), un informe integral de su situaci\u00f3n y comportamiento fiscal.<\/p>\n<p>Afirm\u00f3 que la respuesta le permite corroborar que esta activo en el Registro Federal de Contribuyentes desde 25 junio de 1986, en el que tambi\u00e9n acredita que no est\u00e1 dado de alta como socio o accionista en otro registro federal, que no es representante legal de cualquier ente, que no ha emitido facturas, y que no tiene en este momento alg\u00fan cr\u00e9dito hipotecario.<\/p>\n<p>Tampoco est\u00e1 reportado como proveedor, no tiene cr\u00e9ditos fiscales, no ha recibido dividendos de instituciones financieras y su estatus fiscal es de localizado.<\/p>\n<p>Como s\u00e9ptimo elemento, todos los documentos fueron cotejados por un Notario P\u00fablico que dio fe de la veracidad de la informaci\u00f3n que sirvi\u00f3 de base para la elaboraci\u00f3n del ejercicio presentado.<\/p>\n<p>Los documentos adicionales presentados por el candidato se pueden consultar en la p\u00e1gina de Internet www.meade18.com.<\/p>\n<p>El abanderado de Todos por M\u00e9xico explic\u00f3 que para poder evaluar la conducta de un servidor p\u00fablico se requerir\u00eda de los cuatro elementos que present\u00f3 y que est\u00e1 en congruencia con su iniciativa para prevenir y castigar la corrupci\u00f3n, que en su oportunidad implicar\u00eda pasar de una declaraci\u00f3n \u201c3 de 3\u201d a una \u201c7 de 7\u201d.<\/p>\n<p>Este informe no es s\u00f3lo declarativo sino comprobatorio de la congruencia de los\u00a0 siete elementos que present\u00f3, consultable en l\u00ednea y a la vista de cualquiera.<\/p>\n<p>A trav\u00e9s de su cuenta de Twitter @JoseAMeadeK, el aspirante presidencial refrend\u00f3 su propuesta de que todos los candidatos transparenten su situaci\u00f3n patrimonial.<\/p>\n<p>\u201cTodos los candidatos debemos transparentar nuestra situaci\u00f3n patrimonial. Con la #7de7 acredito mi modo honesto de vivir, acorde a mis ingresos y esfuerzo profesional #YoS\u00edSoyHonesto\u201d, indic\u00f3 en la red social, donde tambi\u00e9n public\u00f3 un video.<\/p>\n<p>En el material audiovisual consider\u00f3 que aunque la declaraci\u00f3n \u201c3 de 3\u201d ayuda a conocer si un funcionario se ha conducido con rectitud, \u201cno es suficiente\u201d, por lo que decidi\u00f3 aportar mayores elementos para certificar su situaci\u00f3n patrimonial.<\/p>\n","protected":false},"excerpt":{"rendered":"<p>Jos\u00e9 Antonio Meade Kuribre\u00f1a, candidato presidencial de la coalici\u00f3n Todos Por M\u00e9xico, present\u00f3 su declaraci\u00f3n \u201c7 de 7\u201d, es decir, con cuatro elementos adicionales que incluye una opini\u00f3n t\u00e9cnica y notario p\u00fablico que certifica su congruencia patrimonial.<\/p>\n","protected":false},"author":5,"featured_media":370989,"comment_status":"open","ping_status":"open","sticky":false,"template":"","format":"standard","meta":{"_monsterinsights_skip_tracking":false,"_monsterinsights_sitenote_active":false,"_monsterinsights_sitenote_note":"","_monsterinsights_sitenote_category":0,"footnotes":""},"categories":[3,25512],"tags":[72331,72332,26429,43673,69783],"class_list":["post-370988","post","type-post","status-publish","format-standard","has-post-thumbnail","hentry","category-nacional","category-nacional-nacional","tag-7-de-7","tag-declaracion-patrimonial","tag-jose-antonio-meade-kuribrena","tag-nacional","tag-todos-por-mexico"],"_links":{"self":[{"href":"https:\/\/www.diarioimagen.net\/index.php?rest_route=\/wp\/v2\/posts\/370988","targetHints":{"allow":["GET"]}}],"collection":[{"href":"https:\/\/www.diarioimagen.net\/index.php?rest_route=\/wp\/v2\/posts"}],"about":[{"href":"https:\/\/www.diarioimagen.net\/index.php?rest_route=\/wp\/v2\/types\/post"}],"author":[{"embeddable":true,"href":"https:\/\/www.diarioimagen.net\/index.php?rest_route=\/wp\/v2\/users\/5"}],"replies":[{"embeddable":true,"href":"https:\/\/www.diarioimagen.net\/index.php?rest_route=%2Fwp%2Fv2%2Fcomments&post=370988"}],"version-history":[{"count":0,"href":"https:\/\/www.diarioimagen.net\/index.php?rest_route=\/wp\/v2\/posts\/370988\/revisions"}],"wp:featuredmedia":[{"embeddable":true,"href":"https:\/\/www.diarioimagen.net\/index.php?rest_route=\/wp\/v2\/media\/370989"}],"wp:attachment":[{"href":"https:\/\/www.diarioimagen.net\/index.php?rest_route=%2Fwp%2Fv2%2Fmedia&parent=370988"}],"wp:term":[{"taxonomy":"category","embeddable":true,"href":"https:\/\/www.diarioimagen.net\/index.php?rest_route=%2Fwp%2Fv2%2Fcategories&post=370988"},{"taxonomy":"post_tag","embeddable":true,"href":"https:\/\/www.diarioimagen.net\/index.php?rest_route=%2Fwp%2Fv2%2Ftags&post=370988"}],"curies":[{"name":"wp","href":"https:\/\/api.w.org\/{rel}","templated":true}]}}