{"id":370994,"date":"2018-04-06T00:11:03","date_gmt":"2018-04-06T05:11:03","guid":{"rendered":"http:\/\/www.diarioimagen.net\/?p=370994"},"modified":"2018-04-06T00:27:41","modified_gmt":"2018-04-06T05:27:41","slug":"epn-a-trump-nada-ni-nadie-por-encima-de-la-dignidad-de-mexico","status":"publish","type":"post","link":"https:\/\/www.diarioimagen.net\/?p=370994","title":{"rendered":"No vamos a negociar con EU con miedo: Pe\u00f1a Nieto"},"content":{"rendered":"<ul>\n<li><em><strong>Mensaje del Presidente a la naci\u00f3n<\/strong><\/em><\/li>\n<li><em><strong>Pide a Trump no dirigir a mexicanos frustraci\u00f3n por asuntos internos<\/strong><\/em><\/li>\n<\/ul>\n<p>&nbsp;<\/p>\n<div id=\"attachment_370995\" style=\"width: 470px\" class=\"wp-caption aligncenter\"><img loading=\"lazy\" decoding=\"async\" aria-describedby=\"caption-attachment-370995\" class=\"wp-image-370995 size-large\" src=\"http:\/\/www.diarioimagen.net\/wp-content\/uploads\/2018\/04\/PE\u00d1A6-PORTAL-460x268.jpg\" alt=\"\" width=\"460\" height=\"268\" srcset=\"https:\/\/www.diarioimagen.net\/wp-content\/uploads\/2018\/04\/PE\u00d1A6-PORTAL-460x268.jpg 460w, https:\/\/www.diarioimagen.net\/wp-content\/uploads\/2018\/04\/PE\u00d1A6-PORTAL-240x140.jpg 240w, https:\/\/www.diarioimagen.net\/wp-content\/uploads\/2018\/04\/PE\u00d1A6-PORTAL.jpg 480w\" sizes=\"auto, (max-width: 460px) 100vw, 460px\" \/><p id=\"caption-attachment-370995\" class=\"wp-caption-text\">Enrique Pe\u00f1a Nieto aclar\u00f3 que en la relaci\u00f3n con Estados Unidos s\u00f3lo se actuar\u00e1 en el mejor inter\u00e9s de los mexicanos.<\/p><\/div>\n<p>&nbsp;<\/p>\n<p>\u201cHay algo que a que todos, absolutamente a todos los mexicanos nos une y nos convoca: la certeza de que nada, ni nadie est\u00e1 por encima de la dignidad de M\u00e9xico\u201d, dijo el presidente Enrique Pe\u00f1a Nieto en un mensaje haciendo referencia a la relaci\u00f3n entre M\u00e9xico y los Estados Unidos de Am\u00e9rica.<\/p>\n<p>Al mandatario de Estados Unidos, Donald Trump le dijo que si desea llegar a acuerdos con M\u00e9xico, \u201cestamos listos\u201d, como lo hemos demostrado hasta ahora, siempre dispuestos a dialogar con seriedad, de buena fe y con esp\u00edritu constructivo.<\/p>\n<p>\u201cSi sus recientes declaraciones derivan de una frustraci\u00f3n por asuntos de pol\u00edtica interna, de sus leyes o de su Congreso, dir\u00edjase a ellos, no a los mexicanos. No vamos a permitir que la ret\u00f3rica negativa defina nuestras acciones\u201d.<\/p>\n<p>El mandatario aclar\u00f3 que solo se actuar\u00e1 en el mejor inter\u00e9s de los mexicanos. \u201cEvocando las palabras de un gran presidente de los Estados Unidos de Am\u00e9rica: no tendremos miedo a negociar. Pero nunca vamos a negociar con miedo\u201d.<\/p>\n<p>Asever\u00f3 que los mexicanos estamos convencidos de que, poni\u00e9ndonos de acuerdo, como amigos, socios y buenos vecinos, a ambos pa\u00edses nos va a ir mucho mejor que confront\u00e1ndonos. \u201cEstamos listos para negociar, s\u00ed, pero siempre partiendo de la base del respeto mutuo\u201d.<\/p>\n<p>Aclar\u00f3 que los mexicanos podemos tener diferencias entre nosotros, y m\u00e1s a\u00fan en tiempos de elecciones, pero estaremos siempre unidos en la defensa de la dignidad\u00a0 de nuestro pa\u00eds.<\/p>\n<p>\u201cPor ello, ante los \u00faltimos acontecimientos, el Senado de la Rep\u00fablica, de manera un\u00e1nime, conden\u00f3 ayer las expresiones ofensivas e infundadas sobre los mexicanos, y demand\u00f3 el trato de respeto que exige una relaci\u00f3n entre pa\u00edses vecinos, socios y aliados.<\/p>\n<p>Pe\u00f1a Nieto precis\u00f3 que a ante este pronunciamiento del Poder Legislativo se sumaron los candidatos a la Presidencia de la Rep\u00fablica. Independientemente de sus naturales diferencias, todos coincidieron en rechazar medidas contrarias a una buena vecindad.<\/p>\n<p>\u201cComo dijo Ricardo Anaya: \u00e9ste es un momento de unidad nacional. No es un tema de campa\u00f1as. Es un tema de pa\u00eds.<\/p>\n<p>\u201cAndr\u00e9s Manuel L\u00f3pez Obrador apunt\u00f3 que necesitamos una relaci\u00f3n de amistad y cooperaci\u00f3n para el desarrollo. No el uso de la fuerza. No muros. No apostar a una mala vecindad\u201d.<\/p>\n<p>\u201cJos\u00e9 Antonio Meade se\u00f1al\u00f3 que es momento para que todos nos unamos en la defensa de la soberan\u00eda y la dignidad de la Naci\u00f3n\u201d.<\/p>\n<p>\u201cY Margarita Zavala dijo que, a la hora de defender la dignidad nacional, todos hablamos con una sola voz y exigimos respeto\u201d.<\/p>\n<p>En su mensaje a las y los mexicanos, Pe\u00f1a Nieto asegur\u00f3 que como Presidente coincide con esas expresiones, porque M\u00e9xico es una naci\u00f3n grande y fuerte, orgullosa de su gran historia y cultura; de su presente din\u00e1mico y de un brillante futuro.<\/p>\n<p>\u201cSomos un pa\u00eds vibrante, innovador y lleno de talento, una naci\u00f3n generosa y con un gran coraz\u00f3n, pero sobre todo, somos una Naci\u00f3n soberana, con valores y con principios. \u201cY aqu\u00ed estamos, 125 millones de mexicanos, muy orgullosos de todo lo que somos.<\/p>\n<p>El Presidente mexicano record\u00f3 tambi\u00e9n que hace poco m\u00e1s de un a\u00f1o, como responsable de dirigir la pol\u00edtica exterior del pa\u00eds, estableci\u00f3 dos principios fundamentales que habr\u00edan de guiar la relaci\u00f3n con la Administraci\u00f3n del Presidente Donald Trump.<\/p>\n<p>\u201cPrimero. Salvaguardar, ante todo, el inter\u00e9s nacional, nuestra soberan\u00eda y la dignidad de los mexicanos.<\/p>\n<p>\u201cY, segundo, mantener una visi\u00f3n constructiva y abierta, que nos permitiera superar diferencias, enfrentar retos comunes y alcanzar acuerdos.<\/p>\n<p>Precis\u00f3 que ante ello, ha habido congruencia con esa visi\u00f3n, porque los esfuerzos del Gobierno de M\u00e9xico se han dirigido a construir una relaci\u00f3n institucional, de respeto mutuo y beneficio para ambas naciones.<\/p>\n<p>\u201cPor eso, hemos avanzado en las negociaciones para modernizar el Tratado de Libre Comercio de Am\u00e9rica del Norte, con el objetivo de mejorar la competitividad de la regi\u00f3n y crear en ella m\u00e1s y mejores empleos.<\/p>\n<p>\u201cTambi\u00e9n, hemos profundizado esfuerzos para combatir el crimen organizado transnacional, que tanto afecta a nuestras comunidades; que en ning\u00fan momento hemos escatimado nuestra cooperaci\u00f3n, porque somos conscientes de la responsabilidad compartida que implica esta importante labor\u201d.<\/p>\n<p>Y, por supuesto, dijo, hemos defendido todos los d\u00edas los derechos de los mexicanos en Estados Unidos, siempre con respeto al marco legal de ese pa\u00eds vecino.<\/p>\n<p>\u201cLa relaci\u00f3n bilateral conlleva enormes oportunidades, que ambas naciones debemos aprovechar, porque se trata de una relaci\u00f3n intensa y din\u00e1mica, que naturalmente tambi\u00e9n nos presenta retos. Pero estos desaf\u00edos nunca justificar\u00e1n actitudes amenazantes o faltas de respeto entre nuestros pa\u00edses\u201d.<\/p>\n","protected":false},"excerpt":{"rendered":"<p>\u201cHay algo que a que todos, absolutamente a todos los mexicanos nos une y nos convoca: la certeza de que nada, ni nadie est\u00e1 por encima de la dignidad de M\u00e9xico\u201d, dijo el presidente Enrique Pe\u00f1a Nieto en un mensaje haciendo referencia a la relaci\u00f3n entre M\u00e9xico y los Estados Unidos de Am\u00e9rica.<\/p>\n","protected":false},"author":5,"featured_media":370995,"comment_status":"open","ping_status":"open","sticky":false,"template":"","format":"standard","meta":{"_monsterinsights_skip_tracking":false,"_monsterinsights_sitenote_active":false,"_monsterinsights_sitenote_note":"","_monsterinsights_sitenote_category":0,"footnotes":""},"categories":[8],"tags":[72335,41813,18,177,72337,68846,43673,72336,72363,72338],"class_list":["post-370994","post","type-post","status-publish","format-standard","has-post-thumbnail","hentry","category-finanzas","tag-dignidad-de-mexico","tag-donald-trump","tag-enrique-pena-nieto","tag-estados-unidos","tag-estados-unidos-de-america","tag-miedo","tag-nacional","tag-nada-ni-nadie","tag-negociar","tag-estamos-listos"],"_links":{"self":[{"href":"https:\/\/www.diarioimagen.net\/index.php?rest_route=\/wp\/v2\/posts\/370994","targetHints":{"allow":["GET"]}}],"collection":[{"href":"https:\/\/www.diarioimagen.net\/index.php?rest_route=\/wp\/v2\/posts"}],"about":[{"href":"https:\/\/www.diarioimagen.net\/index.php?rest_route=\/wp\/v2\/types\/post"}],"author":[{"embeddable":true,"href":"https:\/\/www.diarioimagen.net\/index.php?rest_route=\/wp\/v2\/users\/5"}],"replies":[{"embeddable":true,"href":"https:\/\/www.diarioimagen.net\/index.php?rest_route=%2Fwp%2Fv2%2Fcomments&post=370994"}],"version-history":[{"count":0,"href":"https:\/\/www.diarioimagen.net\/index.php?rest_route=\/wp\/v2\/posts\/370994\/revisions"}],"wp:featuredmedia":[{"embeddable":true,"href":"https:\/\/www.diarioimagen.net\/index.php?rest_route=\/wp\/v2\/media\/370995"}],"wp:attachment":[{"href":"https:\/\/www.diarioimagen.net\/index.php?rest_route=%2Fwp%2Fv2%2Fmedia&parent=370994"}],"wp:term":[{"taxonomy":"category","embeddable":true,"href":"https:\/\/www.diarioimagen.net\/index.php?rest_route=%2Fwp%2Fv2%2Fcategories&post=370994"},{"taxonomy":"post_tag","embeddable":true,"href":"https:\/\/www.diarioimagen.net\/index.php?rest_route=%2Fwp%2Fv2%2Ftags&post=370994"}],"curies":[{"name":"wp","href":"https:\/\/api.w.org\/{rel}","templated":true}]}}