{"id":371033,"date":"2018-04-06T00:09:31","date_gmt":"2018-04-06T05:09:31","guid":{"rendered":"http:\/\/www.diarioimagen.net\/?p=371033"},"modified":"2018-04-08T22:48:01","modified_gmt":"2018-04-09T03:48:01","slug":"une-a-presidenciales-bravuconerias-de-trump","status":"publish","type":"post","link":"https:\/\/www.diarioimagen.net\/?p=371033","title":{"rendered":"Une a presidenciales bravuconer\u00edas de Trump"},"content":{"rendered":"<ul>\n<li><em><strong> Militarizaci\u00f3n de la frontera con M\u00e9xico<\/strong><\/em><\/li>\n<li><em><strong>Los candidatos alzan la voz para defender la dignidad del pa\u00eds<\/strong><\/em><\/li>\n<\/ul>\n<h6>Jos\u00e9 Luis Monta\u00f1ez<\/h6>\n<p>&nbsp;<\/p>\n<div id=\"attachment_371132\" style=\"width: 470px\" class=\"wp-caption aligncenter\"><a href=\"http:\/\/www.diarioimagen.net\/?attachment_id=371132\" rel=\"attachment wp-att-371132\"><img loading=\"lazy\" decoding=\"async\" aria-describedby=\"caption-attachment-371132\" class=\"size-large wp-image-371132\" src=\"http:\/\/www.diarioimagen.net\/wp-content\/uploads\/2018\/04\/candidatos-3341-460x259.jpg\" alt=\"\" width=\"460\" height=\"259\" srcset=\"https:\/\/www.diarioimagen.net\/wp-content\/uploads\/2018\/04\/candidatos-3341-460x259.jpg 460w, https:\/\/www.diarioimagen.net\/wp-content\/uploads\/2018\/04\/candidatos-3341-240x135.jpg 240w, https:\/\/www.diarioimagen.net\/wp-content\/uploads\/2018\/04\/candidatos-3341-235x132.jpg 235w, https:\/\/www.diarioimagen.net\/wp-content\/uploads\/2018\/04\/candidatos-3341-202x114.jpg 202w, https:\/\/www.diarioimagen.net\/wp-content\/uploads\/2018\/04\/candidatos-3341-350x196.jpg 350w, https:\/\/www.diarioimagen.net\/wp-content\/uploads\/2018\/04\/candidatos-3341-220x123.jpg 220w, https:\/\/www.diarioimagen.net\/wp-content\/uploads\/2018\/04\/candidatos-3341-237x132.jpg 237w, https:\/\/www.diarioimagen.net\/wp-content\/uploads\/2018\/04\/candidatos-3341.jpg 480w\" sizes=\"auto, (max-width: 460px) 100vw, 460px\" \/><\/a><p id=\"caption-attachment-371132\" class=\"wp-caption-text\">Candidatos presidenciales vs Trump.<\/p><\/div>\n<p>&nbsp;<\/p>\n<p>Los candidatos presidenciales se pronunciaron en contra de la orden de Donald Trump de desplegar de la Guardia Nacional en la frontera con M\u00e9xico. Andr\u00e9s Manuel L\u00f3pez Obrador dijo que coincide con Enrique Pe\u00f1a Nieto en la respuesta que dio ante los recientes se\u00f1alamientos del mandatario estadunidense, porque por encima de las diferencias est\u00e1 el inter\u00e9s nacional.<\/p>\n<p>Por su parte, el candidato panista Ricardo Anaya, llam\u00f3 a estar juntos y hacer un solo frente ante las amenazas del magnate. \u201cEl cierre de filas no debe ser con una persona sino al pa\u00eds y en torno a los intereses de M\u00e9xico\u201d, dijo. Mientras tanto, Jos\u00e9 Antonio Meade se sum\u00f3 al presidente Enrique Pe\u00f1a Nieto as\u00ed como a sus contrincantes en torno a la respuesta y posici\u00f3n de M\u00e9xico ante las intenciones de EU de militarizar la frontera.<\/p>\n<p>El candidato de la coalici\u00f3n PRI-PVEM- Panal asegur\u00f3 que frente a las amenazas de Trump, \u201cjuntos somos m\u00e1s fuertes\u201d. La aspirante presidencial independiente, Margarita Zavala, aplaudi\u00f3 el mensaje que emiti\u00f3 Pe\u00f1a Nieto a Trump y opin\u00f3 que pese al encono que representan las campa\u00f1as presidenciales, todos los abanderados de los diferentes partidos se unen en una sola voz para defender la dignidad<br \/>\nde M\u00e9xico.<\/p>\n","protected":false},"excerpt":{"rendered":"<p><span style=\"color: #005497;\">Jos\u00e9 Luis Monta\u00f1ez<\/span><br \/>\n<br \/>\nLos candidatos presidenciales se pronunciaron en contra de la orden de Donald Trump de desplegar de la Guardia Nacional en la frontera con M\u00e9xico. Andr\u00e9s Manuel L\u00f3pez Obrador dijo que coincide con Enrique Pe\u00f1a Nieto en la respuesta que dio ante los recientes se\u00f1alamientos del mandatario estadunidense, porque por encima de las diferencias est\u00e1 el inter\u00e9s nacional.<\/p>\n","protected":false},"author":3,"featured_media":371132,"comment_status":"open","ping_status":"open","sticky":false,"template":"","format":"standard","meta":{"_monsterinsights_skip_tracking":false,"_monsterinsights_sitenote_active":false,"_monsterinsights_sitenote_note":"","_monsterinsights_sitenote_category":0,"footnotes":""},"categories":[3],"tags":[1352,72361,41813,4160,26429,13639,7347],"class_list":["post-371033","post","type-post","status-publish","format-standard","has-post-thumbnail","hentry","category-nacional","tag-andres-manuel-lopez-obrador","tag-bravuconerias","tag-donald-trump","tag-guardia-nacional","tag-jose-antonio-meade-kuribrena","tag-margarita-zavala-gomez-del-campo","tag-ricardo-anaya-cortes"],"_links":{"self":[{"href":"https:\/\/www.diarioimagen.net\/index.php?rest_route=\/wp\/v2\/posts\/371033","targetHints":{"allow":["GET"]}}],"collection":[{"href":"https:\/\/www.diarioimagen.net\/index.php?rest_route=\/wp\/v2\/posts"}],"about":[{"href":"https:\/\/www.diarioimagen.net\/index.php?rest_route=\/wp\/v2\/types\/post"}],"author":[{"embeddable":true,"href":"https:\/\/www.diarioimagen.net\/index.php?rest_route=\/wp\/v2\/users\/3"}],"replies":[{"embeddable":true,"href":"https:\/\/www.diarioimagen.net\/index.php?rest_route=%2Fwp%2Fv2%2Fcomments&post=371033"}],"version-history":[{"count":0,"href":"https:\/\/www.diarioimagen.net\/index.php?rest_route=\/wp\/v2\/posts\/371033\/revisions"}],"wp:featuredmedia":[{"embeddable":true,"href":"https:\/\/www.diarioimagen.net\/index.php?rest_route=\/wp\/v2\/media\/371132"}],"wp:attachment":[{"href":"https:\/\/www.diarioimagen.net\/index.php?rest_route=%2Fwp%2Fv2%2Fmedia&parent=371033"}],"wp:term":[{"taxonomy":"category","embeddable":true,"href":"https:\/\/www.diarioimagen.net\/index.php?rest_route=%2Fwp%2Fv2%2Fcategories&post=371033"},{"taxonomy":"post_tag","embeddable":true,"href":"https:\/\/www.diarioimagen.net\/index.php?rest_route=%2Fwp%2Fv2%2Ftags&post=371033"}],"curies":[{"name":"wp","href":"https:\/\/api.w.org\/{rel}","templated":true}]}}