{"id":371071,"date":"2018-04-06T00:08:06","date_gmt":"2018-04-06T05:08:06","guid":{"rendered":"http:\/\/www.diarioimagen.net\/?p=371071"},"modified":"2018-04-06T08:05:57","modified_gmt":"2018-04-06T13:05:57","slug":"proteccion-civil-y-bomberos-capacitan-a-los-servidores-publicos-de-tultitlan","status":"publish","type":"post","link":"https:\/\/www.diarioimagen.net\/?p=371071","title":{"rendered":"Protecci\u00f3n Civil y bomberos capacitan a los servidores p\u00fablicos de Tultitl\u00e1n"},"content":{"rendered":"<ul>\n<li><strong><em>Cursos en materia de primeros auxilios<\/em><\/strong><\/li>\n<\/ul>\n<p>&nbsp;<\/p>\n<div id=\"attachment_371155\" style=\"width: 470px\" class=\"wp-caption aligncenter\"><a href=\"http:\/\/www.diarioimagen.net\/?attachment_id=371155\" rel=\"attachment wp-att-371155\"><img loading=\"lazy\" decoding=\"async\" aria-describedby=\"caption-attachment-371155\" class=\"size-large wp-image-371155\" src=\"http:\/\/www.diarioimagen.net\/wp-content\/uploads\/2018\/04\/TULTITLAN-3341-460x259.jpg\" alt=\"\" width=\"460\" height=\"259\" srcset=\"https:\/\/www.diarioimagen.net\/wp-content\/uploads\/2018\/04\/TULTITLAN-3341-460x259.jpg 460w, https:\/\/www.diarioimagen.net\/wp-content\/uploads\/2018\/04\/TULTITLAN-3341-240x135.jpg 240w, https:\/\/www.diarioimagen.net\/wp-content\/uploads\/2018\/04\/TULTITLAN-3341-235x132.jpg 235w, https:\/\/www.diarioimagen.net\/wp-content\/uploads\/2018\/04\/TULTITLAN-3341-202x114.jpg 202w, https:\/\/www.diarioimagen.net\/wp-content\/uploads\/2018\/04\/TULTITLAN-3341-350x196.jpg 350w, https:\/\/www.diarioimagen.net\/wp-content\/uploads\/2018\/04\/TULTITLAN-3341-220x123.jpg 220w, https:\/\/www.diarioimagen.net\/wp-content\/uploads\/2018\/04\/TULTITLAN-3341-237x132.jpg 237w, https:\/\/www.diarioimagen.net\/wp-content\/uploads\/2018\/04\/TULTITLAN-3341.jpg 480w\" sizes=\"auto, (max-width: 460px) 100vw, 460px\" \/><\/a><p id=\"caption-attachment-371155\" class=\"wp-caption-text\">Personal adscrito a Protecci\u00f3n Civil y bomberos impartir\u00e1 un curso de primeros auxilios a servidores p\u00fablicos.<\/p><\/div>\n<p>&nbsp;<\/p>\n<p><strong>Tultitl\u00e1n, Estado de M\u00e9xico<\/strong>.- Preocupado por el bienestar\u00a0 de la comunidad tultitlense, el gobierno de Tultitl\u00e1n, a trav\u00e9s de la Direcci\u00f3n de Protecci\u00f3n Civil y bomberos, impartir\u00e1 un curso de primeros auxilios a servidores p\u00fablicos, con el objetivo de concientizar e indicar las acciones que se deben emprender ante alguna emergencia.<\/p>\n<p>Dicho curso consiste en tres m\u00f3dulos. El primero de ellos, aborda el tema \u201cPrimeros Auxilios\u201d. El segundo se denomina \u201cBrigada de Evacuaci\u00f3n, B\u00fasqueda y Rescate\u201d. Y el tercero se refiere a \u201cPrevenci\u00f3n y Combate de Incendios\u201d.<\/p>\n<p>La direcci\u00f3n de Protecci\u00f3n Civil se\u00f1al\u00f3 que \u201cestos cursos se imparten a todo el personal del gobierno municipal.<\/p>\n<p>\u201cVamos a proseguir con personal adscrito al DIF y a la Delegaci\u00f3n de Zona Oriente. La capacitaci\u00f3n en situaciones de emergencia es un tema que el Sistema Municipal ha solicitado que se realice continuamente, para reforzar los conocimientos\u201d.<\/p>\n<p>Finalmente, personal adscrito a Protecci\u00f3n Civil y Bomberos puso a disposici\u00f3n los tel\u00e9fonos del \u00e1rea para cualquier emergencia que se presente o simplemente solicitar alguna pl\u00e1tica en escuelas, comunidades o empresas del municipio de Tultitl\u00e1n.<\/p>\n<p>\u201cEstos cursos los impartimos a quien lo solicite, hemos realizado varios con instituciones educativas, son quienes m\u00e1s lo solicitan, pero podemos acudir a las colonias, es importante aclarar que son sin ning\u00fan costo, \u00fanicamente deben llamar a los tel\u00e9fonos 58882371 o 58883065 para agendar\u201d.<\/p>\n","protected":false},"excerpt":{"rendered":"<p>Preocupado por el bienestar  de la comunidad tultitlense, el gobierno de Tultitl\u00e1n, a trav\u00e9s de la Direcci\u00f3n de Protecci\u00f3n Civil y bomberos, impartir\u00e1 un curso de primeros auxilios a servidores p\u00fablicos, con el objetivo de concientizar e indicar las acciones que se deben emprender ante alguna emergencia.<\/p>\n","protected":false},"author":3,"featured_media":371155,"comment_status":"open","ping_status":"open","sticky":false,"template":"","format":"standard","meta":{"_monsterinsights_skip_tracking":false,"_monsterinsights_sitenote_active":false,"_monsterinsights_sitenote_note":"","_monsterinsights_sitenote_category":0,"footnotes":""},"categories":[35155],"tags":[25972,43675,2575,578],"class_list":["post-371071","post","type-post","status-publish","format-standard","has-post-thumbnail","hentry","category-estado-de-mexico-estado-de-mexico","tag-capacitacion","tag-estado-de-mexico","tag-servidores-publicos","tag-tultitlan"],"_links":{"self":[{"href":"https:\/\/www.diarioimagen.net\/index.php?rest_route=\/wp\/v2\/posts\/371071","targetHints":{"allow":["GET"]}}],"collection":[{"href":"https:\/\/www.diarioimagen.net\/index.php?rest_route=\/wp\/v2\/posts"}],"about":[{"href":"https:\/\/www.diarioimagen.net\/index.php?rest_route=\/wp\/v2\/types\/post"}],"author":[{"embeddable":true,"href":"https:\/\/www.diarioimagen.net\/index.php?rest_route=\/wp\/v2\/users\/3"}],"replies":[{"embeddable":true,"href":"https:\/\/www.diarioimagen.net\/index.php?rest_route=%2Fwp%2Fv2%2Fcomments&post=371071"}],"version-history":[{"count":0,"href":"https:\/\/www.diarioimagen.net\/index.php?rest_route=\/wp\/v2\/posts\/371071\/revisions"}],"wp:featuredmedia":[{"embeddable":true,"href":"https:\/\/www.diarioimagen.net\/index.php?rest_route=\/wp\/v2\/media\/371155"}],"wp:attachment":[{"href":"https:\/\/www.diarioimagen.net\/index.php?rest_route=%2Fwp%2Fv2%2Fmedia&parent=371071"}],"wp:term":[{"taxonomy":"category","embeddable":true,"href":"https:\/\/www.diarioimagen.net\/index.php?rest_route=%2Fwp%2Fv2%2Fcategories&post=371071"},{"taxonomy":"post_tag","embeddable":true,"href":"https:\/\/www.diarioimagen.net\/index.php?rest_route=%2Fwp%2Fv2%2Ftags&post=371071"}],"curies":[{"name":"wp","href":"https:\/\/api.w.org\/{rel}","templated":true}]}}