{"id":371227,"date":"2018-04-09T00:10:15","date_gmt":"2018-04-09T05:10:15","guid":{"rendered":"http:\/\/www.diarioimagen.net\/?p=371227"},"modified":"2018-04-09T09:05:04","modified_gmt":"2018-04-09T14:05:04","slug":"casi-150-pequenos-en-la-carrera-atletica-en-festinarte-2018","status":"publish","type":"post","link":"https:\/\/www.diarioimagen.net\/?p=371227","title":{"rendered":"Casi 150 peque\u00f1os en la carrera atl\u00e9tica en Fest\u00ednArte 2018"},"content":{"rendered":"<ul>\n<li><strong><em>Concluye el festival cultural<\/em><\/strong><\/li>\n<\/ul>\n<p>&nbsp;<\/p>\n<div id=\"attachment_371319\" style=\"width: 470px\" class=\"wp-caption aligncenter\"><a href=\"http:\/\/www.diarioimagen.net\/?attachment_id=371319\" rel=\"attachment wp-att-371319\"><img loading=\"lazy\" decoding=\"async\" aria-describedby=\"caption-attachment-371319\" class=\"size-large wp-image-371319\" src=\"http:\/\/www.diarioimagen.net\/wp-content\/uploads\/2018\/04\/CARRERA-3342-460x259.jpg\" alt=\"\" width=\"460\" height=\"259\" srcset=\"https:\/\/www.diarioimagen.net\/wp-content\/uploads\/2018\/04\/CARRERA-3342-460x259.jpg 460w, https:\/\/www.diarioimagen.net\/wp-content\/uploads\/2018\/04\/CARRERA-3342-240x135.jpg 240w, https:\/\/www.diarioimagen.net\/wp-content\/uploads\/2018\/04\/CARRERA-3342-235x132.jpg 235w, https:\/\/www.diarioimagen.net\/wp-content\/uploads\/2018\/04\/CARRERA-3342-202x114.jpg 202w, https:\/\/www.diarioimagen.net\/wp-content\/uploads\/2018\/04\/CARRERA-3342-350x196.jpg 350w, https:\/\/www.diarioimagen.net\/wp-content\/uploads\/2018\/04\/CARRERA-3342-220x123.jpg 220w, https:\/\/www.diarioimagen.net\/wp-content\/uploads\/2018\/04\/CARRERA-3342-237x132.jpg 237w, https:\/\/www.diarioimagen.net\/wp-content\/uploads\/2018\/04\/CARRERA-3342.jpg 480w\" sizes=\"auto, (max-width: 460px) 100vw, 460px\" \/><\/a><p id=\"caption-attachment-371319\" class=\"wp-caption-text\">Los tres primeros lugares de cada categor\u00eda recibieron un kit deportivo y una medalla, mientras que a todos los participantes les entregaron su presea.<\/p><\/div>\n<p>&nbsp;<\/p>\n<p><strong>Toluca, Estado de M\u00e9xico<\/strong>.- Desde muy temprano, la comunidad infantil mexiquense se dio cita en las instalaciones del Centro Cultural para participar en la carrera atl\u00e9tica que, con motivo del cierre de Fest\u00ednArte 2018, prepararon los organizadores de este festival cultural.<\/p>\n<p>La prueba, en la que participaron cerca de 150 peque\u00f1os, estuvo dividida en cinco categor\u00edas, seg\u00fan la edad de los participantes: de 3 a 4 a\u00f1os, 5 a 6, 7 a 8, 9 a 10 y 11 a 12, cuyas distancias a recorrer fueron desde los 15 metros para los peque\u00f1os, hasta los 100 para los mayores.<\/p>\n<p>Los tres primeros lugares de cada categor\u00eda recibieron un kit deportivo y una medalla, mientras que a todos los participantes les entregaron su medalla.<\/p>\n<p>A las 12:00 horas inici\u00f3 el concierto a cargo de Patita de perro, agrupaci\u00f3n de rock para ni\u00f1os, con sus cinco integrantes al frente de la bater\u00eda, la guitarra, el bajo, el teclado y la arm\u00f3nica, quienes ejecutaron piezas educativas, humor\u00edsticas y sencillas como Coraz\u00f3n de Coca, L\u00e1vate los dientes y Mam\u00e1 soltera, entre otras que el p\u00fablico bail\u00f3 y cant\u00f3.<\/p>\n<p>Posterior al concierto, se dio paso a la puesta en escena \u201cPat\u00fa, el muerto vivo\u201d, de la compa\u00f1\u00eda Comparsa la Bulla. \u00c9sta es la historia de un hombre que perdi\u00f3 su coraz\u00f3n, pero que conserva sus buenas intenciones y a trav\u00e9s de otros personajes, Bela y Barbie valiente, se ve orillado a tomar la decisi\u00f3n m\u00e1s importante de su vida: romper con su pasado y conseguir su propia felicidad o continuar atrapado por siempre en un cementerio de rencor y tristeza.<\/p>\n<p>M\u00fasica en vivo, cantos, bailes y malabares hicieron de esta ma\u00f1ana un cierre digno de recordar, pues las familias asistentes aplaudieron y ovacionaron continuamente a estas agrupaciones que lograron la interacci\u00f3n y sana convivencia con un p\u00fablico entregado al arte y la cultura.<\/p>\n","protected":false},"excerpt":{"rendered":"<p>Desde muy temprano, la comunidad infantil mexiquense se dio cita en las instalaciones del Centro Cultural para participar en la carrera atl\u00e9tica que, con motivo del cierre de Fest\u00ednArte 2018, prepararon los organizadores de este festival cultural.<\/p>\n","protected":false},"author":3,"featured_media":371319,"comment_status":"open","ping_status":"open","sticky":false,"template":"","format":"standard","meta":{"_monsterinsights_skip_tracking":false,"_monsterinsights_sitenote_active":false,"_monsterinsights_sitenote_note":"","_monsterinsights_sitenote_category":0,"footnotes":""},"categories":[5],"tags":[43675,72395,452],"class_list":["post-371227","post","type-post","status-publish","format-standard","has-post-thumbnail","hentry","category-estado-de-mexico","tag-estado-de-mexico","tag-festinarte-2018","tag-toluca"],"_links":{"self":[{"href":"https:\/\/www.diarioimagen.net\/index.php?rest_route=\/wp\/v2\/posts\/371227","targetHints":{"allow":["GET"]}}],"collection":[{"href":"https:\/\/www.diarioimagen.net\/index.php?rest_route=\/wp\/v2\/posts"}],"about":[{"href":"https:\/\/www.diarioimagen.net\/index.php?rest_route=\/wp\/v2\/types\/post"}],"author":[{"embeddable":true,"href":"https:\/\/www.diarioimagen.net\/index.php?rest_route=\/wp\/v2\/users\/3"}],"replies":[{"embeddable":true,"href":"https:\/\/www.diarioimagen.net\/index.php?rest_route=%2Fwp%2Fv2%2Fcomments&post=371227"}],"version-history":[{"count":0,"href":"https:\/\/www.diarioimagen.net\/index.php?rest_route=\/wp\/v2\/posts\/371227\/revisions"}],"wp:featuredmedia":[{"embeddable":true,"href":"https:\/\/www.diarioimagen.net\/index.php?rest_route=\/wp\/v2\/media\/371319"}],"wp:attachment":[{"href":"https:\/\/www.diarioimagen.net\/index.php?rest_route=%2Fwp%2Fv2%2Fmedia&parent=371227"}],"wp:term":[{"taxonomy":"category","embeddable":true,"href":"https:\/\/www.diarioimagen.net\/index.php?rest_route=%2Fwp%2Fv2%2Fcategories&post=371227"},{"taxonomy":"post_tag","embeddable":true,"href":"https:\/\/www.diarioimagen.net\/index.php?rest_route=%2Fwp%2Fv2%2Ftags&post=371227"}],"curies":[{"name":"wp","href":"https:\/\/api.w.org\/{rel}","templated":true}]}}