{"id":371229,"date":"2018-04-09T00:11:39","date_gmt":"2018-04-09T05:11:39","guid":{"rendered":"http:\/\/www.diarioimagen.net\/?p=371229"},"modified":"2018-04-09T09:02:52","modified_gmt":"2018-04-09T14:02:52","slug":"empleados-del-congreso-podran-usar-declaranet","status":"publish","type":"post","link":"https:\/\/www.diarioimagen.net\/?p=371229","title":{"rendered":"Empleados del Congreso podr\u00e1n usar Declaranet"},"content":{"rendered":"<h2>Arco Norte<\/h2>\n<h5>Jos\u00e9 Luis Monta\u00f1ez Aguilar<\/h5>\n<p>&nbsp;<\/p>\n<div id=\"attachment_371321\" style=\"width: 470px\" class=\"wp-caption aligncenter\"><a href=\"http:\/\/www.diarioimagen.net\/?attachment_id=371321\" rel=\"attachment wp-att-371321\"><img loading=\"lazy\" decoding=\"async\" aria-describedby=\"caption-attachment-371321\" class=\"size-large wp-image-371321\" src=\"http:\/\/www.diarioimagen.net\/wp-content\/uploads\/2018\/04\/arco-3342-460x259.jpg\" alt=\"\" width=\"460\" height=\"259\" srcset=\"https:\/\/www.diarioimagen.net\/wp-content\/uploads\/2018\/04\/arco-3342-460x259.jpg 460w, https:\/\/www.diarioimagen.net\/wp-content\/uploads\/2018\/04\/arco-3342-240x135.jpg 240w, https:\/\/www.diarioimagen.net\/wp-content\/uploads\/2018\/04\/arco-3342-235x132.jpg 235w, https:\/\/www.diarioimagen.net\/wp-content\/uploads\/2018\/04\/arco-3342-202x114.jpg 202w, https:\/\/www.diarioimagen.net\/wp-content\/uploads\/2018\/04\/arco-3342-350x196.jpg 350w, https:\/\/www.diarioimagen.net\/wp-content\/uploads\/2018\/04\/arco-3342-220x123.jpg 220w, https:\/\/www.diarioimagen.net\/wp-content\/uploads\/2018\/04\/arco-3342-237x132.jpg 237w, https:\/\/www.diarioimagen.net\/wp-content\/uploads\/2018\/04\/arco-3342.jpg 480w\" sizes=\"auto, (max-width: 460px) 100vw, 460px\" \/><\/a><p id=\"caption-attachment-371321\" class=\"wp-caption-text\">Los tres primeros lugares de cada categor\u00eda recibieron un kit deportivo y una medalla, mientras que a todos los participantes les entregaron su presea.<\/p><\/div>\n<p>&nbsp;<\/p>\n<p>La Secretar\u00eda de la Contralor\u00eda del gobierno del Estado de M\u00e9xico y la Contralor\u00eda del Congreso local suscribieron un convenio para que los m\u00e1s de mil 900 servidores p\u00fablicos del Poder Legislativo utilicen el Sistema de Declaraciones Patrimoniales y de Intereses \u201cDecl@raNET\u201d y, con ello, optimizar el proceso de recepci\u00f3n y monitoreo del cumplimiento de esta obligaci\u00f3n.<\/p>\n<p>De esta forma, se acatan tambi\u00e9n las reformas realizadas a nuestra Constituci\u00f3n y a la legislaci\u00f3n general para el combate a la corrupci\u00f3n, las cuales entraron en vigor en julio del a\u00f1o pasado. \u201cDecl@raNET\u201d, medio \u00e1gil, moderno, seguro y de f\u00e1cil uso, permite al servidor p\u00fablico capturar la informaci\u00f3n de las Declaraciones de Situaci\u00f3n Patrimonial y de Intereses, recibir la constancia de la presentaci\u00f3n de la Declaraci\u00f3n Fiscal, as\u00ed como enviarlas por v\u00eda electr\u00f3nica.<\/p>\n<p>Cabe recordar que esta herramienta inici\u00f3 operaci\u00f3n en mayo de 2002, a fin de que los servidores p\u00fablicos del Poder Ejecutivo del Estado de M\u00e9xico y los 125 ayuntamientos obligados a presentar Declaraciones de Situaci\u00f3n Patrimonial y de Intereses, lo hicieran por este medio.<\/p>\n<p>&nbsp;<\/p>\n<p style=\"text-align: center;\"><strong>Recomiendan revisar instalaciones de agua dom\u00e9sticas, comerciales e industriales <\/strong><\/p>\n<p>Con el prop\u00f3sito de hacer uso eficiente del agua potable en estos meses previos a la temporada de lluvia, las autoridades del Estado de M\u00e9xico recomiendan revisar las instalaciones hidr\u00e1ulicas dom\u00e9sticas, comerciales e industriales para detectar y reparar fugas.<\/p>\n<p>La Comisi\u00f3n del Agua del Estado de M\u00e9xico (CAEM) recomienda que adem\u00e1s de reusar el l\u00edquido en el hogar e instalar dispositivos ahorradores, se debe llevar a cabo una revisi\u00f3n peri\u00f3dica de la instalaci\u00f3n dom\u00e9stica para detectar y reparar las fugas, lo que tambi\u00e9n aportar\u00e1 beneficios a la econom\u00eda familiar a la hora de pagar el recibo por el servicio.<\/p>\n<p>Las autoridades hacen un reconocimiento a la conciencia social respecto al tema del cuidado del agua y sugieren llevar a cabo m\u00e1s acciones para hacer un uso responsable de este recurso finito. Las empresas, las oficinas y los negocios pueden incluir estas medidas en su agenda de mantenimiento, para hacer m\u00e1s eficiente el empleo de sus recursos.<\/p>\n<p><em><a href=\"mailto:montanezaguilar@gmail.com\" target=\"_blank\" rel=\"noopener noreferrer\">montanezaguilar@gmail.com<\/a><\/em><\/p>\n","protected":false},"excerpt":{"rendered":"<p><span style=\"color: #005497;\">Jos\u00e9 Luis Monta\u00f1ez Aguilar<\/span><br \/>\n<br \/>\nLa Secretar\u00eda de la Contralor\u00eda del gobierno del Estado de M\u00e9xico y la Contralor\u00eda del Congreso local suscribieron un convenio para que los m\u00e1s de mil 900 servidores p\u00fablicos del Poder Legislativo utilicen el Sistema de Declaraciones Patrimoniales y de Intereses \u201cDecl@raNET\u201d y, con ello, optimizar el proceso de recepci\u00f3n y monitoreo del cumplimiento de esta obligaci\u00f3n.<\/p>\n","protected":false},"author":3,"featured_media":371321,"comment_status":"open","ping_status":"open","sticky":false,"template":"","format":"standard","meta":{"_monsterinsights_skip_tracking":false,"_monsterinsights_sitenote_active":false,"_monsterinsights_sitenote_note":"","_monsterinsights_sitenote_category":0,"footnotes":""},"categories":[5],"tags":[13284,43704,43674],"class_list":["post-371229","post","type-post","status-publish","format-standard","has-post-thumbnail","hentry","category-estado-de-mexico","tag-arco-norte","tag-jose-luis-montanez-aguilar","tag-opinion"],"_links":{"self":[{"href":"https:\/\/www.diarioimagen.net\/index.php?rest_route=\/wp\/v2\/posts\/371229","targetHints":{"allow":["GET"]}}],"collection":[{"href":"https:\/\/www.diarioimagen.net\/index.php?rest_route=\/wp\/v2\/posts"}],"about":[{"href":"https:\/\/www.diarioimagen.net\/index.php?rest_route=\/wp\/v2\/types\/post"}],"author":[{"embeddable":true,"href":"https:\/\/www.diarioimagen.net\/index.php?rest_route=\/wp\/v2\/users\/3"}],"replies":[{"embeddable":true,"href":"https:\/\/www.diarioimagen.net\/index.php?rest_route=%2Fwp%2Fv2%2Fcomments&post=371229"}],"version-history":[{"count":0,"href":"https:\/\/www.diarioimagen.net\/index.php?rest_route=\/wp\/v2\/posts\/371229\/revisions"}],"wp:featuredmedia":[{"embeddable":true,"href":"https:\/\/www.diarioimagen.net\/index.php?rest_route=\/wp\/v2\/media\/371321"}],"wp:attachment":[{"href":"https:\/\/www.diarioimagen.net\/index.php?rest_route=%2Fwp%2Fv2%2Fmedia&parent=371229"}],"wp:term":[{"taxonomy":"category","embeddable":true,"href":"https:\/\/www.diarioimagen.net\/index.php?rest_route=%2Fwp%2Fv2%2Fcategories&post=371229"},{"taxonomy":"post_tag","embeddable":true,"href":"https:\/\/www.diarioimagen.net\/index.php?rest_route=%2Fwp%2Fv2%2Ftags&post=371229"}],"curies":[{"name":"wp","href":"https:\/\/api.w.org\/{rel}","templated":true}]}}