{"id":371250,"date":"2018-04-09T00:08:00","date_gmt":"2018-04-09T05:08:00","guid":{"rendered":"http:\/\/www.diarioimagen.net\/?p=371250"},"modified":"2018-04-09T09:09:13","modified_gmt":"2018-04-09T14:09:13","slug":"claudia-sheinbaum-lamenta-comentarios-misoginos","status":"publish","type":"post","link":"https:\/\/www.diarioimagen.net\/?p=371250","title":{"rendered":"Claudia Sheinbaum lamenta comentarios mis\u00f3ginos"},"content":{"rendered":"<ul>\n<li><strong><em>Responsabiliza a Barrales<\/em><\/strong><\/li>\n<\/ul>\n<p>&nbsp;<\/p>\n<div id=\"attachment_371333\" style=\"width: 470px\" class=\"wp-caption aligncenter\"><a href=\"http:\/\/www.diarioimagen.net\/?attachment_id=371333\" rel=\"attachment wp-att-371333\"><img loading=\"lazy\" decoding=\"async\" aria-describedby=\"caption-attachment-371333\" class=\"size-large wp-image-371333\" src=\"http:\/\/www.diarioimagen.net\/wp-content\/uploads\/2018\/04\/SHEINBAUM-3342-460x259.jpg\" alt=\"\" width=\"460\" height=\"259\" srcset=\"https:\/\/www.diarioimagen.net\/wp-content\/uploads\/2018\/04\/SHEINBAUM-3342-460x259.jpg 460w, https:\/\/www.diarioimagen.net\/wp-content\/uploads\/2018\/04\/SHEINBAUM-3342-240x135.jpg 240w, https:\/\/www.diarioimagen.net\/wp-content\/uploads\/2018\/04\/SHEINBAUM-3342-235x132.jpg 235w, https:\/\/www.diarioimagen.net\/wp-content\/uploads\/2018\/04\/SHEINBAUM-3342-202x114.jpg 202w, https:\/\/www.diarioimagen.net\/wp-content\/uploads\/2018\/04\/SHEINBAUM-3342-350x196.jpg 350w, https:\/\/www.diarioimagen.net\/wp-content\/uploads\/2018\/04\/SHEINBAUM-3342-220x123.jpg 220w, https:\/\/www.diarioimagen.net\/wp-content\/uploads\/2018\/04\/SHEINBAUM-3342-237x132.jpg 237w, https:\/\/www.diarioimagen.net\/wp-content\/uploads\/2018\/04\/SHEINBAUM-3342.jpg 480w\" sizes=\"auto, (max-width: 460px) 100vw, 460px\" \/><\/a><p id=\"caption-attachment-371333\" class=\"wp-caption-text\">Claudia Sheinbaum calific\u00f3 como mis\u00f3ginas las declaraciones del candidato a diputado federal H\u00e9ctor Hugo Hern\u00e1ndez.<\/p><\/div>\n<p>&nbsp;<\/p>\n<p>La candidata de Morena-PT-PES a la jefatura del gobierno capitalino, Claudia Sheinbaum, calific\u00f3 como mis\u00f3ginas las declaraciones del candidato del Frente PRD-PAN-MC a diputado federal H\u00e9ctor Hugo Hern\u00e1ndez, quien la llam\u00f3 \u201cchacha\u201d.<\/p>\n<p>La ex delegada en Tlalpan aclar\u00f3 que las afirmaciones no le ofenden porque \u201clas trabajadoras del hogar me merecen respeto\u201d.<\/p>\n<p>Sheinbaum revir\u00f3 al candidato al decir que \u201cese se\u00f1or dej\u00f3 vac\u00eda la delegaci\u00f3n, nunca actu\u00f3 la Contralor\u00eda en su contra, no merece mucho tiempo hablar de \u00e9l\u201d, en referencia a cuando Hern\u00e1ndez fue delegado sustituto en Tlalpan.<\/p>\n<p>Sin embargo, coment\u00f3 que Alejandra Barrales, candidata a la jefatura de gobierno de la coalici\u00f3n Por la CDMX al Frente, debe responsabilizarse de declaraciones mis\u00f3ginas de los candidatos de su mismo partido o alianza.<\/p>\n<p>El viernes pasado, H\u00e9ctor Hugo Hern\u00e1ndez dijo que Sheinbaum se fue de la demarcaci\u00f3n \u201ccomo las chachas sin decir adi\u00f3s y ocup\u00f3 a Tlalpan como un trampol\u00edn\u201d.<\/p>\n<p>La morenista dijo que se deben sancionar dichas expresiones y a\u00f1adi\u00f3 que eso \u201chabla de ellos, qui\u00e9nes son, c\u00f3mo ven a las mujeres y a las trabajadoras del hogar\u201d.<\/p>\n","protected":false},"excerpt":{"rendered":"<p>La candidata de Morena-PT-PES a la jefatura del gobierno capitalino, Claudia Sheinbaum, calific\u00f3 como mis\u00f3ginas las declaraciones del candidato del Frente PRD-PAN-MC a diputado federal H\u00e9ctor Hugo Hern\u00e1ndez, quien la llam\u00f3 \u201cchacha\u201d.<\/p>\n","protected":false},"author":3,"featured_media":371333,"comment_status":"open","ping_status":"open","sticky":false,"template":"","format":"standard","meta":{"_monsterinsights_skip_tracking":false,"_monsterinsights_sitenote_active":false,"_monsterinsights_sitenote_note":"","_monsterinsights_sitenote_category":0,"footnotes":""},"categories":[6],"tags":[204,72207,72399,72398],"class_list":["post-371250","post","type-post","status-publish","format-standard","has-post-thumbnail","hentry","category-cd-de-mexico","tag-ciudad-de-mexico","tag-claudia-sheinbaum-pardo","tag-comentario","tag-misogino"],"_links":{"self":[{"href":"https:\/\/www.diarioimagen.net\/index.php?rest_route=\/wp\/v2\/posts\/371250","targetHints":{"allow":["GET"]}}],"collection":[{"href":"https:\/\/www.diarioimagen.net\/index.php?rest_route=\/wp\/v2\/posts"}],"about":[{"href":"https:\/\/www.diarioimagen.net\/index.php?rest_route=\/wp\/v2\/types\/post"}],"author":[{"embeddable":true,"href":"https:\/\/www.diarioimagen.net\/index.php?rest_route=\/wp\/v2\/users\/3"}],"replies":[{"embeddable":true,"href":"https:\/\/www.diarioimagen.net\/index.php?rest_route=%2Fwp%2Fv2%2Fcomments&post=371250"}],"version-history":[{"count":0,"href":"https:\/\/www.diarioimagen.net\/index.php?rest_route=\/wp\/v2\/posts\/371250\/revisions"}],"wp:featuredmedia":[{"embeddable":true,"href":"https:\/\/www.diarioimagen.net\/index.php?rest_route=\/wp\/v2\/media\/371333"}],"wp:attachment":[{"href":"https:\/\/www.diarioimagen.net\/index.php?rest_route=%2Fwp%2Fv2%2Fmedia&parent=371250"}],"wp:term":[{"taxonomy":"category","embeddable":true,"href":"https:\/\/www.diarioimagen.net\/index.php?rest_route=%2Fwp%2Fv2%2Fcategories&post=371250"},{"taxonomy":"post_tag","embeddable":true,"href":"https:\/\/www.diarioimagen.net\/index.php?rest_route=%2Fwp%2Fv2%2Ftags&post=371250"}],"curies":[{"name":"wp","href":"https:\/\/api.w.org\/{rel}","templated":true}]}}