{"id":371254,"date":"2018-04-09T00:14:07","date_gmt":"2018-04-09T05:14:07","guid":{"rendered":"http:\/\/www.diarioimagen.net\/?p=371254"},"modified":"2018-04-09T09:22:24","modified_gmt":"2018-04-09T14:22:24","slug":"niega-diocesis-pacto-de-obispo-con-narcos","status":"publish","type":"post","link":"https:\/\/www.diarioimagen.net\/?p=371254","title":{"rendered":"Niega Di\u00f3cesis pacto de obispo con <em>narcos<\/em>"},"content":{"rendered":"<ul>\n<li><strong><em>\u201c\u00danicamente fue un acercamiento\u201d<\/em><\/strong><\/li>\n<\/ul>\n<p>&nbsp;<\/p>\n<div id=\"attachment_371356\" style=\"width: 470px\" class=\"wp-caption aligncenter\"><a href=\"http:\/\/www.diarioimagen.net\/?attachment_id=371356\" rel=\"attachment wp-att-371356\"><img loading=\"lazy\" decoding=\"async\" aria-describedby=\"caption-attachment-371356\" class=\"size-large wp-image-371356\" src=\"http:\/\/www.diarioimagen.net\/wp-content\/uploads\/2018\/04\/obispo-3342-460x259.jpg\" alt=\"\" width=\"460\" height=\"259\" srcset=\"https:\/\/www.diarioimagen.net\/wp-content\/uploads\/2018\/04\/obispo-3342-460x259.jpg 460w, https:\/\/www.diarioimagen.net\/wp-content\/uploads\/2018\/04\/obispo-3342-240x135.jpg 240w, https:\/\/www.diarioimagen.net\/wp-content\/uploads\/2018\/04\/obispo-3342-235x132.jpg 235w, https:\/\/www.diarioimagen.net\/wp-content\/uploads\/2018\/04\/obispo-3342-202x114.jpg 202w, https:\/\/www.diarioimagen.net\/wp-content\/uploads\/2018\/04\/obispo-3342-350x196.jpg 350w, https:\/\/www.diarioimagen.net\/wp-content\/uploads\/2018\/04\/obispo-3342-220x123.jpg 220w, https:\/\/www.diarioimagen.net\/wp-content\/uploads\/2018\/04\/obispo-3342-237x132.jpg 237w, https:\/\/www.diarioimagen.net\/wp-content\/uploads\/2018\/04\/obispo-3342.jpg 480w\" sizes=\"auto, (max-width: 460px) 100vw, 460px\" \/><\/a><p id=\"caption-attachment-371356\" class=\"wp-caption-text\">Benito Cuenca Mayo, vocero de la Di\u00f3cesis de Chilpancingo-Chilapa, afirm\u00f3 que el obispo Salvador Rangel Mendoza no realiz\u00f3 pactos con narcotraficantes.<\/p><\/div>\n<p>&nbsp;<\/p>\n<p>El vocero de la Di\u00f3cesis de Chilpancingo-Chilapa, Benito Cuenca Mayo, afirm\u00f3 que el obispo Salvador Rangel Mendoza no realiza pactos, sino \u00fanicamente su acercamiento con los capos de la droga en Guerrero ha sido para buscar el bien com\u00fan.<\/p>\n<p>\u201cMonse\u00f1or Salvador Rangel no realiza, no ha realizado ning\u00fan tipo de pacto, tratos, ni negociaciones con personaje alguno, ni civil ni pol\u00edtico, a fin de buscar la paz, sino solamente acercamientos por medio del di\u00e1logo en bien de las personas\u201d, afirm\u00f3 Cuenca. En rueda de prensa, el vocero de esta Di\u00f3cesis aclar\u00f3 que las pl\u00e1ticas que tuvo el monse\u00f1or con los jefes de alg\u00fan grupo de narcotraficantes no fue para pactar o negociar. \u201c\u00c9l (el obispo) es un pastor que est\u00e1 obligado a escuchar a sus ovejas\u201d, sostuvo Cuenca.<\/p>\n<p>Adem\u00e1s, se\u00f1al\u00f3 que el Obispo no tiene por qu\u00e9 comparecer ante las autoridades para dar los nombres y ubicaci\u00f3n de las personas (dirigentes del narco) con las que se reuni\u00f3 para que sean detenidas.<\/p>\n<p>\u201cEn todo caso, que sea el Gobierno que los detenga e investigue porque esa es su tarea\u201d, afirm\u00f3 Cuenca.<\/p>\n<p>Asimismo, indic\u00f3 que dichos acercamientos (con el narco) han sido de escucha y acompa\u00f1amiento para dialogar con ellos y buscar una semilla de buena voluntad en la conciencia de estas personas.<\/p>\n<p>El vocero religioso tambi\u00e9n se\u00f1al\u00f3 que uno de los objetivos que tienen esas pl\u00e1ticas del obispo es de que estas personas (narcos) dejen de realizar las actividades il\u00edcitas.<\/p>\n<p>La semana pasada, el obispo de la Di\u00f3cesis Chilpancingo-Chilapa, Salvador Rangel, revel\u00f3 que el Viernes Santo tuvo un acercamiento con dirigentes de un grupo de la delincuencia en alg\u00fan lugar de la Sierra, a quienes les agradeci\u00f3 haber restablecido el servicio de agua y luz a habitantes de algunas comunidades de esa regi\u00f3n.<\/p>\n<p>En la pl\u00e1tica surgi\u00f3 el tema electoral en donde los l\u00edderes del grupo de capos le aseguraron que en este proceso electoral se comprometieron a no asesinar candidatos.<\/p>\n<p>Pero, tambi\u00e9n exigieron que los candidatos no repartan d\u00e1divas para obtener votos y de que cuando lleguen al poder cumplan con sus promesas de campa\u00f1a.<\/p>\n","protected":false},"excerpt":{"rendered":"<p>El vocero de la Di\u00f3cesis de Chilpancingo-Chilapa, Benito Cuenca Mayo, afirm\u00f3 que el obispo Salvador Rangel Mendoza no realiza pactos, sino \u00fanicamente su acercamiento con los capos de la droga en Guerrero ha sido para buscar el bien com\u00fan.<\/p>\n","protected":false},"author":3,"featured_media":371356,"comment_status":"open","ping_status":"open","sticky":false,"template":"","format":"standard","meta":{"_monsterinsights_skip_tracking":false,"_monsterinsights_sitenote_active":false,"_monsterinsights_sitenote_note":"","_monsterinsights_sitenote_category":0,"footnotes":""},"categories":[7],"tags":[71467,72400,72401],"class_list":["post-371254","post","type-post","status-publish","format-standard","has-post-thumbnail","hentry","category-seguridad","tag-acercamiento","tag-diocesis-de-chilpancingo-chilapa","tag-marco"],"_links":{"self":[{"href":"https:\/\/www.diarioimagen.net\/index.php?rest_route=\/wp\/v2\/posts\/371254","targetHints":{"allow":["GET"]}}],"collection":[{"href":"https:\/\/www.diarioimagen.net\/index.php?rest_route=\/wp\/v2\/posts"}],"about":[{"href":"https:\/\/www.diarioimagen.net\/index.php?rest_route=\/wp\/v2\/types\/post"}],"author":[{"embeddable":true,"href":"https:\/\/www.diarioimagen.net\/index.php?rest_route=\/wp\/v2\/users\/3"}],"replies":[{"embeddable":true,"href":"https:\/\/www.diarioimagen.net\/index.php?rest_route=%2Fwp%2Fv2%2Fcomments&post=371254"}],"version-history":[{"count":0,"href":"https:\/\/www.diarioimagen.net\/index.php?rest_route=\/wp\/v2\/posts\/371254\/revisions"}],"wp:featuredmedia":[{"embeddable":true,"href":"https:\/\/www.diarioimagen.net\/index.php?rest_route=\/wp\/v2\/media\/371356"}],"wp:attachment":[{"href":"https:\/\/www.diarioimagen.net\/index.php?rest_route=%2Fwp%2Fv2%2Fmedia&parent=371254"}],"wp:term":[{"taxonomy":"category","embeddable":true,"href":"https:\/\/www.diarioimagen.net\/index.php?rest_route=%2Fwp%2Fv2%2Fcategories&post=371254"},{"taxonomy":"post_tag","embeddable":true,"href":"https:\/\/www.diarioimagen.net\/index.php?rest_route=%2Fwp%2Fv2%2Ftags&post=371254"}],"curies":[{"name":"wp","href":"https:\/\/api.w.org\/{rel}","templated":true}]}}