{"id":371264,"date":"2018-04-09T00:09:41","date_gmt":"2018-04-09T05:09:41","guid":{"rendered":"http:\/\/www.diarioimagen.net\/?p=371264"},"modified":"2018-04-09T09:13:44","modified_gmt":"2018-04-09T14:13:44","slug":"oscar-moreno-dirigente-de-la-cocem-respalda-posicion-de-pena-nieto-ante-eu","status":"publish","type":"post","link":"https:\/\/www.diarioimagen.net\/?p=371264","title":{"rendered":"\u00d3scar Moreno, dirigente de la COCEM, respalda posici\u00f3n de Pe\u00f1a Nieto ante EU"},"content":{"rendered":"<ul>\n<li><strong><em>Respeto a la dignidad de los mexicanos<\/em><\/strong><\/li>\n<\/ul>\n<p>&nbsp;<\/p>\n<div id=\"attachment_371345\" style=\"width: 470px\" class=\"wp-caption aligncenter\"><a href=\"http:\/\/www.diarioimagen.net\/?attachment_id=371345\" rel=\"attachment wp-att-371345\"><img loading=\"lazy\" decoding=\"async\" aria-describedby=\"caption-attachment-371345\" class=\"size-large wp-image-371345\" src=\"http:\/\/www.diarioimagen.net\/wp-content\/uploads\/2018\/04\/TLALNEPANTLA-3342-1-460x346.jpg\" alt=\"\" width=\"460\" height=\"346\" srcset=\"https:\/\/www.diarioimagen.net\/wp-content\/uploads\/2018\/04\/TLALNEPANTLA-3342-1-460x346.jpg 460w, https:\/\/www.diarioimagen.net\/wp-content\/uploads\/2018\/04\/TLALNEPANTLA-3342-1-240x180.jpg 240w, https:\/\/www.diarioimagen.net\/wp-content\/uploads\/2018\/04\/TLALNEPANTLA-3342-1.jpg 700w\" sizes=\"auto, (max-width: 460px) 100vw, 460px\" \/><\/a><p id=\"caption-attachment-371345\" class=\"wp-caption-text\">\u00d3scar Moreno expres\u00f3 su respaldo al pronunciamiento del presidente Enrique Pe\u00f1a Nieto, para exigir a Donald Trump respeto a la dignidad de los mexicanos<\/p><\/div>\n<p>&nbsp;<\/p>\n<p><strong>Tlalnepantla, Estado de M\u00e9xico<\/strong>.- El dirigente de la Confederaci\u00f3n de Obreros, Campesinos y Empleados de M\u00e9xico (COCEM) en la entidad mexiquense, \u00d3scar Moreno Moreno, expres\u00f3 el absoluto respaldo de esta central obrera al pronunciamiento del presidente de la Rep\u00fablica, Enrique Pe\u00f1a Nieto, quien estableci\u00f3 el posicionamiento del gobierno federal, para exigir al presidente de Estados Unidos, Donald Trump, el respeto a la soberan\u00eda nacional y a la dignidad de los mexicanos.<\/p>\n<p>El tambi\u00e9n vicepresidente nacional del Congreso del Trabajo (CT), indic\u00f3 que el movimiento obrero organizado del pa\u00eds apoya la postura del titular del ejecutivo, ante el anuncio de la militarizaci\u00f3n de la frontera entre M\u00e9xico y Estados Unidos, con elementos de la Guardia Nacional.<\/p>\n<p>\u00d3scar Moreno agreg\u00f3 que la clase trabajadora y en particular los 120 mil afiliados a Cocem de todo el pa\u00eds, consideran que al primer mandatario le asiste la raz\u00f3n, ya que su postura ha sido en\u00e9rgica en defensa de la soberan\u00eda de M\u00e9xico y de sus ciudadanos, sin dejar de actuar respetuosamente, en la relaci\u00f3n con una naci\u00f3n como Estados Unidos, con la que se comparten m\u00e1s de 3 mil kil\u00f3metros de frontera y con la que hay un importante intercambio comercial.<\/p>\n<p>Por ello, agreg\u00f3 Moreno Moreno, ha sido un\u00e1nime el apoyo al titular del ejecutivo federal, tanto de parte del Congreso de la Uni\u00f3n, como de todos los partidos pol\u00edticos y candidatos, el sector privado y los sindicatos como Cocem, que refrendan su confianza en la forma en que Enrique Pe\u00f1a Nieto ha abordado esta situaci\u00f3n, poniendo siempre en primer lugar el inter\u00e9s de M\u00e9xico.<\/p>\n<p>Apunt\u00f3 que en todas las entidades del pa\u00eds en las que Cecem tiene representaci\u00f3n, como el Estado de M\u00e9xico, la Ciudad de M\u00e9xico, Puebla, Jalisco Veracruz, Guanajuato, Quer\u00e9taro, Nuevo Le\u00f3n, entre otros, se ha cerrado filas con el presidente Pe\u00f1a Nieto y la clase trabajadora se encuentra m\u00e1s unida que nunca para realizar hombro con hombro junto con \u00e9l, una f\u00e9rrea defensa de los derechos de los mexicanos.<\/p>\n<p>Por \u00faltimo, el dirigente de Ccocem hizo un llamado para que la unidad de los mexicanos prevalezca siempre, no s\u00f3lo en momentos de tensi\u00f3n con otros pa\u00edses, ya que es lo que se requiere para poder avanzar en la soluci\u00f3n de los problemas que actualmente se enfrentan.<\/p>\n","protected":false},"excerpt":{"rendered":"<p>El dirigente de la Confederaci\u00f3n de Obreros, Campesinos y Empleados de M\u00e9xico (COCEM) en la entidad mexiquense, \u00d3scar Moreno Moreno, expres\u00f3 el absoluto respaldo de esta central obrera al pronunciamiento del presidente de la Rep\u00fablica, Enrique Pe\u00f1a Nieto, quien estableci\u00f3 el posicionamiento del gobierno federal, para exigir al presidente de Estados Unidos, Donald Trump, el respeto a la soberan\u00eda nacional y a la dignidad de los mexicanos.<\/p>\n","protected":false},"author":3,"featured_media":371345,"comment_status":"open","ping_status":"open","sticky":false,"template":"","format":"standard","meta":{"_monsterinsights_skip_tracking":false,"_monsterinsights_sitenote_active":false,"_monsterinsights_sitenote_note":"","_monsterinsights_sitenote_category":0,"footnotes":""},"categories":[35155],"tags":[63367,43675,177,169],"class_list":["post-371264","post","type-post","status-publish","format-standard","has-post-thumbnail","hentry","category-estado-de-mexico-estado-de-mexico","tag-cocem","tag-estado-de-mexico","tag-estados-unidos","tag-tlalnepantla"],"_links":{"self":[{"href":"https:\/\/www.diarioimagen.net\/index.php?rest_route=\/wp\/v2\/posts\/371264","targetHints":{"allow":["GET"]}}],"collection":[{"href":"https:\/\/www.diarioimagen.net\/index.php?rest_route=\/wp\/v2\/posts"}],"about":[{"href":"https:\/\/www.diarioimagen.net\/index.php?rest_route=\/wp\/v2\/types\/post"}],"author":[{"embeddable":true,"href":"https:\/\/www.diarioimagen.net\/index.php?rest_route=\/wp\/v2\/users\/3"}],"replies":[{"embeddable":true,"href":"https:\/\/www.diarioimagen.net\/index.php?rest_route=%2Fwp%2Fv2%2Fcomments&post=371264"}],"version-history":[{"count":0,"href":"https:\/\/www.diarioimagen.net\/index.php?rest_route=\/wp\/v2\/posts\/371264\/revisions"}],"wp:featuredmedia":[{"embeddable":true,"href":"https:\/\/www.diarioimagen.net\/index.php?rest_route=\/wp\/v2\/media\/371345"}],"wp:attachment":[{"href":"https:\/\/www.diarioimagen.net\/index.php?rest_route=%2Fwp%2Fv2%2Fmedia&parent=371264"}],"wp:term":[{"taxonomy":"category","embeddable":true,"href":"https:\/\/www.diarioimagen.net\/index.php?rest_route=%2Fwp%2Fv2%2Fcategories&post=371264"},{"taxonomy":"post_tag","embeddable":true,"href":"https:\/\/www.diarioimagen.net\/index.php?rest_route=%2Fwp%2Fv2%2Ftags&post=371264"}],"curies":[{"name":"wp","href":"https:\/\/api.w.org\/{rel}","templated":true}]}}