{"id":371270,"date":"2018-04-09T00:06:55","date_gmt":"2018-04-09T05:06:55","guid":{"rendered":"http:\/\/www.diarioimagen.net\/?p=371270"},"modified":"2018-04-09T09:09:53","modified_gmt":"2018-04-09T14:09:53","slug":"campana-proselitista-de-gustavo-parra-sanchez-en-naucalpan","status":"publish","type":"post","link":"https:\/\/www.diarioimagen.net\/?p=371270","title":{"rendered":"Campa\u00f1a proselitista de Gustavo Parra S\u00e1nchez en Naucalpan"},"content":{"rendered":"<p><a href=\"http:\/\/www.diarioimagen.net\/?attachment_id=371336\" rel=\"attachment wp-att-371336\"><img loading=\"lazy\" decoding=\"async\" class=\"aligncenter size-large wp-image-371336\" src=\"http:\/\/www.diarioimagen.net\/wp-content\/uploads\/2018\/04\/NAUCALPAN-3342-460x259.jpg\" alt=\"\" width=\"460\" height=\"259\" srcset=\"https:\/\/www.diarioimagen.net\/wp-content\/uploads\/2018\/04\/NAUCALPAN-3342-460x259.jpg 460w, https:\/\/www.diarioimagen.net\/wp-content\/uploads\/2018\/04\/NAUCALPAN-3342-240x135.jpg 240w, https:\/\/www.diarioimagen.net\/wp-content\/uploads\/2018\/04\/NAUCALPAN-3342-235x132.jpg 235w, https:\/\/www.diarioimagen.net\/wp-content\/uploads\/2018\/04\/NAUCALPAN-3342-202x114.jpg 202w, https:\/\/www.diarioimagen.net\/wp-content\/uploads\/2018\/04\/NAUCALPAN-3342-350x196.jpg 350w, https:\/\/www.diarioimagen.net\/wp-content\/uploads\/2018\/04\/NAUCALPAN-3342-220x123.jpg 220w, https:\/\/www.diarioimagen.net\/wp-content\/uploads\/2018\/04\/NAUCALPAN-3342-237x132.jpg 237w, https:\/\/www.diarioimagen.net\/wp-content\/uploads\/2018\/04\/NAUCALPAN-3342.jpg 480w\" sizes=\"auto, (max-width: 460px) 100vw, 460px\" \/><\/a><\/p>\n<p>&nbsp;<\/p>\n<p><strong>\u00a0Naucalpan, Estado de M\u00e9xico<\/strong><strong>.-<\/strong> Durante una gira de proselitismo por calles de la colonia Ahuizotla, el candidato a diputado federal por el XXII Distrito, Gustavo Parra S\u00e1nchez, dijo en entrevista para <strong>DIARIOIMAGEN<\/strong>, que la pol\u00edtica de tocar puerta por puerta lo llevar\u00e1 a un\u00a0triunfo rotundo, pues este peregrinar ha sido bien recibido por la poblaci\u00f3n naucalpense.<\/p>\n","protected":false},"excerpt":{"rendered":"<p>Durante una gira de proselitismo por calles de la colonia Ahuizotla, el candidato a diputado federal por el XXII Distrito, Gustavo Parra S\u00e1nchez, dijo en entrevista para <strong>DIARIOIMAGEN<\/strong>, que la pol\u00edtica de tocar puerta por puerta lo llevar\u00e1 a un triunfo rotundo, pues este peregrinar ha sido bien recibido por la poblaci\u00f3n naucalpense.<\/p>\n","protected":false},"author":3,"featured_media":371336,"comment_status":"open","ping_status":"open","sticky":false,"template":"","format":"standard","meta":{"_monsterinsights_skip_tracking":false,"_monsterinsights_sitenote_active":false,"_monsterinsights_sitenote_note":"","_monsterinsights_sitenote_category":0,"footnotes":""},"categories":[35155],"tags":[53028,970],"class_list":["post-371270","post","type-post","status-publish","format-standard","has-post-thumbnail","hentry","category-estado-de-mexico-estado-de-mexico","tag-gustavo-parra-sanchez","tag-naucalpan"],"_links":{"self":[{"href":"https:\/\/www.diarioimagen.net\/index.php?rest_route=\/wp\/v2\/posts\/371270","targetHints":{"allow":["GET"]}}],"collection":[{"href":"https:\/\/www.diarioimagen.net\/index.php?rest_route=\/wp\/v2\/posts"}],"about":[{"href":"https:\/\/www.diarioimagen.net\/index.php?rest_route=\/wp\/v2\/types\/post"}],"author":[{"embeddable":true,"href":"https:\/\/www.diarioimagen.net\/index.php?rest_route=\/wp\/v2\/users\/3"}],"replies":[{"embeddable":true,"href":"https:\/\/www.diarioimagen.net\/index.php?rest_route=%2Fwp%2Fv2%2Fcomments&post=371270"}],"version-history":[{"count":0,"href":"https:\/\/www.diarioimagen.net\/index.php?rest_route=\/wp\/v2\/posts\/371270\/revisions"}],"wp:featuredmedia":[{"embeddable":true,"href":"https:\/\/www.diarioimagen.net\/index.php?rest_route=\/wp\/v2\/media\/371336"}],"wp:attachment":[{"href":"https:\/\/www.diarioimagen.net\/index.php?rest_route=%2Fwp%2Fv2%2Fmedia&parent=371270"}],"wp:term":[{"taxonomy":"category","embeddable":true,"href":"https:\/\/www.diarioimagen.net\/index.php?rest_route=%2Fwp%2Fv2%2Fcategories&post=371270"},{"taxonomy":"post_tag","embeddable":true,"href":"https:\/\/www.diarioimagen.net\/index.php?rest_route=%2Fwp%2Fv2%2Ftags&post=371270"}],"curies":[{"name":"wp","href":"https:\/\/api.w.org\/{rel}","templated":true}]}}