{"id":371420,"date":"2018-04-10T00:07:59","date_gmt":"2018-04-10T05:07:59","guid":{"rendered":"http:\/\/www.diarioimagen.net\/?p=371420"},"modified":"2018-04-10T22:09:23","modified_gmt":"2018-04-11T03:09:23","slug":"impulso-a-la-educacion-con-acceso-a-internet-en-edomex","status":"publish","type":"post","link":"https:\/\/www.diarioimagen.net\/?p=371420","title":{"rendered":"Impulso a la educaci\u00f3n con acceso a internet en Edomex"},"content":{"rendered":"<ul>\n<li><em><strong>Se suma a la Red Compartida<\/strong><\/em><\/li>\n<li><em><strong>Se dota de mejores herramientas a estudiantes para su desempe\u00f1o<\/strong><\/em><\/li>\n<\/ul>\n<p>&nbsp;<\/p>\n<div id=\"attachment_371487\" style=\"width: 470px\" class=\"wp-caption aligncenter\"><a href=\"http:\/\/www.diarioimagen.net\/?attachment_id=371487\" rel=\"attachment wp-att-371487\"><img loading=\"lazy\" decoding=\"async\" aria-describedby=\"caption-attachment-371487\" class=\"size-large wp-image-371487\" src=\"http:\/\/www.diarioimagen.net\/wp-content\/uploads\/2018\/04\/EDUCACION-3343-460x259.jpg\" alt=\"\" width=\"460\" height=\"259\" srcset=\"https:\/\/www.diarioimagen.net\/wp-content\/uploads\/2018\/04\/EDUCACION-3343-460x259.jpg 460w, https:\/\/www.diarioimagen.net\/wp-content\/uploads\/2018\/04\/EDUCACION-3343-240x135.jpg 240w, https:\/\/www.diarioimagen.net\/wp-content\/uploads\/2018\/04\/EDUCACION-3343-235x132.jpg 235w, https:\/\/www.diarioimagen.net\/wp-content\/uploads\/2018\/04\/EDUCACION-3343-202x114.jpg 202w, https:\/\/www.diarioimagen.net\/wp-content\/uploads\/2018\/04\/EDUCACION-3343-350x196.jpg 350w, https:\/\/www.diarioimagen.net\/wp-content\/uploads\/2018\/04\/EDUCACION-3343-220x123.jpg 220w, https:\/\/www.diarioimagen.net\/wp-content\/uploads\/2018\/04\/EDUCACION-3343-237x132.jpg 237w, https:\/\/www.diarioimagen.net\/wp-content\/uploads\/2018\/04\/EDUCACION-3343.jpg 480w\" sizes=\"auto, (max-width: 460px) 100vw, 460px\" \/><\/a><p id=\"caption-attachment-371487\" class=\"wp-caption-text\">La comunidad estudiantil del Estado de M\u00e9xico tendr\u00e1 mejores herramientas para su desempe\u00f1o educativo.<\/p><\/div>\n<p>&nbsp;<\/p>\n<p><strong>Tepotzotl\u00e1n, Estado de M\u00e9xico<\/strong>.- Al acompa\u00f1ar al Presidente de la Rep\u00fablica, en el evento de Educaci\u00f3n y Conectividad para el Desarrollo de Habilidades Digitales, el gobernador del Estado de M\u00e9xico mencion\u00f3 que con el uso de las nuevas tecnolog\u00edas de la informaci\u00f3n, es la forma en que la comunidad estudiantil tendr\u00e1 mejores herramientas para su desempe\u00f1o educativo.<\/p>\n<p>Dijo que para que los alumnos y maestros puedan acceder a herramientas como el internet, se debe contar con la infraestructura necesaria en este rubro, por ello, la entidad se sum\u00f3 al programa Red Compartida del gobierno federal.<\/p>\n<p>Este programa fortalece y acerca las tecnolog\u00edas a la poblaci\u00f3n y especialmente, a la comunidad estudiantil, lo que permite que los alumnos tengan m\u00e1s herramientas para construir un mejor futuro. Inform\u00f3 que el Estado de M\u00e9xico se suma a este programa con 4 mil puntos de instalaci\u00f3n para la red de telecomunicaciones.<\/p>\n<p>El gobernador mexiquense indic\u00f3 que la reforma educativa es uno de los principales legados que tienen las presentes y futuras generaciones, lo que refleja el compromiso del Gobierno federal para brindar a los alumnos del pa\u00eds, educaci\u00f3n de calidad. Tambi\u00e9n dio la bienvenida a los alumnos mexiquenses que regresaron a clases despu\u00e9s del periodo vacacional, y se\u00f1al\u00f3 que el Estado de M\u00e9xico tiene 4.8 millones de estudiantes y 260 mil docentes. Por su parte, el Presidente de la Rep\u00fablica destac\u00f3 que el programa Red Compartida tiene como meta que m\u00e1s mexicanos tengan acceso a internet, y que actualmente son 71 millones de personas los que hacen uso de esta herramienta tecnol\u00f3gica. La red compartida prev\u00e9 que para el 2024, 92 por ciento de la poblaci\u00f3n est\u00e9 conectada a internet.<\/p>\n","protected":false},"excerpt":{"rendered":"<p>Al acompa\u00f1ar al Presidente de la Rep\u00fablica, en el evento de Educaci\u00f3n y Conectividad para el Desarrollo de Habilidades Digitales, el gobernador del Estado de M\u00e9xico mencion\u00f3 que con el uso de las nuevas tecnolog\u00edas de la informaci\u00f3n, es la forma en que la comunidad estudiantil tendr\u00e1 mejores herramientas para su desempe\u00f1o educativo.<\/p>\n","protected":false},"author":3,"featured_media":371487,"comment_status":"open","ping_status":"open","sticky":false,"template":"","format":"standard","meta":{"_monsterinsights_skip_tracking":false,"_monsterinsights_sitenote_active":false,"_monsterinsights_sitenote_note":"","_monsterinsights_sitenote_category":0,"footnotes":""},"categories":[5],"tags":[43675,1368,1029],"class_list":["post-371420","post","type-post","status-publish","format-standard","has-post-thumbnail","hentry","category-estado-de-mexico","tag-estado-de-mexico","tag-internet","tag-tepotzotlan"],"_links":{"self":[{"href":"https:\/\/www.diarioimagen.net\/index.php?rest_route=\/wp\/v2\/posts\/371420","targetHints":{"allow":["GET"]}}],"collection":[{"href":"https:\/\/www.diarioimagen.net\/index.php?rest_route=\/wp\/v2\/posts"}],"about":[{"href":"https:\/\/www.diarioimagen.net\/index.php?rest_route=\/wp\/v2\/types\/post"}],"author":[{"embeddable":true,"href":"https:\/\/www.diarioimagen.net\/index.php?rest_route=\/wp\/v2\/users\/3"}],"replies":[{"embeddable":true,"href":"https:\/\/www.diarioimagen.net\/index.php?rest_route=%2Fwp%2Fv2%2Fcomments&post=371420"}],"version-history":[{"count":0,"href":"https:\/\/www.diarioimagen.net\/index.php?rest_route=\/wp\/v2\/posts\/371420\/revisions"}],"wp:featuredmedia":[{"embeddable":true,"href":"https:\/\/www.diarioimagen.net\/index.php?rest_route=\/wp\/v2\/media\/371487"}],"wp:attachment":[{"href":"https:\/\/www.diarioimagen.net\/index.php?rest_route=%2Fwp%2Fv2%2Fmedia&parent=371420"}],"wp:term":[{"taxonomy":"category","embeddable":true,"href":"https:\/\/www.diarioimagen.net\/index.php?rest_route=%2Fwp%2Fv2%2Fcategories&post=371420"},{"taxonomy":"post_tag","embeddable":true,"href":"https:\/\/www.diarioimagen.net\/index.php?rest_route=%2Fwp%2Fv2%2Ftags&post=371420"}],"curies":[{"name":"wp","href":"https:\/\/api.w.org\/{rel}","templated":true}]}}