{"id":371441,"date":"2018-04-10T00:09:54","date_gmt":"2018-04-10T05:09:54","guid":{"rendered":"http:\/\/www.diarioimagen.net\/?p=371441"},"modified":"2018-04-10T04:44:34","modified_gmt":"2018-04-10T09:44:34","slug":"inicia-en-la-uaem-simposio-sobre-movilidad-y-transporte","status":"publish","type":"post","link":"https:\/\/www.diarioimagen.net\/?p=371441","title":{"rendered":"Inicia en la UAEM Simposio sobre Movilidad y Transporte"},"content":{"rendered":"<ul>\n<li><strong><em>Avance en el dise\u00f1o de pol\u00edticas p\u00fablicas integrales\u00a0<\/em><\/strong><\/li>\n<\/ul>\n<p>&nbsp;<\/p>\n<div id=\"attachment_371526\" style=\"width: 470px\" class=\"wp-caption aligncenter\"><a href=\"http:\/\/www.diarioimagen.net\/?attachment_id=371526\" rel=\"attachment wp-att-371526\"><img loading=\"lazy\" decoding=\"async\" aria-describedby=\"caption-attachment-371526\" class=\"size-large wp-image-371526\" src=\"http:\/\/www.diarioimagen.net\/wp-content\/uploads\/2018\/04\/UAEM-3343-460x259.jpg\" alt=\"\" width=\"460\" height=\"259\" srcset=\"https:\/\/www.diarioimagen.net\/wp-content\/uploads\/2018\/04\/UAEM-3343-460x259.jpg 460w, https:\/\/www.diarioimagen.net\/wp-content\/uploads\/2018\/04\/UAEM-3343-240x135.jpg 240w, https:\/\/www.diarioimagen.net\/wp-content\/uploads\/2018\/04\/UAEM-3343-235x132.jpg 235w, https:\/\/www.diarioimagen.net\/wp-content\/uploads\/2018\/04\/UAEM-3343-202x114.jpg 202w, https:\/\/www.diarioimagen.net\/wp-content\/uploads\/2018\/04\/UAEM-3343-350x196.jpg 350w, https:\/\/www.diarioimagen.net\/wp-content\/uploads\/2018\/04\/UAEM-3343-220x123.jpg 220w, https:\/\/www.diarioimagen.net\/wp-content\/uploads\/2018\/04\/UAEM-3343-237x132.jpg 237w, https:\/\/www.diarioimagen.net\/wp-content\/uploads\/2018\/04\/UAEM-3343.jpg 480w\" sizes=\"auto, (max-width: 460px) 100vw, 460px\" \/><\/a><p id=\"caption-attachment-371526\" class=\"wp-caption-text\">El rector de la UAEM, Alfredo Barrera Baca, durante la inauguraci\u00f3n del Simposio sobre Movilidad y Transporte.<\/p><\/div>\n<p>&nbsp;<\/p>\n<p><strong>Toluca, Estado de M\u00e9xico<\/strong>.- Profundizar en el conocimiento del transporte y la movilidad es una obligaci\u00f3n de los universitarios, con la finalidad de contribuir en la reducci\u00f3n de las desigualdades en este rubro, sostuvo el rector de la Universidad Aut\u00f3noma del Estado de M\u00e9xico, Alfredo Barrera Baca, durante la inauguraci\u00f3n del Simposio sobre Movilidad y Transporte, que tiene como sede esta casa de estudios.<\/p>\n<p>\u201cTenemos la capacidad para construir un futuro mejor y recuperar la dignidad del h\u00e1bitat que compartimos\u201d, afirm\u00f3 el universitario, quien indic\u00f3 que l\u00edderes de la academia, el sector p\u00fablico y empresarial trabajan en la construcci\u00f3n de una soluci\u00f3n integral, actual y futura para la movilidad sustentable.<\/p>\n<p>Al mencionar que la Zona Metropolitana del Valle de M\u00e9xico es una de las urbes m\u00e1s complejas del planeta, manifest\u00f3 que la extrema concentraci\u00f3n poblacional que se detecta en ciudades de todos los continentes se atribuye a una tard\u00eda respuesta de los estados frente al abrupto fen\u00f3meno demogr\u00e1fico.<\/p>\n<p>En el Aula Magna \u201cLic. Adolfo L\u00f3pez Mateos\u201d del Edificio de Rector\u00eda, acompa\u00f1ado del secretario de Movilidad, Raymundo Mart\u00ednez Carbajal; el fiscal general de Justicia de la entidad, Alejandro Jaime G\u00f3mez S\u00e1nchez; el vocal ejecutivo del Instituto del Transporte de la entidad, Armando L\u00f3pez Salinas, y la directora de Desarrollo Urbano y Movilidad del ayuntamiento de Toluca, Karla Erika Vera Sanju\u00e1n, Alfredo Barrera Baca expres\u00f3 que la exploraci\u00f3n de soluciones presiona a reflexionar y revisar cada paradigma urban\u00edstico para avanzar en el dise\u00f1o de pol\u00edticas p\u00fablicas integrales.<\/p>\n<p>Por su parte, Raymundo Mart\u00ednez Carbajal destac\u00f3 que este ejercicio acad\u00e9mico se lleva a cabo en el marco del convenio de colaboraci\u00f3n signado con la m\u00e1xima casa de estudios mexiquense en noviembre de 2017.<\/p>\n<p>Indic\u00f3 que la movilidad en la entidad presenta importantes retos, como la calidad del transporte p\u00fablico y la infraestructura vial, as\u00ed como el cuidado del medio ambiente y la salud p\u00fablica. \u201cEs pertinente trabajar de forma conjunta para consolidar una pol\u00edtica p\u00fablica que garantice el ejercicio del derecho humano a la movilidad sustentable\u201d.<\/p>\n<p>Mart\u00ednez Carbajal asever\u00f3 que la entidad se encuentra frente a un nuevo paradigma en la planeaci\u00f3n de la movilidad, en donde se privilegie medios de transporte alternativos y sustentables y se fomente el uso de transporte p\u00fablico, para reducir el congestionamiento vial y ayudar a abatir la marginaci\u00f3n y la desigualdad.<\/p>\n<p>La directora de la Facultad de Ingenier\u00eda, Mar\u00eda Dolores Dur\u00e1n Garc\u00eda, detall\u00f3 que durante tres d\u00edas se abordar\u00e1n temas relacionados con movilidad urbana, tecnolog\u00eda del transporte y pol\u00edticas p\u00fablicas, a trav\u00e9s de conferencias magistrales, ponencias y mesas de di\u00e1logo con expertos en cada rubro.<\/p>\n<p>En el marco de esta ceremonia, el director regional para Latinoam\u00e9rica del Instituto de Pol\u00edticas para el Transporte y el Desarrollo, Bernardo Baranda Sep\u00falveda, imparti\u00f3 la conferencia \u201cMovilidad: visi\u00f3n 2030, un salto hacia el futuro en el Estado de M\u00e9xico\u201d.<\/p>\n","protected":false},"excerpt":{"rendered":"<p>Profundizar en el conocimiento del transporte y la movilidad es una obligaci\u00f3n de los universitarios, con la finalidad de contribuir en la reducci\u00f3n de las desigualdades en este rubro, sostuvo el rector de la Universidad Aut\u00f3noma del Estado de M\u00e9xico, Alfredo Barrera Baca, durante la inauguraci\u00f3n del Simposio sobre Movilidad y Transporte, que tiene como sede esta casa de estudios.<\/p>\n","protected":false},"author":3,"featured_media":371526,"comment_status":"open","ping_status":"open","sticky":false,"template":"","format":"standard","meta":{"_monsterinsights_skip_tracking":false,"_monsterinsights_sitenote_active":false,"_monsterinsights_sitenote_note":"","_monsterinsights_sitenote_category":0,"footnotes":""},"categories":[35155],"tags":[43675,46918,452,1491],"class_list":["post-371441","post","type-post","status-publish","format-standard","has-post-thumbnail","hentry","category-estado-de-mexico-estado-de-mexico","tag-estado-de-mexico","tag-exposicion","tag-toluca","tag-uaem"],"_links":{"self":[{"href":"https:\/\/www.diarioimagen.net\/index.php?rest_route=\/wp\/v2\/posts\/371441","targetHints":{"allow":["GET"]}}],"collection":[{"href":"https:\/\/www.diarioimagen.net\/index.php?rest_route=\/wp\/v2\/posts"}],"about":[{"href":"https:\/\/www.diarioimagen.net\/index.php?rest_route=\/wp\/v2\/types\/post"}],"author":[{"embeddable":true,"href":"https:\/\/www.diarioimagen.net\/index.php?rest_route=\/wp\/v2\/users\/3"}],"replies":[{"embeddable":true,"href":"https:\/\/www.diarioimagen.net\/index.php?rest_route=%2Fwp%2Fv2%2Fcomments&post=371441"}],"version-history":[{"count":0,"href":"https:\/\/www.diarioimagen.net\/index.php?rest_route=\/wp\/v2\/posts\/371441\/revisions"}],"wp:featuredmedia":[{"embeddable":true,"href":"https:\/\/www.diarioimagen.net\/index.php?rest_route=\/wp\/v2\/media\/371526"}],"wp:attachment":[{"href":"https:\/\/www.diarioimagen.net\/index.php?rest_route=%2Fwp%2Fv2%2Fmedia&parent=371441"}],"wp:term":[{"taxonomy":"category","embeddable":true,"href":"https:\/\/www.diarioimagen.net\/index.php?rest_route=%2Fwp%2Fv2%2Fcategories&post=371441"},{"taxonomy":"post_tag","embeddable":true,"href":"https:\/\/www.diarioimagen.net\/index.php?rest_route=%2Fwp%2Fv2%2Ftags&post=371441"}],"curies":[{"name":"wp","href":"https:\/\/api.w.org\/{rel}","templated":true}]}}