{"id":371461,"date":"2018-04-10T00:06:54","date_gmt":"2018-04-10T05:06:54","guid":{"rendered":"http:\/\/www.diarioimagen.net\/?p=371461"},"modified":"2018-04-10T04:47:03","modified_gmt":"2018-04-10T09:47:03","slug":"destacan-la-participacion-del-colegio-mexiquense-de-jueces-en-favor-de-la-sociedad","status":"publish","type":"post","link":"https:\/\/www.diarioimagen.net\/?p=371461","title":{"rendered":"Destacan la participaci\u00f3n del Colegio Mexiquense de Jueces en favor de la sociedad"},"content":{"rendered":"<ul>\n<li><strong><em>Llamado del CAVDEM a trabajar unidos<\/em><\/strong><\/li>\n<\/ul>\n<p>&nbsp;<\/p>\n<div id=\"attachment_371533\" style=\"width: 470px\" class=\"wp-caption aligncenter\"><a href=\"http:\/\/www.diarioimagen.net\/?attachment_id=371533\" rel=\"attachment wp-att-371533\"><img loading=\"lazy\" decoding=\"async\" aria-describedby=\"caption-attachment-371533\" class=\"size-large wp-image-371533\" src=\"http:\/\/www.diarioimagen.net\/wp-content\/uploads\/2018\/04\/TLALNEPANTLA-3343-460x259.jpg\" alt=\"\" width=\"460\" height=\"259\" srcset=\"https:\/\/www.diarioimagen.net\/wp-content\/uploads\/2018\/04\/TLALNEPANTLA-3343-460x259.jpg 460w, https:\/\/www.diarioimagen.net\/wp-content\/uploads\/2018\/04\/TLALNEPANTLA-3343-240x135.jpg 240w, https:\/\/www.diarioimagen.net\/wp-content\/uploads\/2018\/04\/TLALNEPANTLA-3343-235x132.jpg 235w, https:\/\/www.diarioimagen.net\/wp-content\/uploads\/2018\/04\/TLALNEPANTLA-3343-202x114.jpg 202w, https:\/\/www.diarioimagen.net\/wp-content\/uploads\/2018\/04\/TLALNEPANTLA-3343-350x196.jpg 350w, https:\/\/www.diarioimagen.net\/wp-content\/uploads\/2018\/04\/TLALNEPANTLA-3343-220x123.jpg 220w, https:\/\/www.diarioimagen.net\/wp-content\/uploads\/2018\/04\/TLALNEPANTLA-3343-237x132.jpg 237w, https:\/\/www.diarioimagen.net\/wp-content\/uploads\/2018\/04\/TLALNEPANTLA-3343.jpg 480w\" sizes=\"auto, (max-width: 460px) 100vw, 460px\" \/><\/a><p id=\"caption-attachment-371533\" class=\"wp-caption-text\">Joaqu\u00edn Rodr\u00edguez Lugo, presidente del CAVDEM, llam\u00f3 a trabajar unidos por los derechos de las familias mexiquenses.<\/p><\/div>\n<p>&nbsp;<\/p>\n<p><strong>Tlalnepantla, Estado de M\u00e9xico<\/strong>.- En sesi\u00f3n extraordinaria,. Juan D\u00e1maso Men\u00e9ndez Y\u00e1\u00f1ez, presidente de la Filial Tlalnepantla del CAVDEM, present\u00f3 el proyecto de actividades para el presente acto a la que asisti\u00f3 antes la doctora Mar\u00eda Mirella Flores Macedo, presidenta del Consejo Directivo Estatal del Colegio Mexiquense de Jueces, A.C.<\/p>\n<p>Cabe destacar que la doctora Flores Macedo particip\u00f3 con la conferencia magistral con el tema \u201cT\u00f3picos en torno a la funci\u00f3n de los jueces y litigantes en el nuevo sistema de justicia en materia familiar\u201d.<\/p>\n<p>Por su parte, Joaqu\u00edn Rodr\u00edguez Lugo, presidente del CAVDEM destac\u00f3 la participaci\u00f3n del Colegio Mexiquense de Jueces en favor de la sociedad; invitando a dichos integrantes a trabajar unidos por los derechos de las familias mexiquenses y en especial por los m\u00e1s desprotegidos e incapaces como lo son los menores en los procesos de controversia familiar del nuevo sistema oral.<\/p>\n<p>Finalmente, el vicepresidente de dicha Organizaci\u00f3n,. Joaqu\u00edn Zeferino Corona Hern\u00e1ndez, exhort\u00f3 a las invitadas especiales a trabajar en la promoci\u00f3n de los mediadores conciliadores privados en el Estado de M\u00e9xico para aligerar el exceso de trabajo que tienen los jueces en materia Familiar, Civil y Mercantil, se\u00f1alando que ese proyecto se ha frenado sin justificaci\u00f3n alguna por el Tribunal Superior de Justicia de nuestra entidad.<\/p>\n","protected":false},"excerpt":{"rendered":"<p>En sesi\u00f3n extraordinaria,. Juan D\u00e1maso Men\u00e9ndez Y\u00e1\u00f1ez, presidente de la Filial Tlalnepantla del CAVDEM, present\u00f3 el proyecto de actividades para el presente acto a la que asisti\u00f3 antes la doctora Mar\u00eda Mirella Flores Macedo, presidenta del Consejo Directivo Estatal del Colegio Mexiquense de Jueces, A.C.<\/p>\n","protected":false},"author":3,"featured_media":371533,"comment_status":"open","ping_status":"open","sticky":false,"template":"","format":"standard","meta":{"_monsterinsights_skip_tracking":false,"_monsterinsights_sitenote_active":false,"_monsterinsights_sitenote_note":"","_monsterinsights_sitenote_category":0,"footnotes":""},"categories":[35155],"tags":[72453,43675,169],"class_list":["post-371461","post","type-post","status-publish","format-standard","has-post-thumbnail","hentry","category-estado-de-mexico-estado-de-mexico","tag-cavdem","tag-estado-de-mexico","tag-tlalnepantla"],"_links":{"self":[{"href":"https:\/\/www.diarioimagen.net\/index.php?rest_route=\/wp\/v2\/posts\/371461","targetHints":{"allow":["GET"]}}],"collection":[{"href":"https:\/\/www.diarioimagen.net\/index.php?rest_route=\/wp\/v2\/posts"}],"about":[{"href":"https:\/\/www.diarioimagen.net\/index.php?rest_route=\/wp\/v2\/types\/post"}],"author":[{"embeddable":true,"href":"https:\/\/www.diarioimagen.net\/index.php?rest_route=\/wp\/v2\/users\/3"}],"replies":[{"embeddable":true,"href":"https:\/\/www.diarioimagen.net\/index.php?rest_route=%2Fwp%2Fv2%2Fcomments&post=371461"}],"version-history":[{"count":0,"href":"https:\/\/www.diarioimagen.net\/index.php?rest_route=\/wp\/v2\/posts\/371461\/revisions"}],"wp:featuredmedia":[{"embeddable":true,"href":"https:\/\/www.diarioimagen.net\/index.php?rest_route=\/wp\/v2\/media\/371533"}],"wp:attachment":[{"href":"https:\/\/www.diarioimagen.net\/index.php?rest_route=%2Fwp%2Fv2%2Fmedia&parent=371461"}],"wp:term":[{"taxonomy":"category","embeddable":true,"href":"https:\/\/www.diarioimagen.net\/index.php?rest_route=%2Fwp%2Fv2%2Fcategories&post=371461"},{"taxonomy":"post_tag","embeddable":true,"href":"https:\/\/www.diarioimagen.net\/index.php?rest_route=%2Fwp%2Fv2%2Ftags&post=371461"}],"curies":[{"name":"wp","href":"https:\/\/api.w.org\/{rel}","templated":true}]}}