{"id":371508,"date":"2018-04-10T00:11:56","date_gmt":"2018-04-10T05:11:56","guid":{"rendered":"http:\/\/www.diarioimagen.net\/?p=371508"},"modified":"2018-04-11T03:24:40","modified_gmt":"2018-04-11T08:24:40","slug":"el-contra-el-mundo-o-corral-no-ve-una","status":"publish","type":"post","link":"https:\/\/www.diarioimagen.net\/?p=371508","title":{"rendered":"\u00c9l contra el mundo\u2026 o Corral no ve una"},"content":{"rendered":"<h2>Tras la puerta del poder<\/h2>\n<h5>Roberto Vizca\u00edno<\/h5>\n<p>&nbsp;<\/p>\n<div id=\"attachment_371566\" style=\"width: 470px\" class=\"wp-caption aligncenter\"><a href=\"http:\/\/www.diarioimagen.net\/?attachment_id=371566\" rel=\"attachment wp-att-371566\"><img loading=\"lazy\" decoding=\"async\" aria-describedby=\"caption-attachment-371566\" class=\"size-large wp-image-371566\" src=\"http:\/\/www.diarioimagen.net\/wp-content\/uploads\/2018\/04\/despues-de-vacaciones-LUIS-XAVIER-3343-460x362.jpg\" alt=\"\" width=\"460\" height=\"362\" srcset=\"https:\/\/www.diarioimagen.net\/wp-content\/uploads\/2018\/04\/despues-de-vacaciones-LUIS-XAVIER-3343-460x362.jpg 460w, https:\/\/www.diarioimagen.net\/wp-content\/uploads\/2018\/04\/despues-de-vacaciones-LUIS-XAVIER-3343-240x189.jpg 240w, https:\/\/www.diarioimagen.net\/wp-content\/uploads\/2018\/04\/despues-de-vacaciones-LUIS-XAVIER-3343-768x605.jpg 768w, https:\/\/www.diarioimagen.net\/wp-content\/uploads\/2018\/04\/despues-de-vacaciones-LUIS-XAVIER-3343.jpg 1200w\" sizes=\"auto, (max-width: 460px) 100vw, 460px\" \/><\/a><p id=\"caption-attachment-371566\" class=\"wp-caption-text\">Despu\u00e9s de vacaciones&#8230; | Luis Xavier<\/p><\/div>\n<p>&nbsp;<\/p>\n<p>Como la an\u00e9cdota del escorpi\u00f3n que clava su aguij\u00f3n a la rana en medio del r\u00edo, el gobernador de Chihuahua, <strong>Javier Corral,<\/strong> se hunde hoy en el mar de sus querellas y contradicciones por no poder dominar su naturaleza, la de pelearse con todos.<\/p>\n<p>Con el agua de la cr\u00edtica popular hasta el cuello luego de que parte de su cuerpo de seguridad fue atacado a balazos por maleantes cuando \u00e9l jugaba golf (como lo hace con demasiada frecuencia), <strong>Corral<\/strong> intent\u00f3 burdamente aprovechar el incidente para convertirse en m\u00e1rtir.<\/p>\n<p>Algunos, no todos cayeron en su enga\u00f1o y enviaron sus mensajes de solidaridad a pesar de que el ataque nunca fue contra \u00e9l ni \u00e9l estuvo nunca en peligro. \u00c9l andaba alegre peg\u00e1ndole a la pelotita con su nombre por los verdes campos del club al que suele ir.<\/p>\n<p>Pero no todo queda ah\u00ed, ayer <strong>Corral<\/strong> vio c\u00f3mo la Suprema Corte le declar\u00f3 inconstitucional una reforma con la cual pretend\u00eda darle facultades al Consejo de la Judicatura chihuahuense para aprobar y ejercer el presupuesto de egresos del Poder Judicial y remover magistrados inc\u00f3modos o rebeldes a sus ordenamientos y designar nuevos jueces.<\/p>\n<p>A juicio de los miembros de la Suprema Corte esta reforma al poder judicial estatal, promovido por <strong>Corral<\/strong>, invade y anula gravemente la autonom\u00eda del organismo jurisdiccional estatal.<\/p>\n<p>El golpe de la Suprema Corte no vino solo. La semana anterior, el pleno revis\u00f3 otros puntos de la misma reforma de Corral los cuales igualmente fueron impugnados y por ello resolvieron destituir al presidente del Tribunal Superior de Justicia de Chihuahua, cuate de Corral, por considerar que su llegada a ese cargo se bas\u00f3 en una norma inconstitucional.<\/p>\n<p>Y como las cosas nunca ocurren solas, ayer mismo el presidente <strong>Enrique Pe\u00f1a Nieto<\/strong> resolvi\u00f3 reabrir su confrontaci\u00f3n con el gobernador <strong>Corral <\/strong>al que, a trav\u00e9s de Gobernaci\u00f3n, acus\u00f3 de mentiroso, desleal, manipulador y poco confiable.<\/p>\n<p>En un comunicado emitido por Gobernaci\u00f3n, <strong>Pe\u00f1a Nieto<\/strong> indica &#8211;va completo para que Usted eval\u00fae y saque conclusiones&#8211;:<\/p>\n<p>Que rechaza tajantemente las afirmaciones del Gobernador de Chihuahua, <strong>Javier Corral Jurado<\/strong>, en relaci\u00f3n al conflicto competencial jurisdiccional resuelto por el Poder Judicial de la Federaci\u00f3n.<\/p>\n<p>Esto fue porque Corral acus\u00f3 al gobierno de manipular al Poder Judicial para quitarle de las manos el proceso en contra de supuestos involucrados en la desviaci\u00f3n de 250 millones de pesos enviados\u00a0 por la Secretar\u00eda de Hacienda federal al gobierno de Chihuahua, para luego ser aplicados en la campa\u00f1a del PRI en Chihuahua en 2016.<\/p>\n<p>Sobre eso Gobernaci\u00f3n dijo:<\/p>\n<p>1.- Las afirmaciones del gobernador Corral ponen de manifiesto su desconocimiento sobre los principios b\u00e1sicos en los que se sustenta nuestro r\u00e9gimen jur\u00eddico-pol\u00edtico: el pacto federal y la divisi\u00f3n de poderes. Quiz\u00e1 por ello, reconoci\u00f3 haber instruido tanto a la Fiscal\u00eda General de Chihuahua como al Poder Judicial del Estado, c\u00f3mo actuar en casos de la competencia de estos \u00f3rganos aut\u00f3nomos e independientes respecto al Ejecutivo Estatal, tal como s\u00ed lo establece la Constituci\u00f3n del Estado de Chihuahua.<\/p>\n<p>2.- Las afirmaciones del gobernador Corral muestran un profundo desd\u00e9n por las instituciones, las leyes y el pacto federal, al desconocer las resoluciones emitidas por un \u00f3rgano constitucionalmente competente, que resolvi\u00f3 con base en pruebas y no a deseos personales o presiones pol\u00edticas.<\/p>\n<p>3.-\u00a0 Es falso que exista subordinaci\u00f3n del Poder Judicial Federal al Poder Ejecutivo Federal, como s\u00ed ocurri\u00f3 en el caso de Chihuahua con la destituci\u00f3n del Presidente del Tribunal de Justicia y del Fiscal General del Estado, violentando la Constituci\u00f3n de la entidad, como lo acredit\u00f3 la resoluci\u00f3n de la Suprema Corte de Justicia de la Naci\u00f3n del pasado 3 de abril de 2018, dictada en ese asunto.<\/p>\n<p>4.- Es tambi\u00e9n falsa la afirmaci\u00f3n que desde la Federaci\u00f3n se pretenda dar protecci\u00f3n a los inculpados en el asunto penal que el gobernador se\u00f1ala, quiz\u00e1 no recuerda o evita recordar que fue la Polic\u00eda Federal, dependiente de esta Secretar\u00eda de Gobernaci\u00f3n, la que en apoyo de la Fiscal\u00eda de Chihuahua ejecut\u00f3 la orden de aprehensi\u00f3n de uno de ellos y puso a disposici\u00f3n del Juez Local al supuesto principal probable responsable del delito.<\/p>\n<p>La Federaci\u00f3n lo hizo con profunda convicci\u00f3n al cumplimiento de obligaciones entre niveles de gobierno y dentro de nuestro orden Constitucional.<\/p>\n<p>El gobierno federal invariablemente se ha dirigido con respeto a la investidura de todos los gobernadores, solo con respeto republicano nuestro pa\u00eds camina en democracia.<\/p>\n<p>5.- La disposici\u00f3n del gobierno federal para apoyar con respeto y di\u00e1logo al gobierno y al gobernador de Chihuahua qued\u00f3 de manifiesto a trav\u00e9s de un Convenio que en el marco de la ley dirimi\u00f3 honorablemente un conflicto entre Federaci\u00f3n y el estado de Chihuahua, mismo que ha sido cumplido en sus t\u00e9rminos por la Federaci\u00f3n, tanto a trav\u00e9s de la entrega de participaciones federales extraordinarias por parte de la Secretar\u00eda de Hacienda y Cr\u00e9dito P\u00fablico, como informando puntualmente al gobierno del estado sobre los procedimientos de extradici\u00f3n del ex gobernador de esa entidad C\u00e9sar Duarte, realizados por la Procuradur\u00eda General de la Rep\u00fablica.<\/p>\n<p>Sin embargo, los compromisos que correspond\u00edan al gobierno de Chihuahua no han sido cumplidos, y tuvo que ser el Poder Judicial de la Federaci\u00f3n, a petici\u00f3n de la defensa de uno de los inculpados, la que resolviera conforme a la ley este asunto, haciendo a un lado calificaciones y presiones pol\u00edticas del gobernador Corral.<\/p>\n<p>6.- El gobernador Corral pretende falsamente imputar al Presidente de la Rep\u00fablica conductas y acciones al margen de la ley. El hecho de que la resoluci\u00f3n del Poder Judicial no satisfaga los deseos del gobernador no le da derecho a mentir ni a enga\u00f1ar a la sociedad.<\/p>\n<p>7.-\u00a0 Por lo anterior, el gobierno de la Rep\u00fablica exige al gobernador conducirse con apego a la verdad y a la Ley en beneficio de la entidad que gobierna, de la sociedad Chihuahuense y de la opini\u00f3n p\u00fablica, pero sobre todo en defensa de nuestro marco Constitucional que \u00e9l protest\u00f3 defender.<\/p>\n<p>\u00a1\u00a1\u00a1Orale!!!<\/p>\n<p>En este comunicado el gobierno de <strong>Pe\u00f1a Nieto <\/strong>no s\u00f3lo acusa a <strong>Corral <\/strong>de ignorante de los procesos institucionales, sino de manipulador del poder judicial de su estado, al que pone a disposici\u00f3n de sus intereses personales, y lo califica de mal intencionado y de no cumplir con sus compromisos.<\/p>\n<p>Pero si Usted cre\u00eda que era todo, le tengo que informar que no. Corral tambi\u00e9n se pele\u00f3 con los otros 31 gobernadores pertenecientes a la Conago a quienes calific\u00f3 de in\u00fatiles y desleales por no haberlo apoyado en su marcha aquella que realiz\u00f3 de Ciudad Ju\u00e1rez a la CDMX para que le dieran m\u00e1s lana.<\/p>\n<p>Y lleg\u00f3 incluso a pedir analizar si es conveniente seguir con la Conago porque, seg\u00fan \u00e9l, no sirve para nada.<\/p>\n<p>Esa es su naturaleza. Todav\u00eda lo recuerdan con sus esc\u00e1ndalos en el pleno del Senado donde estuvo incluso a punto de llegar a los golpes con su antecesor C\u00e9sar Duarte.<\/p>\n<p>Entonces senador de la Rep\u00fablica, Javier Corral aprovech\u00f3 su investidura legislativa para lanzarse directa y rudamente contra Duarte quien entonces era gobernador. No fue el \u00fanico pleito que se ech\u00f3 en esa C\u00e1mara.<\/p>\n<p>Es decir, \u00e9l contra el mundo.<\/p>\n<p style=\"text-align: center;\"><strong>\u00bfQu\u00e9 esconde Benito Nacif?<\/strong><\/p>\n<p>El Instituto Nacional Electoral ya dijo qu\u00e9 formato se aplicar\u00e1 en el Primer Debate entre los candidatos presidenciales.<\/p>\n<p>Lo que no ha explicado, es quien se va a estar a\u00a0 cargo de la producci\u00f3n y transmisi\u00f3n de dicho encuentro.<\/p>\n<p>Se dice que el consejero <strong>Benito Nacif,<\/strong> Presidente Temporal de Debates \u2013quien por cierto celebr\u00f3 ayer en familia en \u201cconocido restaurante\u201d de las Lomas de Chapultepec, el cumplea\u00f1os de su hija adolescente&#8211;, no ha ventilado el asunto porque <strong>Rub\u00e9n \u00c1lvarez,<\/strong> director de Comunicaci\u00f3n Social del Instituto, luego de consultar con varios productores de radio, televisi\u00f3n e Internet, eligi\u00f3 a dos de, \u00bfd\u00f3nde cree Usted? Pues s\u00ed, acert\u00f3, de Televisa.<\/p>\n<p>Los premiados hasta hace poco participaban en el programa \u201cHoy\u201d, de canal 2,\u00a0 y forman parte del programa\u00a0 <em>\u201cEl Privilegio de Mandar\u201d.<\/em> Uno es hijo de la realizadora de telenovelas, <strong>Carla Estrada<\/strong> y el otro es el primog\u00e9nito de <strong>Nino Can\u00fan.<\/strong><\/p>\n<p><strong>Rub\u00e9n \u00c1lvarez <\/strong>no fue lejos en la soluci\u00f3n de la producci\u00f3n. Ex director de XEW, pues simplemente se fue a Televisa. Dir\u00eda, \u00bfpor qu\u00e9 no, si son de casa?<\/p>\n<p>Ahora a ver si no ocurre lo de hace 6 a\u00f1os cuando una exuberante edec\u00e1n argentina, de pechos sobresalientes, dej\u00f3 sin aliento a los candidatos y rob\u00f3 la atenci\u00f3n de los televidentes.<\/p>\n<p><em><a href=\"mailto:rvizcainoa@gmail.com\" target=\"_blank\" rel=\"noopener\">vizcainoa@gmail.com<\/a><\/em><br \/>\n<em><a href=\"http:\/\/www.endirecto.com.mx\/\" target=\"_blank\" rel=\"noopener\">www.endirecto.com.mx<\/a><\/em><br \/>\n<em><a href=\"https:\/\/twitter.com\/_rvizcaino\" target=\"_blank\" rel=\"noopener\">@_RVizcaino<\/a><\/em><br \/>\n<a href=\"https:\/\/www.facebook.com\/rvizcainoa\" target=\"_blank\" rel=\"noopener\">f<em>acebook.com\/rvizcainoa<\/em><\/a><\/p>\n","protected":false},"excerpt":{"rendered":"<p><span style=\"color: #005497;\"><strong>Roberto Vizca\u00edno<\/strong><\/span><br \/>\n<br \/>\nComo la an\u00e9cdota del escorpi\u00f3n que clava su aguij\u00f3n a la rana en medio del r\u00edo, el gobernador de Chihuahua, <strong>Javier Corral,<\/strong> se hunde hoy en el mar de sus querellas y contradicciones por no poder dominar su naturaleza, la de pelearse con todos.<\/p>\n","protected":false},"author":3,"featured_media":371566,"comment_status":"open","ping_status":"open","sticky":false,"template":"","format":"standard","meta":{"_monsterinsights_skip_tracking":false,"_monsterinsights_sitenote_active":false,"_monsterinsights_sitenote_note":"","_monsterinsights_sitenote_category":0,"footnotes":""},"categories":[136],"tags":[43674,93,94],"class_list":["post-371508","post","type-post","status-publish","format-standard","has-post-thumbnail","hentry","category-roberto-vizcaino-opinion","tag-opinion","tag-roberto-vizcaino","tag-tras-la-puerta-del-poder"],"_links":{"self":[{"href":"https:\/\/www.diarioimagen.net\/index.php?rest_route=\/wp\/v2\/posts\/371508","targetHints":{"allow":["GET"]}}],"collection":[{"href":"https:\/\/www.diarioimagen.net\/index.php?rest_route=\/wp\/v2\/posts"}],"about":[{"href":"https:\/\/www.diarioimagen.net\/index.php?rest_route=\/wp\/v2\/types\/post"}],"author":[{"embeddable":true,"href":"https:\/\/www.diarioimagen.net\/index.php?rest_route=\/wp\/v2\/users\/3"}],"replies":[{"embeddable":true,"href":"https:\/\/www.diarioimagen.net\/index.php?rest_route=%2Fwp%2Fv2%2Fcomments&post=371508"}],"version-history":[{"count":0,"href":"https:\/\/www.diarioimagen.net\/index.php?rest_route=\/wp\/v2\/posts\/371508\/revisions"}],"wp:featuredmedia":[{"embeddable":true,"href":"https:\/\/www.diarioimagen.net\/index.php?rest_route=\/wp\/v2\/media\/371566"}],"wp:attachment":[{"href":"https:\/\/www.diarioimagen.net\/index.php?rest_route=%2Fwp%2Fv2%2Fmedia&parent=371508"}],"wp:term":[{"taxonomy":"category","embeddable":true,"href":"https:\/\/www.diarioimagen.net\/index.php?rest_route=%2Fwp%2Fv2%2Fcategories&post=371508"},{"taxonomy":"post_tag","embeddable":true,"href":"https:\/\/www.diarioimagen.net\/index.php?rest_route=%2Fwp%2Fv2%2Ftags&post=371508"}],"curies":[{"name":"wp","href":"https:\/\/api.w.org\/{rel}","templated":true}]}}