{"id":371572,"date":"2018-04-11T00:09:55","date_gmt":"2018-04-11T05:09:55","guid":{"rendered":"http:\/\/www.diarioimagen.net\/?p=371572"},"modified":"2018-04-11T02:37:56","modified_gmt":"2018-04-11T07:37:56","slug":"capturan-al-mono-capuchino-tras-movilizacion-de-casi-2-semanas","status":"publish","type":"post","link":"https:\/\/www.diarioimagen.net\/?p=371572","title":{"rendered":"Capturan al mono capuchino, tras movilizaci\u00f3n de casi 2 semanas"},"content":{"rendered":"<ul>\n<li><em><strong>Lo trasladan a Chapultepec<\/strong><\/em><\/li>\n<\/ul>\n<p>&nbsp;<\/p>\n<div id=\"attachment_371573\" style=\"width: 470px\" class=\"wp-caption aligncenter\"><img loading=\"lazy\" decoding=\"async\" aria-describedby=\"caption-attachment-371573\" class=\"size-large wp-image-371573\" src=\"http:\/\/www.diarioimagen.net\/wp-content\/uploads\/2018\/04\/MONO11-portal-460x268.jpg\" alt=\"\" width=\"460\" height=\"268\" srcset=\"https:\/\/www.diarioimagen.net\/wp-content\/uploads\/2018\/04\/MONO11-portal-460x268.jpg 460w, https:\/\/www.diarioimagen.net\/wp-content\/uploads\/2018\/04\/MONO11-portal-240x140.jpg 240w, https:\/\/www.diarioimagen.net\/wp-content\/uploads\/2018\/04\/MONO11-portal.jpg 480w\" sizes=\"auto, (max-width: 460px) 100vw, 460px\" \/><p id=\"caption-attachment-371573\" class=\"wp-caption-text\">Profepa al fin logr\u00f3 capturar al mono capuchino que en moviliz\u00f3 a cuerpos de bomberos y Protecci\u00f3n Civil de la Ciudad de M\u00e9xico, en la zona de Lomas de Chapultepec.<\/p><\/div>\n<p>&nbsp;<\/p>\n<p>La Procuradur\u00eda Federal de Protecci\u00f3n al Ambiente (Profepa) al fin logr\u00f3 capturar este martes al mono capuchino que en moviliz\u00f3 a cuerpos de bomberos y Protecci\u00f3n Civil de la Ciudad de M\u00e9xico, en la zona de Lomas de Chapultepec.<\/p>\n<p>El secretario de Medio Ambiente y Recursos Naturales, Rafael Pacchiano, revel\u00f3 la informaci\u00f3n a trav\u00e9s de su cuenta de Twitter @RafaelPacchiano.<\/p>\n<p>El pasado 27 de marzo este mono fue visto por primera vez columpi\u00e1ndose en los \u00e1rboles, lo que desat\u00f3 una movilizaci\u00f3n para intentar capturarlo.<\/p>\n<p>En esa ocasi\u00f3n, el ejemplar salt\u00f3 entre las copas de los \u00e1rboles y logr\u00f3 entrar al jard\u00edn de la Embajada de Estados Unidos, lugar del que tambi\u00e9n escap\u00f3.<\/p>\n<p>Aunque en Semana Santa se utilizaron dardos tranquilizantes para adormecer al animal, los tiros fallaron por lo que pudo huir rumbo a la zona de la barranca.<\/p>\n<p>En d\u00edas posteriores, el primate volvi\u00f3 a ser visto en las inmediaciones de Lomas de Chapultepec, sin embargo, hasta este martes todos los esfuerzos por capturarlo hab\u00edan sido in\u00fatiles.<\/p>\n<p>El titular de la Semarnat, inform\u00f3 que, tras ser capturado, el mono capuchino fue trasladado al zool\u00f3gico de Chapultepec.<\/p>\n","protected":false},"excerpt":{"rendered":"<p>La Procuradur\u00eda Federal de Protecci\u00f3n al Ambiente (Profepa) al fin logr\u00f3 capturar este martes al mono capuchino que en moviliz\u00f3 a cuerpos de bomberos y Protecci\u00f3n Civil de la Ciudad de M\u00e9xico, en la zona de Lomas de Chapultepec.<\/p>\n","protected":false},"author":5,"featured_media":371573,"comment_status":"open","ping_status":"open","sticky":false,"template":"","format":"standard","meta":{"_monsterinsights_skip_tracking":false,"_monsterinsights_sitenote_active":false,"_monsterinsights_sitenote_note":"","_monsterinsights_sitenote_category":0,"footnotes":""},"categories":[6],"tags":[63119,204,65880,1908,72456],"class_list":["post-371572","post","type-post","status-publish","format-standard","has-post-thumbnail","hentry","category-cd-de-mexico","tag-2-semanas","tag-ciudad-de-mexico","tag-lomas-de-chapultepec","tag-medio-ambiente","tag-tras-movilizacion"],"_links":{"self":[{"href":"https:\/\/www.diarioimagen.net\/index.php?rest_route=\/wp\/v2\/posts\/371572","targetHints":{"allow":["GET"]}}],"collection":[{"href":"https:\/\/www.diarioimagen.net\/index.php?rest_route=\/wp\/v2\/posts"}],"about":[{"href":"https:\/\/www.diarioimagen.net\/index.php?rest_route=\/wp\/v2\/types\/post"}],"author":[{"embeddable":true,"href":"https:\/\/www.diarioimagen.net\/index.php?rest_route=\/wp\/v2\/users\/5"}],"replies":[{"embeddable":true,"href":"https:\/\/www.diarioimagen.net\/index.php?rest_route=%2Fwp%2Fv2%2Fcomments&post=371572"}],"version-history":[{"count":0,"href":"https:\/\/www.diarioimagen.net\/index.php?rest_route=\/wp\/v2\/posts\/371572\/revisions"}],"wp:featuredmedia":[{"embeddable":true,"href":"https:\/\/www.diarioimagen.net\/index.php?rest_route=\/wp\/v2\/media\/371573"}],"wp:attachment":[{"href":"https:\/\/www.diarioimagen.net\/index.php?rest_route=%2Fwp%2Fv2%2Fmedia&parent=371572"}],"wp:term":[{"taxonomy":"category","embeddable":true,"href":"https:\/\/www.diarioimagen.net\/index.php?rest_route=%2Fwp%2Fv2%2Fcategories&post=371572"},{"taxonomy":"post_tag","embeddable":true,"href":"https:\/\/www.diarioimagen.net\/index.php?rest_route=%2Fwp%2Fv2%2Ftags&post=371572"}],"curies":[{"name":"wp","href":"https:\/\/api.w.org\/{rel}","templated":true}]}}