{"id":371578,"date":"2018-04-11T00:08:53","date_gmt":"2018-04-11T05:08:53","guid":{"rendered":"http:\/\/www.diarioimagen.net\/?p=371578"},"modified":"2018-04-11T01:05:24","modified_gmt":"2018-04-11T06:05:24","slug":"quien-no-esta-dispuesto-a-transparentar-no-merece-gobernar-meade","status":"publish","type":"post","link":"https:\/\/www.diarioimagen.net\/?p=371578","title":{"rendered":"Quien no est\u00e1 dispuesto a transparentar, no merece gobernar, se\u00f1ala Meade"},"content":{"rendered":"<ul>\n<li><strong><em>Reiter\u00f3 su llamado a revisar a fondo el patrimonio<\/em><\/strong><\/li>\n<\/ul>\n<p><strong>\u00a0<\/strong><\/p>\n<div id=\"attachment_371579\" style=\"width: 470px\" class=\"wp-caption aligncenter\"><img loading=\"lazy\" decoding=\"async\" aria-describedby=\"caption-attachment-371579\" class=\"wp-image-371579 size-large\" src=\"http:\/\/www.diarioimagen.net\/wp-content\/uploads\/2018\/04\/MEADE11-portal-460x268.jpg\" alt=\"\" width=\"460\" height=\"268\" srcset=\"https:\/\/www.diarioimagen.net\/wp-content\/uploads\/2018\/04\/MEADE11-portal-460x268.jpg 460w, https:\/\/www.diarioimagen.net\/wp-content\/uploads\/2018\/04\/MEADE11-portal-240x140.jpg 240w, https:\/\/www.diarioimagen.net\/wp-content\/uploads\/2018\/04\/MEADE11-portal.jpg 480w\" sizes=\"auto, (max-width: 460px) 100vw, 460px\" \/><p id=\"caption-attachment-371579\" class=\"wp-caption-text\">Jos\u00e9 Antonio Meade advirti\u00f3 que s\u00f3lo desde la integridad y de la transparencia se puede aspirar leg\u00edtimamente a gobernar.<\/p><\/div>\n<p>&nbsp;<\/p>\n<p>Jos\u00e9 Antonio Meade, candidato presidencial de la coalici\u00f3n Todos por M\u00e9xico, advirti\u00f3 que s\u00f3lo desde la integridad y de la transparencia se puede aspirar leg\u00edtimamente a pedir el apoyo de los ciudadanos, lo dem\u00e1s es simulaci\u00f3n o incongruencia.<\/p>\n<p>\u201cQuien no est\u00e1 dispuesto a transparentar, no merece gobernar\u201d, sentenci\u00f3 en su gira de proselitismo por Morelos, en donde mont\u00f3 una guardia de honor en el monumento del general Emiliano Zapata.<\/p>\n<p>El abanderado presidencial de los partidos Revolucionario Institucional (PRI), Verde Ecologista y Nueva Alianza, asever\u00f3 que no puede promover la justicia social quien no ha sido \u00edntegro en su conducta personal y su trayectoria pol\u00edtica.<\/p>\n<p>Por ello, advirti\u00f3 que en la vida pol\u00edtica y p\u00fablica, nadie debe escapar al examen detallado de su trayectoria, sus logros y su patrimonio personal. Reiter\u00f3 su llamado a los otros candidatos presidenciales a revisar a fondo el patrimonio de cada quien, \u201cque exhibamos y analicemos la trayectoria de cada uno y la manera c\u00f3mo cada quien ha construido su patrimonio\u201d.<\/p>\n<p>\u201cReitero este llamado en la tierra de Zapata como muestra de respeto a su ejemplo y legado. Quien no est\u00e1 dispuesto a transparentar, no merece gobernar\u201d, subray\u00f3.<\/p>\n<p>En su mensaje ante campesinos, resalt\u00f3 que la conducta personal de Zapata se convirti\u00f3, tambi\u00e9n en un modelo de acci\u00f3n y de congruencia. El propio iniciador del movimiento revolucionario, Francisco I. Madero, reconoci\u00f3 la integridad y la autoridad moral del gran l\u00edder del sur.<\/p>\n<p>\u201cFrente a \u00e9l, de cara a su recuerdo, en el aniversario de su tr\u00e1gica muerte, debemos insistir en la vigencia de esos valores; el campo ha sido, es y siempre ser\u00e1 la fuerza de M\u00e9xico\u201d.<\/p>\n<p>Refrend\u00f3 su compromiso de ser el mejor aliado de todos los mexicanos que viven y laboran en el campo, en especial de sus mujeres y sostuvo que al logro zapatista de \u201ctierra y libertad\u201d, hoy deben sumar apoyos que le permitan a nuestra gente ser m\u00e1s productivos y m\u00e1s pr\u00f3speros. Asimismo, dijo, darles seguridad de todo tipo: frente a la violencia, a desastres naturales e incluso, con un seguro de vida, as\u00ed como apoyos t\u00e9cnicos y financieros.<\/p>\n<p>El ex secretario de Hacienda sostuvo que el ejemplo de Zapata nos llama a actuar de frente a la sociedad y dar cuenta de lo que somos y de lo que hemos hecho y reiter\u00f3 su confianza de que ser\u00e1 el pr\u00f3ximo presidente de M\u00e9xico.<\/p>\n<p>&nbsp;<\/p>\n<p style=\"text-align: center;\"><strong>Da bienvenida a Jaime Rodr\u00edguez<\/strong><\/p>\n<p>Meade Kuribre\u00f1a dio la bienvenida al aspirante independiente Jaime Rodr\u00edguez a la contienda, luego que el Tribunal Electoral federal orden\u00f3 su inclusi\u00f3n en la boleta.<\/p>\n<p>Se\u00f1al\u00f3 que, al margen de la pol\u00e9mica desatada por la evidencia de que el equipo del Gobernador con licencia de Nuevo Le\u00f3n falsific\u00f3 miles de firmas, es respetuoso de la sentencia adoptada ayer por los Magistrados de la Sala Superior.<\/p>\n<p>\u201cSomos respetuosos de lo que haya fallado el Tribunal, lo hemos sido en todos los casos, no siempre compartimos lo que el Tribunal resuelve, pero siempre somos respetuosos de sus decisiones y, en este caso, con cargo a esa decisi\u00f3n, le damos la bienvenida\u201d, coment\u00f3 brevemente al t\u00e9rmino de un acto de campa\u00f1a.<\/p>\n<p>No obstante, Meade admiti\u00f3 que tendr\u00edan que hacerse ajustes a la Ley Electoral para evitar las irregularidades cometidas por aspirantes independientes.<\/p>\n<p>\u201cEs un tema que, una vez terminada la elecci\u00f3n, tendr\u00edamos que hacer (modificaciones) en muchos casos para muchos temas\u201d, plante\u00f3.<\/p>\n<p>\u201cYo creo que esta elecci\u00f3n nos ha ense\u00f1ado que enfrentamos rigideces y todo tipo de pr\u00e1cticas que deber\u00edan de modificarse para que tuvi\u00e9ramos elecciones m\u00e1s cercanas, m\u00e1s eficientes, m\u00e1s baratas y donde privilegi\u00e1ramos sobre todo las propuestas\u201d.<\/p>\n","protected":false},"excerpt":{"rendered":"<p>Jos\u00e9 Antonio Meade, candidato presidencial de la coalici\u00f3n Todos por M\u00e9xico, advirti\u00f3 que s\u00f3lo desde la integridad y de la transparencia se puede aspirar leg\u00edtimamente a pedir el apoyo de los ciudadanos, lo dem\u00e1s es simulaci\u00f3n o incongruencia.<\/p>\n","protected":false},"author":5,"featured_media":371579,"comment_status":"open","ping_status":"open","sticky":false,"template":"","format":"standard","meta":{"_monsterinsights_skip_tracking":false,"_monsterinsights_sitenote_active":false,"_monsterinsights_sitenote_note":"","_monsterinsights_sitenote_category":0,"footnotes":""},"categories":[3],"tags":[5304,72316,72371,26429,43673,72459,2050,367],"class_list":["post-371578","post","type-post","status-publish","format-standard","has-post-thumbnail","hentry","category-nacional","tag-emiliano-zapata","tag-gobernar","tag-jose-antonio-meade","tag-jose-antonio-meade-kuribrena","tag-nacional","tag-no-merece-gobernar","tag-nueva-alianza","tag-verde-ecologista"],"_links":{"self":[{"href":"https:\/\/www.diarioimagen.net\/index.php?rest_route=\/wp\/v2\/posts\/371578","targetHints":{"allow":["GET"]}}],"collection":[{"href":"https:\/\/www.diarioimagen.net\/index.php?rest_route=\/wp\/v2\/posts"}],"about":[{"href":"https:\/\/www.diarioimagen.net\/index.php?rest_route=\/wp\/v2\/types\/post"}],"author":[{"embeddable":true,"href":"https:\/\/www.diarioimagen.net\/index.php?rest_route=\/wp\/v2\/users\/5"}],"replies":[{"embeddable":true,"href":"https:\/\/www.diarioimagen.net\/index.php?rest_route=%2Fwp%2Fv2%2Fcomments&post=371578"}],"version-history":[{"count":0,"href":"https:\/\/www.diarioimagen.net\/index.php?rest_route=\/wp\/v2\/posts\/371578\/revisions"}],"wp:featuredmedia":[{"embeddable":true,"href":"https:\/\/www.diarioimagen.net\/index.php?rest_route=\/wp\/v2\/media\/371579"}],"wp:attachment":[{"href":"https:\/\/www.diarioimagen.net\/index.php?rest_route=%2Fwp%2Fv2%2Fmedia&parent=371578"}],"wp:term":[{"taxonomy":"category","embeddable":true,"href":"https:\/\/www.diarioimagen.net\/index.php?rest_route=%2Fwp%2Fv2%2Fcategories&post=371578"},{"taxonomy":"post_tag","embeddable":true,"href":"https:\/\/www.diarioimagen.net\/index.php?rest_route=%2Fwp%2Fv2%2Ftags&post=371578"}],"curies":[{"name":"wp","href":"https:\/\/api.w.org\/{rel}","templated":true}]}}