{"id":371623,"date":"2018-04-11T00:07:35","date_gmt":"2018-04-11T05:07:35","guid":{"rendered":"http:\/\/www.diarioimagen.net\/?p=371623"},"modified":"2018-04-11T23:12:39","modified_gmt":"2018-04-12T04:12:39","slug":"estudiantes-de-uaem-realizan-colecta-en-apoyo-a-migrantes","status":"publish","type":"post","link":"https:\/\/www.diarioimagen.net\/?p=371623","title":{"rendered":"Estudiantes de UAEM realizan colecta en apoyo a migrantes"},"content":{"rendered":"<ul>\n<li><em><strong>Se reciben alimentos, agua y ropa\u00a0<\/strong><\/em><\/li>\n<li><em><strong>Instalan centro de acopio en sede de la Facultad de Medicina<\/strong><\/em><\/li>\n<\/ul>\n<p>&nbsp;<\/p>\n<div id=\"attachment_371742\" style=\"width: 470px\" class=\"wp-caption aligncenter\"><a href=\"http:\/\/www.diarioimagen.net\/?attachment_id=371742\" rel=\"attachment wp-att-371742\"><img loading=\"lazy\" decoding=\"async\" aria-describedby=\"caption-attachment-371742\" class=\"size-large wp-image-371742\" src=\"http:\/\/www.diarioimagen.net\/wp-content\/uploads\/2018\/04\/UAEM-3344-460x259.jpg\" alt=\"\" width=\"460\" height=\"259\" srcset=\"https:\/\/www.diarioimagen.net\/wp-content\/uploads\/2018\/04\/UAEM-3344-460x259.jpg 460w, https:\/\/www.diarioimagen.net\/wp-content\/uploads\/2018\/04\/UAEM-3344-240x135.jpg 240w, https:\/\/www.diarioimagen.net\/wp-content\/uploads\/2018\/04\/UAEM-3344-235x132.jpg 235w, https:\/\/www.diarioimagen.net\/wp-content\/uploads\/2018\/04\/UAEM-3344-202x114.jpg 202w, https:\/\/www.diarioimagen.net\/wp-content\/uploads\/2018\/04\/UAEM-3344-350x196.jpg 350w, https:\/\/www.diarioimagen.net\/wp-content\/uploads\/2018\/04\/UAEM-3344-220x123.jpg 220w, https:\/\/www.diarioimagen.net\/wp-content\/uploads\/2018\/04\/UAEM-3344-237x132.jpg 237w, https:\/\/www.diarioimagen.net\/wp-content\/uploads\/2018\/04\/UAEM-3344.jpg 480w\" sizes=\"auto, (max-width: 460px) 100vw, 460px\" \/><\/a><p id=\"caption-attachment-371742\" class=\"wp-caption-text\">El estudiante de la carrera de m\u00e9dico cirujano de la UAEM, Crystian Garc\u00eda Miranda, se\u00f1al\u00f3 que la colecta tiene como sede la Facultad de Medicina, hasta el s\u00e1bado 14 de abril.<\/p><\/div>\n<p>&nbsp;<\/p>\n<p><strong>Toluca, Estado de M\u00e9xico<\/strong>. \u2013 Estudiantes de la Facultad de Medicina de la Universidad Aut\u00f3noma del Estado de M\u00e9xico, que forman parte de la Organizaci\u00f3n Estudiantil en Pro de la Salud (OEPSA) realizan una colecta de alimentos, agua y ropa para apoyar a migrantes que, en su tr\u00e1nsito hacia los Estados Unidos, se encuentran en la capital mexiquense.<\/p>\n<p>El presidente de OEPSA y estudiante de la carrera de m\u00e9dico cirujano de la UAEM, Crystian Garc\u00eda Miranda, subray\u00f3 que, hasta el pr\u00f3ximo s\u00e1bado 14 de abril, la colecta tiene como sede la Facultad de Medicina.<\/p>\n<p>Abund\u00f3 que los propios estudiantes y voluntarios realizar\u00e1n la entrega de lo recaudado en lugares identificados por la OEPSA, donde tambi\u00e9n se brindar\u00e1 atenci\u00f3n m\u00e9dica primaria, para prevenir enfermedades infecciosas, se suministrar\u00e1 hidrataci\u00f3n y atender\u00e1 principalmente a menores de edad, personas embarazadas y adultos mayores.<\/p>\n<p>La oficial local de Derechos Humanos y Paz de la organizaci\u00f3n estudiantil y tambi\u00e9n alumna de la Facultad de Medicina, Mar\u00eda Fernanda S\u00e1nchez Ju\u00e1rez, destac\u00f3 que es necesario brindar apoyo a personas que son consideradas en estado de vulnerabilidad, como los migrantes, quienes abandonan su pa\u00eds de origen sin insumos o alimentos necesarios para su supervivencia.<\/p>\n<p>Afirm\u00f3 que esta actividad altruista, impulsada por la administraci\u00f3n 2018-2019 de OEPSA, y cuya organizaci\u00f3n est\u00e1 integrada por j\u00f3venes de las carreras de m\u00e9dico cirujano, terapia f\u00edsica, terapia ocupacional y nutrici\u00f3n, es una oportunidad de desarrollo profesional, pero especialmente, para generar iniciativas de salud en beneficio de la poblaci\u00f3n.<\/p>\n<p>Cabe destacar que OEPSA desarrolla varias actividades, como pasant\u00edas internacionales, que permiten el intercambio de estudiantes a otras instituciones de educaci\u00f3n superior; asimismo, la organizaci\u00f3n de simposios para el conocimiento de enfermedades y tratamientos, as\u00ed como desarrollo de proyectos de impacto social.<\/p>\n","protected":false},"excerpt":{"rendered":"<p>Estudiantes de la Facultad de Medicina de la Universidad Aut\u00f3noma del Estado de M\u00e9xico, que forman parte de la Organizaci\u00f3n Estudiantil en Pro de la Salud (OEPSA) realizan una colecta de alimentos, agua y ropa para apoyar a migrantes que, en su tr\u00e1nsito hacia los Estados Unidos, se encuentran en la capital mexiquense.<\/p>\n","protected":false},"author":3,"featured_media":371742,"comment_status":"open","ping_status":"open","sticky":false,"template":"","format":"standard","meta":{"_monsterinsights_skip_tracking":false,"_monsterinsights_sitenote_active":false,"_monsterinsights_sitenote_note":"","_monsterinsights_sitenote_category":0,"footnotes":""},"categories":[5],"tags":[43675,72500,452,1491],"class_list":["post-371623","post","type-post","status-publish","format-standard","has-post-thumbnail","hentry","category-estado-de-mexico","tag-estado-de-mexico","tag-migrante","tag-toluca","tag-uaem"],"_links":{"self":[{"href":"https:\/\/www.diarioimagen.net\/index.php?rest_route=\/wp\/v2\/posts\/371623","targetHints":{"allow":["GET"]}}],"collection":[{"href":"https:\/\/www.diarioimagen.net\/index.php?rest_route=\/wp\/v2\/posts"}],"about":[{"href":"https:\/\/www.diarioimagen.net\/index.php?rest_route=\/wp\/v2\/types\/post"}],"author":[{"embeddable":true,"href":"https:\/\/www.diarioimagen.net\/index.php?rest_route=\/wp\/v2\/users\/3"}],"replies":[{"embeddable":true,"href":"https:\/\/www.diarioimagen.net\/index.php?rest_route=%2Fwp%2Fv2%2Fcomments&post=371623"}],"version-history":[{"count":0,"href":"https:\/\/www.diarioimagen.net\/index.php?rest_route=\/wp\/v2\/posts\/371623\/revisions"}],"wp:featuredmedia":[{"embeddable":true,"href":"https:\/\/www.diarioimagen.net\/index.php?rest_route=\/wp\/v2\/media\/371742"}],"wp:attachment":[{"href":"https:\/\/www.diarioimagen.net\/index.php?rest_route=%2Fwp%2Fv2%2Fmedia&parent=371623"}],"wp:term":[{"taxonomy":"category","embeddable":true,"href":"https:\/\/www.diarioimagen.net\/index.php?rest_route=%2Fwp%2Fv2%2Fcategories&post=371623"},{"taxonomy":"post_tag","embeddable":true,"href":"https:\/\/www.diarioimagen.net\/index.php?rest_route=%2Fwp%2Fv2%2Ftags&post=371623"}],"curies":[{"name":"wp","href":"https:\/\/api.w.org\/{rel}","templated":true}]}}