{"id":371625,"date":"2018-04-11T00:10:58","date_gmt":"2018-04-11T05:10:58","guid":{"rendered":"http:\/\/www.diarioimagen.net\/?p=371625"},"modified":"2018-04-11T06:07:57","modified_gmt":"2018-04-11T11:07:57","slug":"invitan-a-celebrar-el-dia-del-nino-en-la-noche-de-museos","status":"publish","type":"post","link":"https:\/\/www.diarioimagen.net\/?p=371625","title":{"rendered":"Invitan a celebrar el D\u00eda del Ni\u00f1o en la Noche de Museos"},"content":{"rendered":"<ul>\n<li><strong><em>Actividades l\u00fadicas y recreativas para la familia<\/em><\/strong><\/li>\n<\/ul>\n<p>&nbsp;<\/p>\n<div id=\"attachment_371760\" style=\"width: 470px\" class=\"wp-caption aligncenter\"><a href=\"http:\/\/www.diarioimagen.net\/?attachment_id=371760\" rel=\"attachment wp-att-371760\"><img loading=\"lazy\" decoding=\"async\" aria-describedby=\"caption-attachment-371760\" class=\"size-large wp-image-371760\" src=\"http:\/\/www.diarioimagen.net\/wp-content\/uploads\/2018\/04\/Noche-de-Museos-3344-460x259.jpg\" alt=\"\" width=\"460\" height=\"259\" srcset=\"https:\/\/www.diarioimagen.net\/wp-content\/uploads\/2018\/04\/Noche-de-Museos-3344-460x259.jpg 460w, https:\/\/www.diarioimagen.net\/wp-content\/uploads\/2018\/04\/Noche-de-Museos-3344-240x135.jpg 240w, https:\/\/www.diarioimagen.net\/wp-content\/uploads\/2018\/04\/Noche-de-Museos-3344-235x132.jpg 235w, https:\/\/www.diarioimagen.net\/wp-content\/uploads\/2018\/04\/Noche-de-Museos-3344-202x114.jpg 202w, https:\/\/www.diarioimagen.net\/wp-content\/uploads\/2018\/04\/Noche-de-Museos-3344-350x196.jpg 350w, https:\/\/www.diarioimagen.net\/wp-content\/uploads\/2018\/04\/Noche-de-Museos-3344-220x123.jpg 220w, https:\/\/www.diarioimagen.net\/wp-content\/uploads\/2018\/04\/Noche-de-Museos-3344-237x132.jpg 237w, https:\/\/www.diarioimagen.net\/wp-content\/uploads\/2018\/04\/Noche-de-Museos-3344.jpg 480w\" sizes=\"auto, (max-width: 460px) 100vw, 460px\" \/><\/a><p id=\"caption-attachment-371760\" class=\"wp-caption-text\">La Noche de Museos inician actividades el 13 de abril a partir de las 16:00 horas en el Centro Cultural Mexiquense.<\/p><\/div>\n<p>&nbsp;<\/p>\n<p><strong>Toluca, Estado de M\u00e9xico<\/strong>.- El Centro Cultural Mexiquense (CCM) invita, como cada mes, a los habitantes de la entidad a celebrar la Noche de Museos, que en esta ocasi\u00f3n tiene programadas diversas actividades para celebrar en familia el D\u00eda del Ni\u00f1o.<\/p>\n<p>Esta velada cultural iniciar\u00e1 el pr\u00f3ximo 13 de abril a partir de las 16:00 horas en el CCM, en Toluca, donde adem\u00e1s del programa de esta noche, los visitantes podr\u00e1n acceder a las exposiciones que albergan los museos de manera temporal y permanente.<\/p>\n<p>Las actividades iniciar\u00e1n en el Museo de Antropolog\u00eda e Historia a partir de las 16:00 horas donde habr\u00e1 visitas guiadas personalizadas; mientras que en las salas y pasillos del recinto tendr\u00e1 lugar el taller \u201cEstructura de los c\u00f3dices calend\u00e1ricos\u201d, en un horario de 16:00 a 19:30 horas.<\/p>\n<p>En la Sala de Exposiciones de este mismo museo ofrecer\u00e1n los talleres \u201cElaboraci\u00f3n de cajas\u201d y \u201cArte Huichol\u201d de 17:00 a 19:30 horas. Posterior a ellos, en el \u00c1gora se presentar\u00e1 el grupo de danza Tierra-fuego.<\/p>\n<p>En el taller \u201cA volar tu imaginaci\u00f3n\u201d los ni\u00f1os podr\u00e1n elaborar portal\u00e1pices con diferentes figuras, \u00e9ste ser\u00e1 en el vest\u00edbulo del Archivo Hist\u00f3rico del Estado de M\u00e9xico de 17:30 a 18:30 horas. y para quienes gustan del dibujo en el Museo de Arte Moderno se realizar\u00e1 un taller de figura humana de 17:00 a 19:00 horas.<\/p>\n<p>Asimismo, en el patio del Museo de Culturas Populares, un espect\u00e1culo de magia espera a chicos y grandes, en donde participar\u00e1 Jos\u00e9 de Jes\u00fas Cancino, integrante de la Asociaci\u00f3n de Magos de Toluca.<\/p>\n<p>En el \u00e1rea infantil de la Biblioteca P\u00fablica Central, de 16:00 a 18:00 horas, habr\u00e1 un Cuento-taller a cargo del artista pl\u00e1stico \u00d3scar Van Dick, donde realizar\u00e1n un l\u00e1piz decorativo; y en el auditorio de este mismo recinto, de 18:00 a 19:00 horas, la payasita \u201cBolita\u201d tendr\u00e1 una convivencia infantil.<\/p>\n<p>Cabe destacar que durante la Noche de Museos la entrada a los recintos, talleres y presentaciones art\u00edsticas son gratuitas.<\/p>\n<p>Para m\u00e1s informaci\u00f3n los interesados pueden comunicarse al 01-722-274-1400, de lunes a viernes de 9:00 a 18:00 horas.<\/p>\n","protected":false},"excerpt":{"rendered":"<p>El Centro Cultural Mexiquense (CCM) invita, como cada mes, a los habitantes de la entidad a celebrar la Noche de Museos, que en esta ocasi\u00f3n tiene programadas diversas actividades para celebrar en familia el D\u00eda del Ni\u00f1o.<\/p>\n","protected":false},"author":3,"featured_media":371760,"comment_status":"open","ping_status":"open","sticky":false,"template":"","format":"standard","meta":{"_monsterinsights_skip_tracking":false,"_monsterinsights_sitenote_active":false,"_monsterinsights_sitenote_note":"","_monsterinsights_sitenote_category":0,"footnotes":""},"categories":[5],"tags":[8813,43675,452],"class_list":["post-371625","post","type-post","status-publish","format-standard","has-post-thumbnail","hentry","category-estado-de-mexico","tag-centro-cultural-mexiquense","tag-estado-de-mexico","tag-toluca"],"_links":{"self":[{"href":"https:\/\/www.diarioimagen.net\/index.php?rest_route=\/wp\/v2\/posts\/371625","targetHints":{"allow":["GET"]}}],"collection":[{"href":"https:\/\/www.diarioimagen.net\/index.php?rest_route=\/wp\/v2\/posts"}],"about":[{"href":"https:\/\/www.diarioimagen.net\/index.php?rest_route=\/wp\/v2\/types\/post"}],"author":[{"embeddable":true,"href":"https:\/\/www.diarioimagen.net\/index.php?rest_route=\/wp\/v2\/users\/3"}],"replies":[{"embeddable":true,"href":"https:\/\/www.diarioimagen.net\/index.php?rest_route=%2Fwp%2Fv2%2Fcomments&post=371625"}],"version-history":[{"count":0,"href":"https:\/\/www.diarioimagen.net\/index.php?rest_route=\/wp\/v2\/posts\/371625\/revisions"}],"wp:featuredmedia":[{"embeddable":true,"href":"https:\/\/www.diarioimagen.net\/index.php?rest_route=\/wp\/v2\/media\/371760"}],"wp:attachment":[{"href":"https:\/\/www.diarioimagen.net\/index.php?rest_route=%2Fwp%2Fv2%2Fmedia&parent=371625"}],"wp:term":[{"taxonomy":"category","embeddable":true,"href":"https:\/\/www.diarioimagen.net\/index.php?rest_route=%2Fwp%2Fv2%2Fcategories&post=371625"},{"taxonomy":"post_tag","embeddable":true,"href":"https:\/\/www.diarioimagen.net\/index.php?rest_route=%2Fwp%2Fv2%2Ftags&post=371625"}],"curies":[{"name":"wp","href":"https:\/\/api.w.org\/{rel}","templated":true}]}}