{"id":371627,"date":"2018-04-11T00:10:40","date_gmt":"2018-04-11T05:10:40","guid":{"rendered":"http:\/\/www.diarioimagen.net\/?p=371627"},"modified":"2018-04-11T06:06:12","modified_gmt":"2018-04-11T11:06:12","slug":"desarrollo-urbano-motor-economico-de-inclusion-social","status":"publish","type":"post","link":"https:\/\/www.diarioimagen.net\/?p=371627","title":{"rendered":"Desarrollo urbano, motor econ\u00f3mico de inclusi\u00f3n social"},"content":{"rendered":"<h2>Arco Norte<\/h2>\n<h5>Jos\u00e9 Luis Monta\u00f1ez Aguilar<\/h5>\n<p>&nbsp;<\/p>\n<p><a href=\"http:\/\/www.diarioimagen.net\/?attachment_id=371756\" rel=\"attachment wp-att-371756\"><img loading=\"lazy\" decoding=\"async\" class=\"aligncenter size-large wp-image-371756\" src=\"http:\/\/www.diarioimagen.net\/wp-content\/uploads\/2018\/04\/arco-3344-460x259.jpg\" alt=\"\" width=\"460\" height=\"259\" srcset=\"https:\/\/www.diarioimagen.net\/wp-content\/uploads\/2018\/04\/arco-3344-460x259.jpg 460w, https:\/\/www.diarioimagen.net\/wp-content\/uploads\/2018\/04\/arco-3344-240x135.jpg 240w, https:\/\/www.diarioimagen.net\/wp-content\/uploads\/2018\/04\/arco-3344-235x132.jpg 235w, https:\/\/www.diarioimagen.net\/wp-content\/uploads\/2018\/04\/arco-3344-202x114.jpg 202w, https:\/\/www.diarioimagen.net\/wp-content\/uploads\/2018\/04\/arco-3344-350x196.jpg 350w, https:\/\/www.diarioimagen.net\/wp-content\/uploads\/2018\/04\/arco-3344-220x123.jpg 220w, https:\/\/www.diarioimagen.net\/wp-content\/uploads\/2018\/04\/arco-3344-237x132.jpg 237w, https:\/\/www.diarioimagen.net\/wp-content\/uploads\/2018\/04\/arco-3344.jpg 480w\" sizes=\"auto, (max-width: 460px) 100vw, 460px\" \/><\/a><\/p>\n<p>&nbsp;<\/p>\n<p>El gobernador del Estado de M\u00e9xico, Alfredo Del Mazo Maza, asegur\u00f3 que atender y resolver\u00a0 los principales retos que en materia de desarrollo urbano existen en el Estado de M\u00e9xico, permitir\u00e1 hacer de este sector un importante motor econ\u00f3mico y un poderoso mecanismo de inclusi\u00f3n social, por lo que se\u00f1al\u00f3 que su gobierno impulsa una estrategia que permite hacer de las zonas metropolitanas lugares m\u00e1s ordenados, donde las familias podr\u00e1n contar con mejores servicios y con m\u00e1s alternativas de superaci\u00f3n.<\/p>\n<p>\u201cNuestro mayor desaf\u00edo es asegurar a cada mexicano el derecho a una ciudad incluyente y sustentable, a un sistema de movilidad limpio y eficiente, y espacios p\u00fablicos y de vivienda dignos y habitables.<\/p>\n<p>Como parte de la administraci\u00f3n p\u00fablica, el desarrollo urbano es una de nuestras herramientas m\u00e1s poderosas para impulsar el desarrollo econ\u00f3mico y social, y para fortalecer la din\u00e1mica de nuestras relaciones sociales\u201d, enfatiz\u00f3.<\/p>\n<p>Al encabezar la primera reuni\u00f3n anual de la Red de Secretarios de Desarrollo Urbano de M\u00e9xico (Redsedum), junto con la Secretaria de Desarrollo Territorial y Urbano federal, el mandatario estatal afirm\u00f3 que para lograr tener ciudades m\u00e1s ordenadas en la entidad, su administraci\u00f3n, mediante el Plan de Desarrollo Estatal,\u00a0 realiz\u00f3 un diagn\u00f3stico para conocer y resolver los retos m\u00e1s apremiantes en este rubro.<\/p>\n<p>Ante 31 titulares y representantes de secretar\u00edas de Desarrollo Urbano del pa\u00eds, el Ejecutivo mexiquense enfatiz\u00f3 que proyectos\u00a0 como el Nuevo Aeropuerto Internacional de M\u00e9xico, el Tren Interurbano Toluca-M\u00e9xico o la L\u00ednea Metropolitana de Agua, representan una oportunidad para que la Ciudad de M\u00e9xico, el estado de Hidalgo y el Estado de M\u00e9xico, dise\u00f1en estrategias que resuelvan\u00a0 los desaf\u00edos que comparten, en beneficio de millones de personas que habitan en esta regi\u00f3n.<\/p>\n<p>En el Centro de Convenciones y Exposiciones de Toluca, el Gobernador a\u00f1adi\u00f3 que el Estado de M\u00e9xico enfrenta grandes retos en esta materia, pues se estima que actualmente la poblaci\u00f3n mexiquense es de 17.6 millones de personas, de las cuales, m\u00e1s de 15 millones, el 87 por ciento, viven en zonas urbanas, y que en el 2023 la cifra ser\u00e1 de casi 19 millones.<\/p>\n<p><em><a href=\"mailto:montanezaguilar@gmail.com\" target=\"_blank\" rel=\"noopener noreferrer\">montanezaguilar@gmail.com<\/a><\/em><\/p>\n","protected":false},"excerpt":{"rendered":"<p><span style=\"color: #005497;\">Jos\u00e9 Luis Monta\u00f1ez Aguilar<\/span><br \/>\n<br \/>\nEl gobernador del Estado de M\u00e9xico, Alfredo Del Mazo Maza, asegur\u00f3 que atender y resolver  los principales retos que en materia de desarrollo urbano existen en el Estado de M\u00e9xico, permitir\u00e1 hacer de este sector un importante motor econ\u00f3mico y un poderoso mecanismo de inclusi\u00f3n social, por lo que se\u00f1al\u00f3 que su gobierno impulsa una estrategia que permite hacer de las zonas metropolitanas lugares m\u00e1s ordenados, donde las familias podr\u00e1n contar con mejores servicios y con m\u00e1s alternativas de superaci\u00f3n.<\/p>\n","protected":false},"author":3,"featured_media":371756,"comment_status":"open","ping_status":"open","sticky":false,"template":"","format":"standard","meta":{"_monsterinsights_skip_tracking":false,"_monsterinsights_sitenote_active":false,"_monsterinsights_sitenote_note":"","_monsterinsights_sitenote_category":0,"footnotes":""},"categories":[5],"tags":[13284,43704,43674],"class_list":["post-371627","post","type-post","status-publish","format-standard","has-post-thumbnail","hentry","category-estado-de-mexico","tag-arco-norte","tag-jose-luis-montanez-aguilar","tag-opinion"],"_links":{"self":[{"href":"https:\/\/www.diarioimagen.net\/index.php?rest_route=\/wp\/v2\/posts\/371627","targetHints":{"allow":["GET"]}}],"collection":[{"href":"https:\/\/www.diarioimagen.net\/index.php?rest_route=\/wp\/v2\/posts"}],"about":[{"href":"https:\/\/www.diarioimagen.net\/index.php?rest_route=\/wp\/v2\/types\/post"}],"author":[{"embeddable":true,"href":"https:\/\/www.diarioimagen.net\/index.php?rest_route=\/wp\/v2\/users\/3"}],"replies":[{"embeddable":true,"href":"https:\/\/www.diarioimagen.net\/index.php?rest_route=%2Fwp%2Fv2%2Fcomments&post=371627"}],"version-history":[{"count":0,"href":"https:\/\/www.diarioimagen.net\/index.php?rest_route=\/wp\/v2\/posts\/371627\/revisions"}],"wp:featuredmedia":[{"embeddable":true,"href":"https:\/\/www.diarioimagen.net\/index.php?rest_route=\/wp\/v2\/media\/371756"}],"wp:attachment":[{"href":"https:\/\/www.diarioimagen.net\/index.php?rest_route=%2Fwp%2Fv2%2Fmedia&parent=371627"}],"wp:term":[{"taxonomy":"category","embeddable":true,"href":"https:\/\/www.diarioimagen.net\/index.php?rest_route=%2Fwp%2Fv2%2Fcategories&post=371627"},{"taxonomy":"post_tag","embeddable":true,"href":"https:\/\/www.diarioimagen.net\/index.php?rest_route=%2Fwp%2Fv2%2Ftags&post=371627"}],"curies":[{"name":"wp","href":"https:\/\/api.w.org\/{rel}","templated":true}]}}