{"id":371662,"date":"2018-04-11T00:08:14","date_gmt":"2018-04-11T05:08:14","guid":{"rendered":"http:\/\/www.diarioimagen.net\/?p=371662"},"modified":"2018-04-11T23:12:46","modified_gmt":"2018-04-12T04:12:46","slug":"firman-convenio-de-colaboracion-tsjcdmx-y-secretaria-del-trabajo-y-fomento-al-empleo","status":"publish","type":"post","link":"https:\/\/www.diarioimagen.net\/?p=371662","title":{"rendered":"Firman convenio de colaboraci\u00f3n TSJCDMX y Secretar\u00eda del Trabajo y Fomento al Empleo"},"content":{"rendered":"<ul>\n<li><em><strong>El presidente del \u00f3rgano judicial, \u00c1lvaro Augusto P\u00e9rez Ju\u00e1rez, y la titular del ramo, Amalia Garc\u00eda Medina, signaron el documento<\/strong><\/em><\/li>\n<li><em><strong>El prop\u00f3sito del acuerdo es acercar a personas sujetas a medidas cautelares y suspensi\u00f3n condicional del proceso a programas de auto-ocupaci\u00f3n,\u00a0bolsa de trabajo, seguro de desempleo, entre otros, como componente para la reinserci\u00f3n social<\/strong><\/em><\/li>\n<\/ul>\n<p>&nbsp;<\/p>\n<div id=\"attachment_371739\" style=\"width: 470px\" class=\"wp-caption aligncenter\"><a href=\"http:\/\/www.diarioimagen.net\/?attachment_id=371739\" rel=\"attachment wp-att-371739\"><img loading=\"lazy\" decoding=\"async\" aria-describedby=\"caption-attachment-371739\" class=\"size-large wp-image-371739\" src=\"http:\/\/www.diarioimagen.net\/wp-content\/uploads\/2018\/04\/tribunal-3344-460x259.jpg\" alt=\"\" width=\"460\" height=\"259\" srcset=\"https:\/\/www.diarioimagen.net\/wp-content\/uploads\/2018\/04\/tribunal-3344-460x259.jpg 460w, https:\/\/www.diarioimagen.net\/wp-content\/uploads\/2018\/04\/tribunal-3344-240x135.jpg 240w, https:\/\/www.diarioimagen.net\/wp-content\/uploads\/2018\/04\/tribunal-3344-235x132.jpg 235w, https:\/\/www.diarioimagen.net\/wp-content\/uploads\/2018\/04\/tribunal-3344-202x114.jpg 202w, https:\/\/www.diarioimagen.net\/wp-content\/uploads\/2018\/04\/tribunal-3344-350x196.jpg 350w, https:\/\/www.diarioimagen.net\/wp-content\/uploads\/2018\/04\/tribunal-3344-220x123.jpg 220w, https:\/\/www.diarioimagen.net\/wp-content\/uploads\/2018\/04\/tribunal-3344-237x132.jpg 237w, https:\/\/www.diarioimagen.net\/wp-content\/uploads\/2018\/04\/tribunal-3344.jpg 480w\" sizes=\"auto, (max-width: 460px) 100vw, 460px\" \/><\/a><p id=\"caption-attachment-371739\" class=\"wp-caption-text\">El magistrado presidente \u00c1lvaro Augusto P\u00e9rez Ju\u00e1rez y la secretaria del Trabajo y Fomento al Empleo del gobierno capitalino, Amalia Garc\u00eda Medina, signaron el convenio.<\/p><\/div>\n<p>&nbsp;<\/p>\n<p>Autoridades del Tribunal Superior de Justicia de la Ciudad de M\u00e9xico (TSJCDMX) y de la Secretar\u00eda del Trabajo y Fomento al Empleo del gobierno capitalino, signaron un convenio de colaboraci\u00f3n, cuyo fin es acercar a las personas sujetas a medidas cautelares y a suspensi\u00f3n condicional del proceso a programas de auto-ocupaci\u00f3n productiva, bolsas de trabajo, seguro de desempleo, entre otros, como un componente fundamental para la reinserci\u00f3n social.<\/p>\n<p>En la sede del \u00f3rgano judicial, su presidente, magistrado \u00c1lvaro Augusto P\u00e9rez Ju\u00e1rez, afirm\u00f3 que las medidas no privativas de la libertad son un mecanismo democr\u00e1tico y garantista, que aunadas a las estrategias del sistema procesal penal acusatorio, tienden a alcanzar un equilibrio entre derechos de los imputados y de las v\u00edctimas, sin perder de vista el inter\u00e9s de la sociedad por la seguridad p\u00fablica y la prevenci\u00f3n del delito.<\/p>\n<p>Con la presencia de la titular del ramo, Amalia Garc\u00eda Medina, P\u00e9rez Ju\u00e1rez destac\u00f3 que las instituciones tienen la corresponsabilidad de garantizar medidas no privativas de la libertad a los imputados, as\u00ed como de proporcionar distintas opciones que reduzcan su aplicaci\u00f3n, siempre bajo la perspectiva de las exigencias de la justicia social y las necesidades de rehabilitaci\u00f3n de los inculpados.<\/p>\n<p>Subray\u00f3 que la vinculaci\u00f3n entre la dependencia del gobierno de la ciudad y el TSJCDMX busca fortalecer las acciones con las que se inserte en el \u00e1mbito laboral a personas imputadas en el sistema procesal penal acusatorio, mediante los programas sociales de la secretar\u00eda, que bien pueden ser para la obtenci\u00f3n de un empleo o mediante el aprendizaje de un oficio, arte, industria o profesi\u00f3n.<\/p>\n<p>El tambi\u00e9n presidente del Consejo de la Judicatura local, refiri\u00f3 que para la Comisi\u00f3n Interamericana de Derechos Humanos, de acuerdo con su <em>Informe sobre el uso de la prisi\u00f3n preventiva en las Am\u00e9ricas<\/em> de 2013, uno de los problemas m\u00e1s graves y extendidos que padecen los pa\u00edses miembros de la Organizaci\u00f3n de los Estados Americanos es el uso excesivo, y no excepcional, de la prisi\u00f3n preventiva.<\/p>\n<p>Record\u00f3, asimismo, que las Reglas de Tokio plantean, como principio b\u00e1sico, fomentar entre las personas en conflicto con la ley penal su sentido de responsabilidad hacia la sociedad, y, por tanto, la reinserci\u00f3n constructiva de los imputados susceptibles de medidas cautelares o de la suspensi\u00f3n condicional del proceso.<\/p>\n<p>En su oportunidad, la secretaria del Trabajo y Fomento al Empleo, Amalia Garc\u00eda Medina, destac\u00f3 la importancia de la implementaci\u00f3n del sistema procesal penal acusatorio en la Ciudad de M\u00e9xico, y recalc\u00f3 la relevancia de estar a la vanguardia en la reinserci\u00f3n y reincorporaci\u00f3n de las personas a la sociedad, a fin de que tengan una vida plena en cuyo centro est\u00e9 el derecho fundamental al trabajo.<\/p>\n<p>Puntualiz\u00f3 que resulta fundamental, para que haya reinserci\u00f3n programas para el acceso al empleo o autoempleo, auto ocupaci\u00f3n productiva, bolsa de trabajo y seguro de desempleo.<\/p>\n","protected":false},"excerpt":{"rendered":"<p>Autoridades del Tribunal Superior de Justicia de la Ciudad de M\u00e9xico (TSJCDMX) y de la Secretar\u00eda del Trabajo y Fomento al Empleo del gobierno capitalino, signaron un convenio de colaboraci\u00f3n, cuyo fin es acercar a las personas sujetas a medidas cautelares y a suspensi\u00f3n condicional del proceso a programas de auto-ocupaci\u00f3n productiva, bolsas de trabajo, seguro de desempleo, entre otros, como un componente fundamental para la reinserci\u00f3n social.<\/p>\n","protected":false},"author":3,"featured_media":371739,"comment_status":"open","ping_status":"open","sticky":false,"template":"","format":"standard","meta":{"_monsterinsights_skip_tracking":false,"_monsterinsights_sitenote_active":false,"_monsterinsights_sitenote_note":"","_monsterinsights_sitenote_category":0,"footnotes":""},"categories":[6],"tags":[59477,204,21330,72503,51325],"class_list":["post-371662","post","type-post","status-publish","format-standard","has-post-thumbnail","hentry","category-cd-de-mexico","tag-alvaro-augusto-perez-juarez","tag-ciudad-de-mexico","tag-colaboracion","tag-secretaria-del-trabajo-y-fomento-al-empleo","tag-tsjcdmx"],"_links":{"self":[{"href":"https:\/\/www.diarioimagen.net\/index.php?rest_route=\/wp\/v2\/posts\/371662","targetHints":{"allow":["GET"]}}],"collection":[{"href":"https:\/\/www.diarioimagen.net\/index.php?rest_route=\/wp\/v2\/posts"}],"about":[{"href":"https:\/\/www.diarioimagen.net\/index.php?rest_route=\/wp\/v2\/types\/post"}],"author":[{"embeddable":true,"href":"https:\/\/www.diarioimagen.net\/index.php?rest_route=\/wp\/v2\/users\/3"}],"replies":[{"embeddable":true,"href":"https:\/\/www.diarioimagen.net\/index.php?rest_route=%2Fwp%2Fv2%2Fcomments&post=371662"}],"version-history":[{"count":0,"href":"https:\/\/www.diarioimagen.net\/index.php?rest_route=\/wp\/v2\/posts\/371662\/revisions"}],"wp:featuredmedia":[{"embeddable":true,"href":"https:\/\/www.diarioimagen.net\/index.php?rest_route=\/wp\/v2\/media\/371739"}],"wp:attachment":[{"href":"https:\/\/www.diarioimagen.net\/index.php?rest_route=%2Fwp%2Fv2%2Fmedia&parent=371662"}],"wp:term":[{"taxonomy":"category","embeddable":true,"href":"https:\/\/www.diarioimagen.net\/index.php?rest_route=%2Fwp%2Fv2%2Fcategories&post=371662"},{"taxonomy":"post_tag","embeddable":true,"href":"https:\/\/www.diarioimagen.net\/index.php?rest_route=%2Fwp%2Fv2%2Ftags&post=371662"}],"curies":[{"name":"wp","href":"https:\/\/api.w.org\/{rel}","templated":true}]}}