{"id":371680,"date":"2018-04-11T00:09:30","date_gmt":"2018-04-11T05:09:30","guid":{"rendered":"http:\/\/www.diarioimagen.net\/?p=371680"},"modified":"2018-04-11T06:12:00","modified_gmt":"2018-04-11T11:12:00","slug":"reportan-saldo-blanco-en-operativo-vacacional-de-semana-santa-en-tultitlan","status":"publish","type":"post","link":"https:\/\/www.diarioimagen.net\/?p=371680","title":{"rendered":"Reportan saldo blanco en operativo vacacional de Semana Santa en Tultitl\u00e1n"},"content":{"rendered":"<ul>\n<li><strong><em>Participaron 150 elementos<\/em><\/strong><\/li>\n<\/ul>\n<p>&nbsp;<\/p>\n<p><a href=\"http:\/\/www.diarioimagen.net\/?attachment_id=371766\" rel=\"attachment wp-att-371766\"><img loading=\"lazy\" decoding=\"async\" class=\"aligncenter size-large wp-image-371766\" src=\"http:\/\/www.diarioimagen.net\/wp-content\/uploads\/2018\/04\/TULTITLAN-3344-460x259.jpg\" alt=\"\" width=\"460\" height=\"259\" srcset=\"https:\/\/www.diarioimagen.net\/wp-content\/uploads\/2018\/04\/TULTITLAN-3344-460x259.jpg 460w, https:\/\/www.diarioimagen.net\/wp-content\/uploads\/2018\/04\/TULTITLAN-3344-240x135.jpg 240w, https:\/\/www.diarioimagen.net\/wp-content\/uploads\/2018\/04\/TULTITLAN-3344-235x132.jpg 235w, https:\/\/www.diarioimagen.net\/wp-content\/uploads\/2018\/04\/TULTITLAN-3344-202x114.jpg 202w, https:\/\/www.diarioimagen.net\/wp-content\/uploads\/2018\/04\/TULTITLAN-3344-350x196.jpg 350w, https:\/\/www.diarioimagen.net\/wp-content\/uploads\/2018\/04\/TULTITLAN-3344-220x123.jpg 220w, https:\/\/www.diarioimagen.net\/wp-content\/uploads\/2018\/04\/TULTITLAN-3344-237x132.jpg 237w, https:\/\/www.diarioimagen.net\/wp-content\/uploads\/2018\/04\/TULTITLAN-3344.jpg 480w\" sizes=\"auto, (max-width: 460px) 100vw, 460px\" \/><\/a><\/p>\n<p>&nbsp;<\/p>\n<p><strong>Tultitl\u00e1n, Estado de M\u00e9xico<\/strong>.- La actual administraci\u00f3n trabaja por la seguridad de los tultitlenses y la Comisar\u00eda de Seguridad P\u00fablica, Vialidad y Protecci\u00f3n Civil llev\u00f3 a cabo el operativo \u201cSemana Santa 2018\u201d, para salvaguardar la integridad f\u00edsica y patrimonial de la ciudadan\u00eda tultitlense y paseantes de otros municipios o estados.<\/p>\n<p>Durante el operativo, que estuvo conformado por 150 elementos adscritos a la Comisar\u00eda, se reforz\u00f3 la labor de vigilancia y auxilio a las familias que acudieron a vacacionar a alg\u00fan lugar del municipio o un punto cercano.<\/p>\n<p>Fue montado desde el pasado 26 de marzo culminando el 2 de abril, con puestos de auxilio en los principales accesos al municipio, con 10 cuadrantes que se dividieron en 30 unidades y desplegaron acciones en 30 iglesias de la demarcaci\u00f3n.<\/p>\n<p>El titular de la corporaci\u00f3n coment\u00f3 que este operativo salvaguarda la integridad personal y patrimonial de los tultitlenses.<\/p>\n<p>De esta manera, se brind\u00f3 atenci\u00f3n a la ciudadan\u00eda que transit\u00f3 por las v\u00edas principales y que requiri\u00f3 alg\u00fan tipo de ayuda, garantizando as\u00ed la seguridad de vacacionistas durante su paso por Tultitl\u00e1n hasta su lugar de origen.<\/p>\n<p>Por \u00faltimo, el se\u00f1or Fernando Mora coment\u00f3 que este tipo de acciones \u201cconfirma el compromiso del Gobierno con la seguridad de la gente, m\u00e1s en esta temporada en que se puede desatar la delincuencia por el hecho de no estar cerca de casa y que se presta mas para sufrir alg\u00fan tipo de acto delictivo\u201d.<\/p>\n","protected":false},"excerpt":{"rendered":"<p>La actual administraci\u00f3n trabaja por la seguridad de los tultitlenses y la Comisar\u00eda de Seguridad P\u00fablica, Vialidad y Protecci\u00f3n Civil llev\u00f3 a cabo el operativo \u201cSemana Santa 2018\u201d, para salvaguardar la integridad f\u00edsica y patrimonial de la ciudadan\u00eda tultitlense y paseantes de otros municipios o estados.<\/p>\n","protected":false},"author":3,"featured_media":371766,"comment_status":"open","ping_status":"open","sticky":false,"template":"","format":"standard","meta":{"_monsterinsights_skip_tracking":false,"_monsterinsights_sitenote_active":false,"_monsterinsights_sitenote_note":"","_monsterinsights_sitenote_category":0,"footnotes":""},"categories":[35155],"tags":[43675,25609,2406,578],"class_list":["post-371680","post","type-post","status-publish","format-standard","has-post-thumbnail","hentry","category-estado-de-mexico-estado-de-mexico","tag-estado-de-mexico","tag-saldo-blanco","tag-semana-santa","tag-tultitlan"],"_links":{"self":[{"href":"https:\/\/www.diarioimagen.net\/index.php?rest_route=\/wp\/v2\/posts\/371680","targetHints":{"allow":["GET"]}}],"collection":[{"href":"https:\/\/www.diarioimagen.net\/index.php?rest_route=\/wp\/v2\/posts"}],"about":[{"href":"https:\/\/www.diarioimagen.net\/index.php?rest_route=\/wp\/v2\/types\/post"}],"author":[{"embeddable":true,"href":"https:\/\/www.diarioimagen.net\/index.php?rest_route=\/wp\/v2\/users\/3"}],"replies":[{"embeddable":true,"href":"https:\/\/www.diarioimagen.net\/index.php?rest_route=%2Fwp%2Fv2%2Fcomments&post=371680"}],"version-history":[{"count":0,"href":"https:\/\/www.diarioimagen.net\/index.php?rest_route=\/wp\/v2\/posts\/371680\/revisions"}],"wp:featuredmedia":[{"embeddable":true,"href":"https:\/\/www.diarioimagen.net\/index.php?rest_route=\/wp\/v2\/media\/371766"}],"wp:attachment":[{"href":"https:\/\/www.diarioimagen.net\/index.php?rest_route=%2Fwp%2Fv2%2Fmedia&parent=371680"}],"wp:term":[{"taxonomy":"category","embeddable":true,"href":"https:\/\/www.diarioimagen.net\/index.php?rest_route=%2Fwp%2Fv2%2Fcategories&post=371680"},{"taxonomy":"post_tag","embeddable":true,"href":"https:\/\/www.diarioimagen.net\/index.php?rest_route=%2Fwp%2Fv2%2Ftags&post=371680"}],"curies":[{"name":"wp","href":"https:\/\/api.w.org\/{rel}","templated":true}]}}