{"id":371709,"date":"2018-04-11T00:05:55","date_gmt":"2018-04-11T05:05:55","guid":{"rendered":"http:\/\/www.diarioimagen.net\/?p=371709"},"modified":"2018-04-11T03:16:14","modified_gmt":"2018-04-11T08:16:14","slug":"el-bronco-a-la-boleta","status":"publish","type":"post","link":"https:\/\/www.diarioimagen.net\/?p=371709","title":{"rendered":"\u201cEl Bronco\u201d, a la boleta"},"content":{"rendered":"<h2>Desde el portal<\/h2>\n<h5>\u00c1ngel Soriano<\/h5>\n<p>&nbsp;<\/p>\n<p>La inclusi\u00f3n de Jaime Rodr\u00edguez \u201cEl Bronco\u201d en la boleta electoral para los comicios del 1 de julio, m\u00e1s all\u00e1 de los supuestos errores burocr\u00e1ticos como la falta de audiencia para el cotejo de firmas electr\u00f3nicas, tiene un mensaje, dado el perfil pol\u00edtico del gobernador con licencia de Nuevo Le\u00f3n, pues las inconsistencias en la recolecci\u00f3n de apoyos fue evidenciada desde el principio del proceso electoral de 2018.<\/p>\n<p>Avanzadas ya las campa\u00f1as, Rodr\u00edguez se integrar\u00e1 a la contienda con un prop\u00f3sito claro: su estilo rural del norte le permitir\u00e1 enfrentar al puntero en la justa electoral, al tabasque\u00f1o L\u00f3pez Obrador que con lenguaje coloquial acaba en unas cuantas frases los discursos o los presuntos an\u00e1lisis pol\u00edticos de sus adversarios, llama a las cosas por su nombre y recurre a la filosof\u00eda del pueblo para destrozar a sus detractores.<\/p>\n<p>Por el mismo estilo es \u201cEl Bronco\u201d, que ha enfrentado a AMLO y lo continuar\u00e1 haciendo, ahora con m\u00e1s recursos, tanto financieros como legales, ya inscrito de manera formal como el quinto contendiente, toda vez que la ex panista Margarita Zavala, la que peleaba honrosamente su cuarto sitio \u2013aunque AMLO de mala fe la ubica en la disputa por el segundo lugar junto con los otros tres candidatos-, parece ser no cubri\u00f3 las expectativas.<\/p>\n<p>\u201cEl Bronco\u201d fue llamado a cubrir un lugar espec\u00edfico y a jugar un papel importante en esta contienda electoral que, para el tres veces candidato presidencial, Andr\u00e9s Manuel L\u00f3pez Obrador, ya est\u00e1 definida, pero no. Todav\u00eda falta y hay m\u00e1s recursos a los que recurrir\u00e1 el sistema para apuntalar a su candidato y hacer ganar al que mejor convenga a sus intereses, y a los intereses de la clase pol\u00edtica gobernante.<\/p>\n<p style=\"text-align: center;\"><strong>TURBULENCIAS<br \/>\nQuintana Haddad, nuevo<\/strong><strong> director del Imjuve<\/strong><\/p>\n<p>El secretario de Desarrollo Social, Eviel P\u00e9rez Maga\u00f1a, dio posesi\u00f3n como nuevo director general del Instituto Mexicano de la Juventud (Imjuve) a M\u00e1ximo Quintana Haddad, en sustituci\u00f3n de Jos\u00e9 Manuel Romero Coello y convoc\u00f3 al nuevo funcionario a redoblar el trabajo del Instituto en favor de los j\u00f3venes, a fin de otorgarles las herramientas necesarias en materia de educaci\u00f3n, salud, empleo y participaci\u00f3n social.<\/p>\n<p>Quintana Haddad es licenciado en Derecho por la Universidad Iberoamericana, tiene maestr\u00eda en Comunicaci\u00f3n y Gobernanza por la Universidad George Washington; ha sido profesor de la carrera de Derecho en la Universidad del Valle de Toluca, delegado federal de la Semarnap en el Estado de M\u00e9xico y fue director de Desarrollo Social y Regidor en el municipio de Metepec&#8230;El candidato presidencial de la coalici\u00f3n Todos por M\u00e9xico, Jos\u00e9 Antonio Meade, dijo en Cuernavaca, Morelos, que en los comicios\u00a0de julio pr\u00f3ximo, los ciudadanos deber\u00e1n elegir entre la justicia y el perd\u00f3n a los delincuentes y subray\u00f3 que siempre estar\u00e1 del lado de la justicia. Afirm\u00f3 que trabajar\u00e1 palmo a palmo con nuestras Fuerzas Armadas y escuchar\u00e1 a las v\u00edctimas para reparar sus derechos. En contraparte, advirti\u00f3, Andr\u00e9s Manuel L\u00f3pez Obrador ofrece perd\u00f3n a los delincuentes, criminales y narcotraficantes, al tiempo que ataca y calumnia a miles de soldados, pilotos y marinos, quienes protegen a la poblaci\u00f3n\u2026El Instituto Estatal de Educaci\u00f3n P\u00fablica de Oaxaca (IEEPO) inform\u00f3 que este martes se reanudaron las clases de manera normal, con reportes de sin novedad; hubo 97.5% de asistencia en escuelas p\u00fablicas y en las privadas al 100% de acuerdo al monitoreo realizado ayer\u2026<\/p>\n<p><em><a href=\"http:\/\/www.revista-brecha.com\/\" target=\"_blank\" rel=\"noopener\">www.revista-brecha.com<br \/>\n<\/a><a href=\"mailto:asorianodesdelportalo@hotmail.com\" target=\"_blank\" rel=\"noopener\">asorianodesdelportalo@hotmail.com<\/a><\/em><\/p>\n","protected":false},"excerpt":{"rendered":"<p><span style=\"color: #005497;\"><strong>\u00c1ngel Soriano<\/strong><\/span><\/p>\n","protected":false},"author":3,"featured_media":0,"comment_status":"open","ping_status":"open","sticky":false,"template":"","format":"standard","meta":{"_monsterinsights_skip_tracking":false,"_monsterinsights_sitenote_active":false,"_monsterinsights_sitenote_note":"","_monsterinsights_sitenote_category":0,"footnotes":""},"categories":[135],"tags":[85,86,43674],"class_list":["post-371709","post","type-post","status-publish","format-standard","hentry","category-angel-soriano-opinion","tag-angel-soriano","tag-desde-el-portal","tag-opinion"],"_links":{"self":[{"href":"https:\/\/www.diarioimagen.net\/index.php?rest_route=\/wp\/v2\/posts\/371709","targetHints":{"allow":["GET"]}}],"collection":[{"href":"https:\/\/www.diarioimagen.net\/index.php?rest_route=\/wp\/v2\/posts"}],"about":[{"href":"https:\/\/www.diarioimagen.net\/index.php?rest_route=\/wp\/v2\/types\/post"}],"author":[{"embeddable":true,"href":"https:\/\/www.diarioimagen.net\/index.php?rest_route=\/wp\/v2\/users\/3"}],"replies":[{"embeddable":true,"href":"https:\/\/www.diarioimagen.net\/index.php?rest_route=%2Fwp%2Fv2%2Fcomments&post=371709"}],"version-history":[{"count":0,"href":"https:\/\/www.diarioimagen.net\/index.php?rest_route=\/wp\/v2\/posts\/371709\/revisions"}],"wp:attachment":[{"href":"https:\/\/www.diarioimagen.net\/index.php?rest_route=%2Fwp%2Fv2%2Fmedia&parent=371709"}],"wp:term":[{"taxonomy":"category","embeddable":true,"href":"https:\/\/www.diarioimagen.net\/index.php?rest_route=%2Fwp%2Fv2%2Fcategories&post=371709"},{"taxonomy":"post_tag","embeddable":true,"href":"https:\/\/www.diarioimagen.net\/index.php?rest_route=%2Fwp%2Fv2%2Ftags&post=371709"}],"curies":[{"name":"wp","href":"https:\/\/api.w.org\/{rel}","templated":true}]}}