{"id":371722,"date":"2018-04-11T00:08:43","date_gmt":"2018-04-11T05:08:43","guid":{"rendered":"http:\/\/www.diarioimagen.net\/?p=371722"},"modified":"2018-04-11T05:47:01","modified_gmt":"2018-04-11T10:47:01","slug":"perdona-trampas-tribunal-electoral","status":"publish","type":"post","link":"https:\/\/www.diarioimagen.net\/?p=371722","title":{"rendered":"Perdona trampas Tribunal Electoral"},"content":{"rendered":"<h2>Punto por punto<\/h2>\n<h5>Augusto Corro<\/h5>\n<p>&nbsp;<\/p>\n<div id=\"attachment_371729\" style=\"width: 470px\" class=\"wp-caption aligncenter\"><a href=\"http:\/\/www.diarioimagen.net\/?attachment_id=371729\" rel=\"attachment wp-att-371729\"><img loading=\"lazy\" decoding=\"async\" aria-describedby=\"caption-attachment-371729\" class=\"size-large wp-image-371729\" src=\"http:\/\/www.diarioimagen.net\/wp-content\/uploads\/2018\/04\/MUY-SABROSO-el-bronco-jose-luis-3343-460x355.jpg\" alt=\"\" width=\"460\" height=\"355\" srcset=\"https:\/\/www.diarioimagen.net\/wp-content\/uploads\/2018\/04\/MUY-SABROSO-el-bronco-jose-luis-3343-460x355.jpg 460w, https:\/\/www.diarioimagen.net\/wp-content\/uploads\/2018\/04\/MUY-SABROSO-el-bronco-jose-luis-3343-240x185.jpg 240w, https:\/\/www.diarioimagen.net\/wp-content\/uploads\/2018\/04\/MUY-SABROSO-el-bronco-jose-luis-3343-768x593.jpg 768w, https:\/\/www.diarioimagen.net\/wp-content\/uploads\/2018\/04\/MUY-SABROSO-el-bronco-jose-luis-3343.jpg 1200w\" sizes=\"auto, (max-width: 460px) 100vw, 460px\" \/><\/a><p id=\"caption-attachment-371729\" class=\"wp-caption-text\">Muy sabroso El Bronco&#8230; | Jos\u00e9 Luis<\/p><\/div>\n<p>&nbsp;<\/p>\n<p>Todos coludos o todos rabones deber\u00eda ser la norma a aplicar en los tribunales electorales. No es as\u00ed. Las leyes se aplican, sin recato alguno, como lo pide el \u201ccliente\u201d.<\/p>\n<p>\u00bfEjemplo? La aprobaci\u00f3n de Jaime Rodr\u00edguez (a) \u201cEl Bronco\u201d como candidato presidencial independiente.<\/p>\n<p>El Instituto Nacional Electoral (INE) le cancel\u00f3 el acceso a la candidatura al nuevoleon\u00e9s debido al c\u00famulo de ilegalidades o irregularidades en la recolecci\u00f3n de firmas para su registro; pero los magistrados electorales, autoridad superior, decidieron favorecer a \u201cEl Bronco\u201d y aprobaron que participe como aspirante presidencial independiente.<\/p>\n<p>Las autoridades del Tribunal Electoral (Trife) argumentaron que en el INE no se le respet\u00f3 al gobernador con licencia su derecho de audiencia como ciudadano. Vaya generosidad de los magistrados.<\/p>\n<p>\u00bfPor qu\u00e9 el INE rechaz\u00f3 la candidatura de \u201cEl Bronco\u201d? Por las ilegalidades en la recolecci\u00f3n de firmas: falsificaci\u00f3n de credenciales de elector, la suplantaci\u00f3n de votantes, la triangulaci\u00f3n de recursos, el financiamiento ilegal, etc. Las violaciones a las leyes electorales no contaron. \u00bfPor qu\u00e9 esa actuaci\u00f3n il\u00f3gica de los magistrados electorales?<\/p>\n<p>De los tres candidatos presidenciales independientes solo fueron aprobados dos. El INE desde el principio acept\u00f3 la candidatura de Margarita Zavala de Calder\u00f3n. En la recolecci\u00f3n de firmas cometi\u00f3 los mismos errores que \u201cEl Bronco\u201d y R\u00edos Piter.<\/p>\n<p>La ex primera dama no tuvo problemas para su registro. El hecho de no tener una ligera oposici\u00f3n a su registro levant\u00f3 sospechas de cierto favoritismo. Armando R\u00edos Piter (a) \u201cEl Jaguar\u201d es el \u00fanico que no tuvo los padrinos tan poderosos para conseguir su registro como candidato independiente.<\/p>\n<p>Entendemos que otra vez se burl\u00f3 a las leyes electorales. Esas irregularidades de los aspirantes presidenciales independientes eran m\u00e1s que suficientes para cancelarles las posibilidades de su registro.<\/p>\n<p>La determinaci\u00f3n de los magistrados del Trife tendr\u00e1 repercusi\u00f3n en la contienda electoral. El tiempo nos aclarar\u00e1 el por qu\u00e9 de esa conducta de las autoridades electorales.<\/p>\n<p style=\"text-align: center;\"><strong>Imagen abollada<\/strong><\/p>\n<p>Las trampas de los candidatos presidenciales independientes lo \u00fanico que lograron fue fortalecer a la partidocracia. La imagen de los sin partido se encuentra por los suelos; pero poco les importa. Siguen con la idea de llegar al poder. No lo lograr\u00e1n, pero eso es lo de menos. El intento lo hicieron.<\/p>\n<p>Para conseguir su registro en la boleta electoral el 1 de julio, Margarita Zavala, Jaime Rodr\u00edguez (a) \u201cEl Bronco\u201d\u00a0 no se limitaron en valerse de las ma\u00f1as, vicios y errores de los partidos pol\u00edticos en las campa\u00f1as para cargos de elecci\u00f3n popular.<\/p>\n<p>Pudo m\u00e1s el pasado partidista de los que ahora se hacen pasar como independientes. La se\u00f1ora Calder\u00f3n fue militante, casi toda su vida, del Partido Acci\u00f3n Nacional (PAN). Despu\u00e9s acompa\u00f1\u00f3 a su marido Felipe Calder\u00f3n quien se desempe\u00f1\u00f3 como presidente de M\u00e9xico.<\/p>\n<p>\u00bfPudo sacudirse Margarita Zavala su pasado panista?<\/p>\n<p>Parece imposible. Si bien es cierto que ya no es blanquiazul y que dividi\u00f3 a su partido, pocos militantes del PAN la siguen. El divisionismo en el interior de esa organizaci\u00f3n pol\u00edtica, propiciada por su esposo Felipe, lo coloca en una situaci\u00f3n dif\u00edcil para ganar la silla presidencial.<\/p>\n<p>La ex primera dama dif\u00edcilmente se podr\u00e1 manejar como independiente tras su pasado panista y porque es esposa del impresentable ex presidente de M\u00e9xico, Felipe Calder\u00f3n, que hizo el rid\u00edculo con la guerra fallida contra la delincuencia organizada.<\/p>\n<p>\u201cEl Bronco\u201d decidi\u00f3 participar como candidato presidencial independiente tras ganar la gubernatura de Nuevo Le\u00f3n sin el apoyo de ning\u00fan partido. Antes estuvo m\u00e1s de 20 a\u00f1os afiliado al Partido Revolucionario Institucional (PRI). Seguro que sus a\u00f1oranzas pri\u00edstas lo persiguen, as\u00ed lo demostr\u00f3 en el manejo tramposo de la recolecci\u00f3n de firmas.<\/p>\n<p>Los nuevoleoneses se encuentran inconformes con la administraci\u00f3n del independiente que les tom\u00f3 el pelo con sus promesas de campa\u00f1a, que no cumpli\u00f3. En otras, aquella de encarcelar al ex gobernador Rodrigo Medina, de extracci\u00f3n pri\u00edsta, acusado de un sinn\u00famero de delitos, como el de peculado y enriquecimiento inexplicable.<\/p>\n<p>El otro aspirante presidencial independiente, R\u00edos Piter, parece que fue el \u00fanico de los tres que no alcanz\u00f3 el perd\u00f3n de las autoridades electorales. De origen perredista, fue el menos conocido de los que buscaban aparecer en la papeleta electoral. Con ese pasado perredista no iba a llegar a ning\u00fan lado.<\/p>\n<p>Tambi\u00e9n Marichuy Patricio, del Congreso Nacional Ind\u00edgena, luch\u00f3 por el registr\u00f3 como candidata presidencial independiente. No le alcanzaron las firmas. Su conducta fue ejemplar, sin transas, ni acciones oscuras. Mostr\u00f3 que en pol\u00edtica no todo es transa, que hay personas honorables, honestas, honradas que la practican.<\/p>\n<p><em><a href=\"mailto:aco2742@hotmail.com\" target=\"_blank\" rel=\"noopener\">aco2742@hotmail.com<\/a><\/em><\/p>\n","protected":false},"excerpt":{"rendered":"<p><span style=\"color: #005497;\"><strong>Augusto Corro<\/strong><\/span><br \/>\n<br \/>\nTodos coludos o todos rabones deber\u00eda ser la norma a aplicar en los tribunales electorales. No es as\u00ed. Las leyes se aplican, sin recato alguno, como lo pide el \u201ccliente\u201d.<\/p>\n","protected":false},"author":3,"featured_media":371729,"comment_status":"open","ping_status":"open","sticky":false,"template":"","format":"standard","meta":{"_monsterinsights_skip_tracking":false,"_monsterinsights_sitenote_active":false,"_monsterinsights_sitenote_note":"","_monsterinsights_sitenote_category":0,"footnotes":""},"categories":[157],"tags":[43686,43674,11515],"class_list":["post-371722","post","type-post","status-publish","format-standard","has-post-thumbnail","hentry","category-augusto-corro","tag-augusto-corro","tag-opinion","tag-punto-por-punto"],"_links":{"self":[{"href":"https:\/\/www.diarioimagen.net\/index.php?rest_route=\/wp\/v2\/posts\/371722","targetHints":{"allow":["GET"]}}],"collection":[{"href":"https:\/\/www.diarioimagen.net\/index.php?rest_route=\/wp\/v2\/posts"}],"about":[{"href":"https:\/\/www.diarioimagen.net\/index.php?rest_route=\/wp\/v2\/types\/post"}],"author":[{"embeddable":true,"href":"https:\/\/www.diarioimagen.net\/index.php?rest_route=\/wp\/v2\/users\/3"}],"replies":[{"embeddable":true,"href":"https:\/\/www.diarioimagen.net\/index.php?rest_route=%2Fwp%2Fv2%2Fcomments&post=371722"}],"version-history":[{"count":0,"href":"https:\/\/www.diarioimagen.net\/index.php?rest_route=\/wp\/v2\/posts\/371722\/revisions"}],"wp:featuredmedia":[{"embeddable":true,"href":"https:\/\/www.diarioimagen.net\/index.php?rest_route=\/wp\/v2\/media\/371729"}],"wp:attachment":[{"href":"https:\/\/www.diarioimagen.net\/index.php?rest_route=%2Fwp%2Fv2%2Fmedia&parent=371722"}],"wp:term":[{"taxonomy":"category","embeddable":true,"href":"https:\/\/www.diarioimagen.net\/index.php?rest_route=%2Fwp%2Fv2%2Fcategories&post=371722"},{"taxonomy":"post_tag","embeddable":true,"href":"https:\/\/www.diarioimagen.net\/index.php?rest_route=%2Fwp%2Fv2%2Ftags&post=371722"}],"curies":[{"name":"wp","href":"https:\/\/api.w.org\/{rel}","templated":true}]}}