{"id":371834,"date":"2018-04-12T00:11:16","date_gmt":"2018-04-12T05:11:16","guid":{"rendered":"http:\/\/www.diarioimagen.net\/?p=371834"},"modified":"2018-04-13T00:27:13","modified_gmt":"2018-04-13T05:27:13","slug":"se-evaluan-politicas-para-fortalecer-desarrollo-urbano","status":"publish","type":"post","link":"https:\/\/www.diarioimagen.net\/?p=371834","title":{"rendered":"Se eval\u00faan pol\u00edticas para fortalecer desarrollo urbano"},"content":{"rendered":"<ul>\n<li><em><strong>Reuni\u00f3n anual de la Redsedum<\/strong><\/em><\/li>\n<li><em><strong>Comparten casos de \u00e9xito para mejorar las ciudades del pa\u00eds<\/strong><\/em><\/li>\n<\/ul>\n<p>&nbsp;<\/p>\n<p><a href=\"http:\/\/www.diarioimagen.net\/?attachment_id=371910\" rel=\"attachment wp-att-371910\"><img loading=\"lazy\" decoding=\"async\" class=\"aligncenter size-large wp-image-371910\" src=\"http:\/\/www.diarioimagen.net\/wp-content\/uploads\/2018\/04\/desarrollo-urbano-3345-460x259.jpg\" alt=\"\" width=\"460\" height=\"259\" srcset=\"https:\/\/www.diarioimagen.net\/wp-content\/uploads\/2018\/04\/desarrollo-urbano-3345-460x259.jpg 460w, https:\/\/www.diarioimagen.net\/wp-content\/uploads\/2018\/04\/desarrollo-urbano-3345-240x135.jpg 240w, https:\/\/www.diarioimagen.net\/wp-content\/uploads\/2018\/04\/desarrollo-urbano-3345-235x132.jpg 235w, https:\/\/www.diarioimagen.net\/wp-content\/uploads\/2018\/04\/desarrollo-urbano-3345-202x114.jpg 202w, https:\/\/www.diarioimagen.net\/wp-content\/uploads\/2018\/04\/desarrollo-urbano-3345-350x196.jpg 350w, https:\/\/www.diarioimagen.net\/wp-content\/uploads\/2018\/04\/desarrollo-urbano-3345-220x123.jpg 220w, https:\/\/www.diarioimagen.net\/wp-content\/uploads\/2018\/04\/desarrollo-urbano-3345-237x132.jpg 237w, https:\/\/www.diarioimagen.net\/wp-content\/uploads\/2018\/04\/desarrollo-urbano-3345.jpg 480w\" sizes=\"auto, (max-width: 460px) 100vw, 460px\" \/><\/a><\/p>\n<p>&nbsp;<\/p>\n<p><strong>Toluca, Estado de M\u00e9xico<\/strong>.- Con el objetivo de dialogar y analizar las acciones a favor del desarrollo urbano en las ciudades mexicanas, concluy\u00f3 la primera reuni\u00f3n anual de la Red de Secretarios de Desarrollo Urbano en M\u00e9xico (Redsedum), que cont\u00f3 con la participaci\u00f3n de los titulares de las secretar\u00edas de Desarrollo Urbano del pa\u00eds y autoridades federales.<\/p>\n<p>Mediante diferentes ponencias los participantes analizaron diversos temas metropolitanos y se compartieron experiencias de casos de \u00e9xito de recuperaci\u00f3n de espacios p\u00fablicos de diferentes partes del pa\u00eds, adem\u00e1s de que se revisaron las pol\u00edticas p\u00fablicas en materia de vivienda.<\/p>\n<p>En la ponencia \u201cPol\u00edticas p\u00fablicas federales en materia de vivienda\u201d, impartida por el director general de la Comisi\u00f3n Nacional de Vivienda (CONAVI), se detall\u00f3 c\u00f3mo la vivienda es un elemento fundamental para el cumplimiento de la Nueva Agenda Urbana debido a que es el medio para que las familias mexicanas se desarrollen con plenitud en sus ciudades.<\/p>\n<p>En su intervenci\u00f3n con \u201cLa implementaci\u00f3n de la nueva Ley General de Asentamientos Humanos en materia metropolitana, avances y perspectivas\u201d, el Subsecretario de Ordenamiento Territorial de SEDATU, explic\u00f3 que la armonizaci\u00f3n con la Nueva Agenda Urbana permite establecer los principios de Metr\u00f3polis compactas, incluyentes, participativas, resilientes, seguras y sostenibles en todas las entidades del pa\u00eds.<\/p>\n<p>Por su parte, el Secretario de Desarrollo Urbano y Metropolitano del Estado de M\u00e9xico explic\u00f3 la \u201cNueva visi\u00f3n territorial del Plan Estatal de Desarrollo del Estado de M\u00e9xico\u201d, que considera un apartado territorial espec\u00edfico dentro del Plan de Desarrollo mexiquense, cuyo prop\u00f3sito es impulsar medidas integrales que logren una coordinaci\u00f3n efectiva entre sectores que detonen un mejoramiento del entorno.<\/p>\n<p>Reiter\u00f3 que el desaf\u00edo de la entidad, como lo mencion\u00f3 el Gobernador del Estado de M\u00e9xico, es lograr que el desarrollo urbano sea una de las herramientas m\u00e1s poderosas para impulsar el desarrollo econ\u00f3mico y social que fortalezca la din\u00e1mica del estado y del pa\u00eds.<\/p>\n<p>En la exposici\u00f3n \u201cPrioridades de las ciudades mexicanas en el marco de la nueva agenda urbana\u201d, por parte del Secretario de Desarrollo Urbano y Vivienda de la Ciudad de M\u00e9xico, se plante\u00f3 c\u00f3mo es que las ciudades mexicanas deben evolucionar conforme al marco de la nueva agenda urbana para lograr un avance en la din\u00e1mica de las urbes y la importancia de contar con instrumentos de coordinaci\u00f3n metropolitana.<\/p>\n<p>Finalmente, como parte de los acuerdos de esta primera reuni\u00f3n, se decidi\u00f3 trabajar de manera cercana para compartir experiencias y buenas pr\u00e1cticas, y plantear soluciones de mediano y largo plazo para resolver los desaf\u00edos que el crecimiento poblacional y metropolitano plantea a nivel nacional.<\/p>\n","protected":false},"excerpt":{"rendered":"<p>Con el objetivo de dialogar y analizar las acciones a favor del desarrollo urbano en las ciudades mexicanas, concluy\u00f3 la primera reuni\u00f3n anual de la Red de Secretarios de Desarrollo Urbano en M\u00e9xico (Redsedum), que cont\u00f3 con la participaci\u00f3n de los titulares de las secretar\u00edas de Desarrollo Urbano del pa\u00eds y autoridades federales.<\/p>\n","protected":false},"author":3,"featured_media":371910,"comment_status":"open","ping_status":"open","sticky":false,"template":"","format":"standard","meta":{"_monsterinsights_skip_tracking":false,"_monsterinsights_sitenote_active":false,"_monsterinsights_sitenote_note":"","_monsterinsights_sitenote_category":0,"footnotes":""},"categories":[5],"tags":[43675,72535,452],"class_list":["post-371834","post","type-post","status-publish","format-standard","has-post-thumbnail","hentry","category-estado-de-mexico","tag-estado-de-mexico","tag-redsedum","tag-toluca"],"_links":{"self":[{"href":"https:\/\/www.diarioimagen.net\/index.php?rest_route=\/wp\/v2\/posts\/371834","targetHints":{"allow":["GET"]}}],"collection":[{"href":"https:\/\/www.diarioimagen.net\/index.php?rest_route=\/wp\/v2\/posts"}],"about":[{"href":"https:\/\/www.diarioimagen.net\/index.php?rest_route=\/wp\/v2\/types\/post"}],"author":[{"embeddable":true,"href":"https:\/\/www.diarioimagen.net\/index.php?rest_route=\/wp\/v2\/users\/3"}],"replies":[{"embeddable":true,"href":"https:\/\/www.diarioimagen.net\/index.php?rest_route=%2Fwp%2Fv2%2Fcomments&post=371834"}],"version-history":[{"count":0,"href":"https:\/\/www.diarioimagen.net\/index.php?rest_route=\/wp\/v2\/posts\/371834\/revisions"}],"wp:featuredmedia":[{"embeddable":true,"href":"https:\/\/www.diarioimagen.net\/index.php?rest_route=\/wp\/v2\/media\/371910"}],"wp:attachment":[{"href":"https:\/\/www.diarioimagen.net\/index.php?rest_route=%2Fwp%2Fv2%2Fmedia&parent=371834"}],"wp:term":[{"taxonomy":"category","embeddable":true,"href":"https:\/\/www.diarioimagen.net\/index.php?rest_route=%2Fwp%2Fv2%2Fcategories&post=371834"},{"taxonomy":"post_tag","embeddable":true,"href":"https:\/\/www.diarioimagen.net\/index.php?rest_route=%2Fwp%2Fv2%2Ftags&post=371834"}],"curies":[{"name":"wp","href":"https:\/\/api.w.org\/{rel}","templated":true}]}}