{"id":372040,"date":"2018-04-13T00:11:34","date_gmt":"2018-04-13T05:11:34","guid":{"rendered":"http:\/\/www.diarioimagen.net\/?p=372040"},"modified":"2018-04-13T04:20:36","modified_gmt":"2018-04-13T09:20:36","slug":"imprescindible-reordenar-transporte-publico-estatal","status":"publish","type":"post","link":"https:\/\/www.diarioimagen.net\/?p=372040","title":{"rendered":"Imprescindible reordenar transporte p\u00fablico estatal"},"content":{"rendered":"<ul>\n<li><em><strong>Simposio sobre Movilidad en la UAEM\u00a0<\/strong><\/em><\/li>\n<li><em><strong>Urge que choferes cuenten con cultura vial y que se conduzcan con respeto<\/strong><\/em><\/li>\n<\/ul>\n<p>&nbsp;<\/p>\n<div id=\"attachment_372114\" style=\"width: 470px\" class=\"wp-caption aligncenter\"><a href=\"http:\/\/www.diarioimagen.net\/?attachment_id=372114\" rel=\"attachment wp-att-372114\"><img loading=\"lazy\" decoding=\"async\" aria-describedby=\"caption-attachment-372114\" class=\"size-large wp-image-372114\" src=\"http:\/\/www.diarioimagen.net\/wp-content\/uploads\/2018\/04\/UAEM-3346-460x259.jpg\" alt=\"\" width=\"460\" height=\"259\" srcset=\"https:\/\/www.diarioimagen.net\/wp-content\/uploads\/2018\/04\/UAEM-3346-460x259.jpg 460w, https:\/\/www.diarioimagen.net\/wp-content\/uploads\/2018\/04\/UAEM-3346-240x135.jpg 240w, https:\/\/www.diarioimagen.net\/wp-content\/uploads\/2018\/04\/UAEM-3346-235x132.jpg 235w, https:\/\/www.diarioimagen.net\/wp-content\/uploads\/2018\/04\/UAEM-3346-202x114.jpg 202w, https:\/\/www.diarioimagen.net\/wp-content\/uploads\/2018\/04\/UAEM-3346-350x196.jpg 350w, https:\/\/www.diarioimagen.net\/wp-content\/uploads\/2018\/04\/UAEM-3346-220x123.jpg 220w, https:\/\/www.diarioimagen.net\/wp-content\/uploads\/2018\/04\/UAEM-3346-237x132.jpg 237w, https:\/\/www.diarioimagen.net\/wp-content\/uploads\/2018\/04\/UAEM-3346.jpg 480w\" sizes=\"auto, (max-width: 460px) 100vw, 460px\" \/><\/a><p id=\"caption-attachment-372114\" class=\"wp-caption-text\">Francisco Luis Quintero Pereda, subsecretario de Movilidad del gobierno estatal, imparti\u00f3 la conferencia \u201cPol\u00edticas de movilidad en el Estado de M\u00e9xico\u201d.<\/p><\/div>\n<p>&nbsp;<\/p>\n<p><strong>Toluca, Estado de M\u00e9xico<\/strong>.\u2013 Es imprescindible reordenar el transporte p\u00fablico en el Estado de M\u00e9xico, con el prop\u00f3sito de mejorar la calidad de vida de los habitantes, afirm\u00f3 el subsecretario de Movilidad del Gobierno de la entidad, Francisco Luis Quintero Pereda.<\/p>\n<p>En el marco del Simposio sobre Movilidad y Transporte organizado por la m\u00e1xima casa de estudios mexiquense, el servidor p\u00fablico estatal imparti\u00f3 la conferencia \u201cPol\u00edticas de movilidad en el Estado de M\u00e9xico\u201d y detall\u00f3 los problemas actuales del transporte p\u00fablico en las principales ciudades de la entidad.<\/p>\n<p>En la Facultad de Ingenier\u00eda de la Universidad Aut\u00f3noma del Estado de M\u00e9xico puntualiz\u00f3 que 72 mil concesiones, de las 160 mil unidades que comprenden taxis y autobuses en territorio mexiquense, se encuentran vencidas y durante 2018 vencer\u00e1n 31 mil m\u00e1s.<\/p>\n<p>Es decir, destac\u00f3 Quintero Pereda, alrededor de 64 por ciento de las unidades de transporte p\u00fablico que prestar\u00e1n su servicio durante el presente a\u00f1o, lo har\u00e1n de manera ilegal.<\/p>\n<p>Por ello, abund\u00f3, uno de los objetivos de la Secretar\u00eda de Movilidad mexiquense es implementar el uso de tecnolog\u00eda en todas las unidades de transporte p\u00fablico, como c\u00e1maras de seguridad, con el objetivo de reducir los \u00edndices de delincuencia.<\/p>\n<p>De esta manera, enfatiz\u00f3, ser\u00e1 posible conocer la ubicaci\u00f3n de cada taxi y autob\u00fas, es decir, contar con mejor control de las unidades.<\/p>\n<p>De igual forma, refiri\u00f3, es necesario hacer m\u00e1s eficiente el transporte, reducir el n\u00famero de unidades y evitar que varias empresas utilicen la misma ruta. Consider\u00f3 urgente capacitar a los choferes, actualizar su conocimiento del reglamento de tr\u00e1nsito, que cuenten con cultura vial y que se conduzcan con respeto.<\/p>\n<p>Francisco Luis Quintero Pereda sostuvo que el objetivo a largo plazo, es un servicio eficiente, que garantice la seguridad, sea competitivo, sustentable y est\u00e9 monitoreado, a lo cual se suma mejorar la infraestructura vial, disminuir los niveles de contaminaci\u00f3n en el ambiente, as\u00ed como desalentar el uso de autom\u00f3vil.<\/p>\n","protected":false},"excerpt":{"rendered":"<p>Es imprescindible reordenar el transporte p\u00fablico en el Estado de M\u00e9xico, con el prop\u00f3sito de mejorar la calidad de vida de los habitantes, afirm\u00f3 el subsecretario de Movilidad del Gobierno de la entidad, Francisco Luis Quintero Pereda.<\/p>\n","protected":false},"author":3,"featured_media":372114,"comment_status":"open","ping_status":"open","sticky":false,"template":"","format":"standard","meta":{"_monsterinsights_skip_tracking":false,"_monsterinsights_sitenote_active":false,"_monsterinsights_sitenote_note":"","_monsterinsights_sitenote_category":0,"footnotes":""},"categories":[5],"tags":[43675,452,4962],"class_list":["post-372040","post","type-post","status-publish","format-standard","has-post-thumbnail","hentry","category-estado-de-mexico","tag-estado-de-mexico","tag-toluca","tag-transporte-publico"],"_links":{"self":[{"href":"https:\/\/www.diarioimagen.net\/index.php?rest_route=\/wp\/v2\/posts\/372040","targetHints":{"allow":["GET"]}}],"collection":[{"href":"https:\/\/www.diarioimagen.net\/index.php?rest_route=\/wp\/v2\/posts"}],"about":[{"href":"https:\/\/www.diarioimagen.net\/index.php?rest_route=\/wp\/v2\/types\/post"}],"author":[{"embeddable":true,"href":"https:\/\/www.diarioimagen.net\/index.php?rest_route=\/wp\/v2\/users\/3"}],"replies":[{"embeddable":true,"href":"https:\/\/www.diarioimagen.net\/index.php?rest_route=%2Fwp%2Fv2%2Fcomments&post=372040"}],"version-history":[{"count":0,"href":"https:\/\/www.diarioimagen.net\/index.php?rest_route=\/wp\/v2\/posts\/372040\/revisions"}],"wp:featuredmedia":[{"embeddable":true,"href":"https:\/\/www.diarioimagen.net\/index.php?rest_route=\/wp\/v2\/media\/372114"}],"wp:attachment":[{"href":"https:\/\/www.diarioimagen.net\/index.php?rest_route=%2Fwp%2Fv2%2Fmedia&parent=372040"}],"wp:term":[{"taxonomy":"category","embeddable":true,"href":"https:\/\/www.diarioimagen.net\/index.php?rest_route=%2Fwp%2Fv2%2Fcategories&post=372040"},{"taxonomy":"post_tag","embeddable":true,"href":"https:\/\/www.diarioimagen.net\/index.php?rest_route=%2Fwp%2Fv2%2Ftags&post=372040"}],"curies":[{"name":"wp","href":"https:\/\/api.w.org\/{rel}","templated":true}]}}