{"id":372131,"date":"2018-04-13T00:11:10","date_gmt":"2018-04-13T05:11:10","guid":{"rendered":"http:\/\/www.diarioimagen.net\/?p=372131"},"modified":"2018-04-13T05:13:15","modified_gmt":"2018-04-13T10:13:15","slug":"si-tuviera-etica-anaya-estaria-saliendose-de-la-contienda-presidencial-e-cordero","status":"publish","type":"post","link":"https:\/\/www.diarioimagen.net\/?p=372131","title":{"rendered":"Si tuviera \u00e9tica, Anaya estar\u00eda sali\u00e9ndose de la contienda presidencial: E. Cordero"},"content":{"rendered":"<h2>Tras la puerta del poder<\/h2>\n<h5>Roberto Vizca\u00edno<\/h5>\n<p>&nbsp;<\/p>\n<div id=\"attachment_372160\" style=\"width: 470px\" class=\"wp-caption aligncenter\"><a href=\"http:\/\/www.diarioimagen.net\/?attachment_id=372160\" rel=\"attachment wp-att-372160\"><img loading=\"lazy\" decoding=\"async\" aria-describedby=\"caption-attachment-372160\" class=\"size-large wp-image-372160\" src=\"http:\/\/www.diarioimagen.net\/wp-content\/uploads\/2018\/04\/elegante-bolsa-LUIS-XAVIER-3346-460x355.jpg\" alt=\"\" width=\"460\" height=\"355\" srcset=\"https:\/\/www.diarioimagen.net\/wp-content\/uploads\/2018\/04\/elegante-bolsa-LUIS-XAVIER-3346-460x355.jpg 460w, https:\/\/www.diarioimagen.net\/wp-content\/uploads\/2018\/04\/elegante-bolsa-LUIS-XAVIER-3346-240x185.jpg 240w, https:\/\/www.diarioimagen.net\/wp-content\/uploads\/2018\/04\/elegante-bolsa-LUIS-XAVIER-3346-768x593.jpg 768w, https:\/\/www.diarioimagen.net\/wp-content\/uploads\/2018\/04\/elegante-bolsa-LUIS-XAVIER-3346.jpg 1200w\" sizes=\"auto, (max-width: 460px) 100vw, 460px\" \/><\/a><p id=\"caption-attachment-372160\" class=\"wp-caption-text\">Elegante bolsa&#8230; | Luis Xavier<\/p><\/div>\n<p>&nbsp;<\/p>\n<p>Para <strong>Ernesto Cordero<\/strong>, presidente del Senado, no hay duda: la simulaci\u00f3n de la venta de la nave industrial de <strong>Ricardo Anaya<\/strong> ha quedado confirmada con la declaraci\u00f3n ante un juez de <strong>Luis Alberto L\u00f3pez L\u00f3pez<\/strong>, ex chofer del empresario <strong>Manuel Barreiro<\/strong>, fugado a Vancouver, Canad\u00e1.<\/p>\n<p>Con esta simulaci\u00f3n se confirma tambi\u00e9n el lavado de dinero cuyo objetivo era entregarle enga\u00f1osamente 54 millones de pesos a Ricardo Anaya, presumiblemente por sus servicios prestados por el aporte de informaci\u00f3n privilegiada cuando era secretario particular del gobernador de Quer\u00e9taro.<\/p>\n<p>De esa informaci\u00f3n, pasada ilegalmente bajo la mesa por Anaya a Barreiro, seg\u00fan las investigaciones judiciales, surgi\u00f3 luego la compra de importantes predios a muy bajos precios en \u00e1reas en las que el gobierno estatal impulsar\u00eda luego desarrollos industriales, comerciales o inmobiliarios, elevando su plusval\u00eda en forma exponencial.<strong>\u00a0 <\/strong><\/p>\n<p>Al ser interrogado ayer sobre este asunto, <strong>Cordero<\/strong> indic\u00f3:<\/p>\n<p>\u201cLa investigaci\u00f3n sigue\u2026 qu\u00e9 bueno, ya se recibi\u00f3 el testimonio del representante legal de la empresa fantasma que le compr\u00f3 a <strong>Ricardo Anaya<\/strong> la nave industrial, y que le dio 54 millones de pesos, donde \u00e9l mismo acepta que es un <em>prestanombres del se\u00f1or Barreiro<\/em>, tan es as\u00ed, que devolvi\u00f3 la nave industrial y se la deposit\u00f3 en custodia a la autoridad.<\/p>\n<p>\u201cYo creo que ya hay much\u00edsima evidencia de que, efectivamente, Ricardo Anaya recibi\u00f3 54 millones de pesos, producto de una simulaci\u00f3n y de un esquema de lavado de dinero.<\/p>\n<p>\u201cAhora, lo que procede es que le pidan tambi\u00e9n declaraci\u00f3n a los que siguen involucrados en todo esto, que es el suegro de Ricardo Anaya, que es el due\u00f1o de JUNISERRA, junto con \u00e9l, y tambi\u00e9n al se\u00f1or Barreiro, pues que ya qued\u00f3 claro y est\u00e1 se\u00f1alado con el testimonio de este se\u00f1or, que fue su empleado, de que \u00e9l le pidi\u00f3 que prestara su firma para todo este esquema de simulaci\u00f3n.<\/p>\n<p>\u201cYo creo que la investigaci\u00f3n debe de continuar. <strong>En el plano meramente moral y \u00e9tico, me parece que s\u00ed, Ricardo Anaya, si tuviera un poco de verg\u00fcenza, estar\u00eda pidiendo salirse de la contienda Presidencial.<\/strong><\/p>\n<p>\u201cM\u00e9xico no merece un Presidente que est\u00e9 en medio de se\u00f1alamientos de lavado de dinero y de simulaciones como esta\u201d, concluy\u00f3.<\/p>\n<p style=\"text-align: center;\"><strong>Entra en posesi\u00f3n<\/strong><\/p>\n<p>En este contexto ayer se supo que en d\u00edas la PGR tomar\u00e1 posesi\u00f3n de la nave industrial localizada en el Parque Tecnol\u00f3gico Innovaci\u00f3n Quer\u00e9taro y que\u00a0 fue \u201cvendida\u201d por<strong> Anaya<\/strong> a <strong>Barreiro <\/strong>v\u00eda la <em>empresa fantasma<\/em> <strong>Manhattan Master Plan Development,<\/strong> propiedad del chofer y la esposa del contador de <strong>Manuel Barreiro.<\/strong><\/p>\n<p>En esta operaci\u00f3n quienes firmaron la compra-venta fueron el <strong>chofer Luis Alberto L\u00f3pez L\u00f3pez <\/strong>y el empresario <strong>Donino Mart\u00ednez,<\/strong> suegro de <strong>Ricardo Anaya.<\/strong><\/p>\n<p>De ah\u00ed que el paso siguiente sea naturalmente o, la presentaci\u00f3n del suegro, o su aprehensi\u00f3n.<\/p>\n<p>Mientras tanto la PGR se prepara para entrar en posesi\u00f3n del inmueble que el chofer L\u00f3pez L\u00f3pez cedi\u00f3 a la Unidad de Investigaci\u00f3n Financiera de Hacienda.<\/p>\n<p>Al menos as\u00ed lo inform\u00f3 ayer <strong>Patricio Kegel,<\/strong> abogado de <strong>Luis Alberto L\u00f3pez L\u00f3pez<\/strong>, ex chofer del empresario <strong>Manuel Barreiro<\/strong>, al periodista <strong>Ciro G\u00f3mez Leyva.<\/strong><\/p>\n<p><strong>L\u00f3pez L\u00f3pez<\/strong> indic\u00f3 ante el Ministerio P\u00fablico, que el empresario Manuel<strong> Barreiro,<\/strong> le orden\u00f3 firmar un documento con el cual se constituy\u00f3 la empresa <strong>Manhattan Master Plan Development,<\/strong> sin que \u00e9l estuviera consciente para qu\u00e9 lo estaban utilizando.<\/p>\n<p>Colocado en el centro de todo este esc\u00e1ndalo, el futuro del candidato presidencial del Frente por M\u00e9xico, del ambicioso queretano <strong>Ricardo Anaya, <\/strong>pinta p\u00e9simo a pesar de que \u00e9l diga que todo es un entramado construido por el gobierno federal para perseguirlo.<\/p>\n<p>Ufff!!!<\/p>\n<p style=\"text-align: center;\"><strong>De fugas y nuevos ingresos<\/strong><\/p>\n<p>El recambio sigue dentro del Senado y la C\u00e1mara de Diputados por la fuga de legisladores que dejan esca\u00f1os y curules en busca de nuevas candidaturas o su inclusi\u00f3n en nuevos gobiernos.<\/p>\n<p>Es as\u00ed que ayer se fue de licencia el senador chiapaneco <strong>Z\u00f3e Robledo<\/strong>, quien ha adquirido notoriedad como uno de los m\u00e1s f\u00e9rreos defensores de las indefendibles posturas de <strong>Andr\u00e9s Manuel L\u00f3pez Obrador.<\/strong><\/p>\n<p>Con afecto, sus compa\u00f1eros <strong>Ernesto Cordero, Emilio Gamboa, Fernando Herrera y Manuel Bartlett <\/strong>dejaron a un lado sus desencuentros y choques para darle una cordial y emotiva despedida y desearle \u00e9xito en sus nuevas tareas.<\/p>\n<p>Mientras tanto, en la otra c\u00e1mara, la de Diputados, el pleno daba licencia a <strong>Ariel Enrique Corona Rodr\u00edguez<\/strong> del PAN-Distrito 13, Guanajuato, al tiempo que rend\u00edan protesta <strong>Adri\u00e1n Maldonado<\/strong>, de Michoac\u00e1n como suplente de <strong>Guadalupe Hern\u00e1ndez<\/strong>; a <strong>Miranda Becerra<\/strong>, de Michoac\u00e1n suplente de <strong>Araceli Saucedo<\/strong> y a <strong>Jos\u00e9 Eduardo Ojeda Guerrero<\/strong> del PAN, en sustituci\u00f3n de <strong>Ariel Enrique Corona,<\/strong> de Guanajuato.<\/p>\n<p style=\"text-align: center;\"><strong>Cambios en comisiones<\/strong><\/p>\n<p>Ayer tambi\u00e9n la Mesa Directiva que preside <strong>Ernesto Cordero <\/strong>en el Senado inform\u00f3 que <strong>Miguel Enrique Lucia<\/strong> <strong>entr\u00f3 como<\/strong> secretario de la directiva de la C\u00e1mara en sustituci\u00f3n de la senadora <strong>Lorena Cu\u00e9llar Cisneros.<\/strong><\/p>\n<p>El senador <strong>Ra\u00fal Aar\u00f3n Pozos Lanz<\/strong> encabezar\u00e1 la Comisi\u00f3n de Gobernaci\u00f3n y el senador <strong>F\u00e9lix Benjam\u00edn Hern\u00e1ndez Ruiz<\/strong>, la Comisi\u00f3n de Estudios Legislativos, Segunda.<\/p>\n<p>En este paquete de recambios el senador <strong>Daniel \u00c1vila Ru\u00edz,<\/strong> del PAN, fue nombrado presidente de la Comisi\u00f3n de la Reforma Agraria.<\/p>\n<p><strong>F\u00e9lix Benjam\u00edn Hern\u00e1ndez Ruiz<\/strong> tambi\u00e9n fue promovido pero como presidente de la Comisi\u00f3n de Estudios Legislativos Segunda.<\/p>\n<p><strong>Luz Mar\u00eda Berista\u00edn Navarrete<\/strong> fue designada a su vez como presidenta de la Comisi\u00f3n de Relaciones Exteriores Europa, en sustituci\u00f3n de <strong>Miguel Lucia Espejo.<\/strong><\/p>\n<p>Y el senador <strong>Miguel Angel Chico Herrera, <\/strong>ahora miembro del PT, qued\u00f3 como presidente de la Comisi\u00f3n de Desarrollo Regional y secretario de la Comisi\u00f3n de Estudios Legislativos.<\/p>\n<p>La senadora <strong>Anastasia Guadalupe Flores Valdez,<\/strong> del PRI,\u00a0 es ya secretaria de la Comisi\u00f3n de Reforma Agraria y parte de las comisiones de Seguridad P\u00fablica y de Agricultura y Ganader\u00eda.<\/p>\n<p>El senador independiente <strong>Manuel C\u00e1rdenas Fonseca<\/strong>, fue incluido en la Comisi\u00f3n de Justicia y <strong>Martha Tagle Mart\u00ednez,<\/strong> suplente de Alejandra Barrales, queda en las comisiones de la Ni\u00f1ez y de la Adolescencia y de Salud.<\/p>\n<p><strong>Mar\u00eda del Rosario Guzm\u00e1n Avil\u00e9s<\/strong>, del PAN, llega a la Comisi\u00f3n de Justicia; la senadora <strong>Laura Guadalupe Herrera Guajardo<\/strong>, tambi\u00e9n blanquiazul, es ya integrante de la Comisi\u00f3n de Puntos Constitucionales.<\/p>\n<p>Y del PAN es <strong>Jes\u00fas de Santana Garc\u00eda <\/strong>quien qued\u00f3 en la Comisi\u00f3n de Gobernaci\u00f3n, mientras que <strong>Ernesto Ruffo Appel <\/strong>pasa a formar parte de la Comisi\u00f3n de Estudios Legislativos Segunda.<\/p>\n<p>La senadora <strong>Gabriela Cuevas Barr\u00f3n,<\/strong> del Grupo Parlamentario del PT, se dio de alta como secretaria en la Comisi\u00f3n de Educaci\u00f3n.<\/p>\n<p><em><a href=\"mailto:rvizcainoa@gmail.com\" target=\"_blank\" rel=\"noopener\">vizcainoa@gmail.com<\/a><\/em><br \/>\n<em><a href=\"http:\/\/www.endirecto.com.mx\/\" target=\"_blank\" rel=\"noopener\">www.endirecto.com.mx<\/a><\/em><br \/>\n<em><a href=\"https:\/\/twitter.com\/_rvizcaino\" target=\"_blank\" rel=\"noopener\">@_RVizcaino<\/a><\/em><br \/>\n<a href=\"https:\/\/www.facebook.com\/rvizcainoa\" target=\"_blank\" rel=\"noopener\">f<em>acebook.com\/rvizcainoa<\/em><\/a><\/p>\n","protected":false},"excerpt":{"rendered":"<p><span style=\"color: #005497;\"><strong>Roberto Vizca\u00edno<\/strong><\/span><br \/>\n<br \/>\nPara <strong>Ernesto Cordero<\/strong>, presidente del Senado, no hay duda: la simulaci\u00f3n de la venta de la nave industrial de <strong>Ricardo Anaya<\/strong> ha quedado confirmada con la declaraci\u00f3n ante un juez de <strong>Luis Alberto L\u00f3pez L\u00f3pez<\/strong>, ex chofer del empresario <strong>Manuel Barreiro<\/strong>, fugado a Vancouver, Canad\u00e1.<\/p>\n","protected":false},"author":3,"featured_media":372160,"comment_status":"open","ping_status":"open","sticky":false,"template":"","format":"standard","meta":{"_monsterinsights_skip_tracking":false,"_monsterinsights_sitenote_active":false,"_monsterinsights_sitenote_note":"","_monsterinsights_sitenote_category":0,"footnotes":""},"categories":[136],"tags":[93,94],"class_list":["post-372131","post","type-post","status-publish","format-standard","has-post-thumbnail","hentry","category-roberto-vizcaino-opinion","tag-roberto-vizcaino","tag-tras-la-puerta-del-poder"],"_links":{"self":[{"href":"https:\/\/www.diarioimagen.net\/index.php?rest_route=\/wp\/v2\/posts\/372131","targetHints":{"allow":["GET"]}}],"collection":[{"href":"https:\/\/www.diarioimagen.net\/index.php?rest_route=\/wp\/v2\/posts"}],"about":[{"href":"https:\/\/www.diarioimagen.net\/index.php?rest_route=\/wp\/v2\/types\/post"}],"author":[{"embeddable":true,"href":"https:\/\/www.diarioimagen.net\/index.php?rest_route=\/wp\/v2\/users\/3"}],"replies":[{"embeddable":true,"href":"https:\/\/www.diarioimagen.net\/index.php?rest_route=%2Fwp%2Fv2%2Fcomments&post=372131"}],"version-history":[{"count":0,"href":"https:\/\/www.diarioimagen.net\/index.php?rest_route=\/wp\/v2\/posts\/372131\/revisions"}],"wp:featuredmedia":[{"embeddable":true,"href":"https:\/\/www.diarioimagen.net\/index.php?rest_route=\/wp\/v2\/media\/372160"}],"wp:attachment":[{"href":"https:\/\/www.diarioimagen.net\/index.php?rest_route=%2Fwp%2Fv2%2Fmedia&parent=372131"}],"wp:term":[{"taxonomy":"category","embeddable":true,"href":"https:\/\/www.diarioimagen.net\/index.php?rest_route=%2Fwp%2Fv2%2Fcategories&post=372131"},{"taxonomy":"post_tag","embeddable":true,"href":"https:\/\/www.diarioimagen.net\/index.php?rest_route=%2Fwp%2Fv2%2Ftags&post=372131"}],"curies":[{"name":"wp","href":"https:\/\/api.w.org\/{rel}","templated":true}]}}