{"id":372165,"date":"2018-04-16T00:08:58","date_gmt":"2018-04-16T05:08:58","guid":{"rendered":"http:\/\/www.diarioimagen.net\/?p=372165"},"modified":"2018-04-15T23:39:02","modified_gmt":"2018-04-16T04:39:02","slug":"anaya-cortes-condena-violencia-en-campanas","status":"publish","type":"post","link":"https:\/\/www.diarioimagen.net\/?p=372165","title":{"rendered":"Anaya Cort\u00e9s condena violencia en campa\u00f1as"},"content":{"rendered":"<ul>\n<li><em><strong>Pide a pri\u00edstas y morenistas civilidad<\/strong><\/em><\/li>\n<li><em><strong>Llama a sus contrincantes a conducirse con respeto<\/strong><\/em><\/li>\n<\/ul>\n<p>&nbsp;<\/p>\n<div id=\"attachment_372166\" style=\"width: 470px\" class=\"wp-caption aligncenter\"><img loading=\"lazy\" decoding=\"async\" aria-describedby=\"caption-attachment-372166\" class=\"wp-image-372166 size-large\" src=\"http:\/\/www.diarioimagen.net\/wp-content\/uploads\/2018\/04\/ANAYA16-portal-460x268.jpg\" alt=\"\" width=\"460\" height=\"268\" srcset=\"https:\/\/www.diarioimagen.net\/wp-content\/uploads\/2018\/04\/ANAYA16-portal-460x268.jpg 460w, https:\/\/www.diarioimagen.net\/wp-content\/uploads\/2018\/04\/ANAYA16-portal-240x140.jpg 240w, https:\/\/www.diarioimagen.net\/wp-content\/uploads\/2018\/04\/ANAYA16-portal.jpg 480w\" sizes=\"auto, (max-width: 460px) 100vw, 460px\" \/><p id=\"caption-attachment-372166\" class=\"wp-caption-text\">El panista Ricardo Anaya Cort\u00e9s encabez\u00f3 una concentraci\u00f3n ciudadana en \u00c1lamo Temapache, Veracruz.<\/p><\/div>\n<p>&nbsp;<\/p>\n<p>Ricardo Anaya Cort\u00e9s, candidato presidencial de la coalici\u00f3n Por M\u00e9xico al Frente, llam\u00f3 a sus contrincantes del PRI y de Morena para que se conduzcan con civilidad y de manera pac\u00edfica para hacer una contienda de propuestas e ideas.<\/p>\n<p>Luego de la ri\u00f1a entre militantes del PRI e integrantes de la Coordinadora Nacional de Trabajadores de la Educaci\u00f3n (CNTE) durante un mitin de Jos\u00e9 Antonio Meade en Oaxaca, Anaya conden\u00f3 los hechos.<\/p>\n<p>\u201cYo condeno cualquier acto de violencia que ocurra durante todo el proceso electoral y hago un llamado especialmente a las campa\u00f1as del PRI y Morena a que se conduzcan con civilidad y que hagamos de esta contienda, una contienda de propuestas, ideas y que nos conduzcamos en todo momento de manera pac\u00edfica, ese es el llamado y a la vez la exigencia\u201d, destac\u00f3.<\/p>\n<p>Antes, en su discurso ante panistas en \u00c1lamo Temapache, Veracruz, pidi\u00f3 el voto de los alamenses para continuar los cambios que requiere el estado, luego de 80 a\u00f1os de malos gobiernos pri\u00edstas y a un a\u00f1o de la detenci\u00f3n del ex gobernador Javier Duarte de Ochoa.<\/p>\n<p>\u201cPara atr\u00e1s, ni para tomar vuelo\u201d, a\u00f1adi\u00f3 al encabezar una concentraci\u00f3n ciudadana y dej\u00f3 claro que no se tolerar\u00e1 la impunidad para ning\u00fan funcionario, independientemente del partido que se trate.<\/p>\n<p>Anaya dijo que la detenci\u00f3n del ex gobernador \u201cm\u00e1s corrupto en la historia del pa\u00eds\u201d no hubiera sido posible sin el voto de los veracruzanos, de ah\u00ed la importancia de que \u201cla regla general sea: el que la hace la paga\u201d, como sucedi\u00f3 en esta entidad.<\/p>\n<p>\u201cEl cambio que so\u00f1amos est\u00e1 cerca, es aquel en el que el gobierno se conduce con honestidad, donde hay oportunidades para todos, donde la ley se cumple, hay prosperidad y todos podemos conquistar nuestra felicidad\u201d.<\/p>\n<p>El ex l\u00edder nacional del PAN record\u00f3 la serie de irregularidades en materia de salud durante la administraci\u00f3n de Duarte y prometi\u00f3 otorgar medicinas y surtir las recetas m\u00e9dicas.<\/p>\n<p>Anaya tambi\u00e9n mencion\u00f3 que una de sus prioridades ser\u00e1 recuperar la seguridad de la entidad.<\/p>\n<p>Cuestionado sobre el primer debate que sostendr\u00e1n los abanderados presidenciales el domingo 22 de abril, Anaya Cort\u00e9s destac\u00f3 que su participaci\u00f3n ser\u00e1 hablar con la verdad, de frente y hacer muchas propuestas.<\/p>\n<p>En la capital mundial de la naranja, tambi\u00e9n ofreci\u00f3 apoyar al campo, \u201ca la buena\u201d, el cual ha sido abandonado e hizo un breve recuento de su arranque de campa\u00f1a, en un Hakat\u00f3n, construyendo propuestas con los j\u00f3venes.<\/p>\n","protected":false},"excerpt":{"rendered":"<p>Ricardo Anaya Cort\u00e9s, candidato presidencial de la coalici\u00f3n Por M\u00e9xico al Frente, llam\u00f3 a sus contrincantes del PRI y de Morena para que se conduzcan con civilidad y de manera pac\u00edfica para hacer una contienda de propuestas e ideas.<\/p>\n","protected":false},"author":5,"featured_media":372166,"comment_status":"open","ping_status":"open","sticky":false,"template":"","format":"standard","meta":{"_monsterinsights_skip_tracking":false,"_monsterinsights_sitenote_active":false,"_monsterinsights_sitenote_note":"","_monsterinsights_sitenote_category":0,"footnotes":""},"categories":[3],"tags":[6185,9414,7473,72592,43673,72220,7347,5066],"class_list":["post-372165","post","type-post","status-publish","format-standard","has-post-thumbnail","hentry","category-nacional","tag-campana","tag-campanas","tag-cnte","tag-condena-violencia","tag-nacional","tag-ricardo-anaya","tag-ricardo-anaya-cortes","tag-violencia"],"_links":{"self":[{"href":"https:\/\/www.diarioimagen.net\/index.php?rest_route=\/wp\/v2\/posts\/372165","targetHints":{"allow":["GET"]}}],"collection":[{"href":"https:\/\/www.diarioimagen.net\/index.php?rest_route=\/wp\/v2\/posts"}],"about":[{"href":"https:\/\/www.diarioimagen.net\/index.php?rest_route=\/wp\/v2\/types\/post"}],"author":[{"embeddable":true,"href":"https:\/\/www.diarioimagen.net\/index.php?rest_route=\/wp\/v2\/users\/5"}],"replies":[{"embeddable":true,"href":"https:\/\/www.diarioimagen.net\/index.php?rest_route=%2Fwp%2Fv2%2Fcomments&post=372165"}],"version-history":[{"count":0,"href":"https:\/\/www.diarioimagen.net\/index.php?rest_route=\/wp\/v2\/posts\/372165\/revisions"}],"wp:featuredmedia":[{"embeddable":true,"href":"https:\/\/www.diarioimagen.net\/index.php?rest_route=\/wp\/v2\/media\/372166"}],"wp:attachment":[{"href":"https:\/\/www.diarioimagen.net\/index.php?rest_route=%2Fwp%2Fv2%2Fmedia&parent=372165"}],"wp:term":[{"taxonomy":"category","embeddable":true,"href":"https:\/\/www.diarioimagen.net\/index.php?rest_route=%2Fwp%2Fv2%2Fcategories&post=372165"},{"taxonomy":"post_tag","embeddable":true,"href":"https:\/\/www.diarioimagen.net\/index.php?rest_route=%2Fwp%2Fv2%2Ftags&post=372165"}],"curies":[{"name":"wp","href":"https:\/\/api.w.org\/{rel}","templated":true}]}}