{"id":372210,"date":"2018-04-16T00:09:30","date_gmt":"2018-04-16T05:09:30","guid":{"rendered":"http:\/\/www.diarioimagen.net\/?p=372210"},"modified":"2018-04-16T01:24:30","modified_gmt":"2018-04-16T06:24:30","slug":"descarta-sheinbaum-una-militarizacion-de-la-cdmx","status":"publish","type":"post","link":"https:\/\/www.diarioimagen.net\/?p=372210","title":{"rendered":"Descarta Sheinbaum una militarizaci\u00f3n de la CDMX"},"content":{"rendered":"<ul>\n<li><em><strong>\u201cNinguna guerra contra el narcotr\u00e1fico\u201d<\/strong><\/em><\/li>\n<li><em><strong>Denuncia usos de programas sociales para comprar votos<\/strong><\/em><\/li>\n<\/ul>\n<p>&nbsp;<\/p>\n<div id=\"attachment_372297\" style=\"width: 470px\" class=\"wp-caption aligncenter\"><a href=\"http:\/\/www.diarioimagen.net\/?attachment_id=372297\" rel=\"attachment wp-att-372297\"><img loading=\"lazy\" decoding=\"async\" aria-describedby=\"caption-attachment-372297\" class=\"size-large wp-image-372297\" src=\"http:\/\/www.diarioimagen.net\/wp-content\/uploads\/2018\/04\/SHEINBAUM-3347-460x259.jpg\" alt=\"\" width=\"460\" height=\"259\" srcset=\"https:\/\/www.diarioimagen.net\/wp-content\/uploads\/2018\/04\/SHEINBAUM-3347-460x259.jpg 460w, https:\/\/www.diarioimagen.net\/wp-content\/uploads\/2018\/04\/SHEINBAUM-3347-240x135.jpg 240w, https:\/\/www.diarioimagen.net\/wp-content\/uploads\/2018\/04\/SHEINBAUM-3347-235x132.jpg 235w, https:\/\/www.diarioimagen.net\/wp-content\/uploads\/2018\/04\/SHEINBAUM-3347-202x114.jpg 202w, https:\/\/www.diarioimagen.net\/wp-content\/uploads\/2018\/04\/SHEINBAUM-3347-350x196.jpg 350w, https:\/\/www.diarioimagen.net\/wp-content\/uploads\/2018\/04\/SHEINBAUM-3347-220x123.jpg 220w, https:\/\/www.diarioimagen.net\/wp-content\/uploads\/2018\/04\/SHEINBAUM-3347-237x132.jpg 237w, https:\/\/www.diarioimagen.net\/wp-content\/uploads\/2018\/04\/SHEINBAUM-3347.jpg 480w\" sizes=\"auto, (max-width: 460px) 100vw, 460px\" \/><\/a><p id=\"caption-attachment-372297\" class=\"wp-caption-text\">Claudia Sheinbaum realiz\u00f3 una caminata con vecinos de Lomas de Chamontoya, \u00c1lvaro Obreg\u00f3n.<\/p><\/div>\n<p>&nbsp;<\/p>\n<p>La candidata al gobierno de la Ciudad de M\u00e9xico por la coalici\u00f3n Juntos Haremos Historia, Claudia Sheinbaum Pardo, se manifest\u00f3 en contra de que en la capital del pa\u00eds se desarrolle \u201cla guerra del narco\u201d.<\/p>\n<p>Luego de realizar un recorrido por las calles de la colonia Prolongaci\u00f3n Tlacoyaque, en la delegaci\u00f3n \u00c1lvaro Obreg\u00f3n, Sheinbaum se\u00f1al\u00f3 que la llamada \u201cguerra del narco ha fracasado\u201d.<\/p>\n<p>Rechaz\u00f3 la presencia de elementos de las fuerzas armadas en calles de la ciudad y dijo que los capitalinos \u201cqueremos vivir en paz\u201d.<\/p>\n<p>Hay que volver a un modelo en el que la jefatura de gobierno recobre el control de la seguridad p\u00fablica, indic\u00f3 al explicar que se debe revitalizar a la Procuradur\u00eda General de Justicia y a la Secretaria de Seguridad P\u00fablica, pero primero garantizar una ciudad de derechos.<\/p>\n<p>Expres\u00f3 que de llegar al gobierno capitalino har\u00eda llegar a todos los derechos a la educaci\u00f3n, el deporte y la cultura, y por ello, a\u00f1adi\u00f3, su propuesta es que se incremente el presupuesto de la Universidad Aut\u00f3noma de la Ciudad de M\u00e9xico, abrir 300 ciberescuelas, m\u00e1s prepas y casas de estudios profesionales.<\/p>\n<p>Mencion\u00f3 que su proyecto apuesta por los espacios p\u00fablicos, por lo que no habr\u00eda mas aperturas de deportivos o parques.<\/p>\n<p>Por otro lado, Claudia Sheinbaum acus\u00f3 a Jos\u00e9 Ram\u00f3n Amieva, todav\u00eda secretario de Gobierno de la Ciudad de M\u00e9xico, de actuar de manera facciosa para favorecer al partido que gobierna en la capital.<\/p>\n<p>Se\u00f1al\u00f3 que en la capital del pa\u00eds se est\u00e1n utilizando los programas sociales para la compra de votos, cosa que es un delito que se debiera atender<\/p>\n<p>Llam\u00f3 a Amieva, as\u00ed como al Instituto Electoral de la Ciudad de M\u00e9xico y al Tribunal Electoral local, a que paren la compra de votos y el reparto de dinero, despensas y tinacos.<\/p>\n","protected":false},"excerpt":{"rendered":"<p>La candidata al gobierno de la Ciudad de M\u00e9xico por la coalici\u00f3n Juntos Haremos Historia, Claudia Sheinbaum Pardo, se manifest\u00f3 en contra de que en la capital del pa\u00eds se desarrolle \u201cla guerra del narco\u201d.<\/p>\n","protected":false},"author":3,"featured_media":372297,"comment_status":"open","ping_status":"open","sticky":false,"template":"","format":"standard","meta":{"_monsterinsights_skip_tracking":false,"_monsterinsights_sitenote_active":false,"_monsterinsights_sitenote_note":"","_monsterinsights_sitenote_category":0,"footnotes":""},"categories":[6],"tags":[34444,204,72207],"class_list":["post-372210","post","type-post","status-publish","format-standard","has-post-thumbnail","hentry","category-cd-de-mexico","tag-cdmx","tag-ciudad-de-mexico","tag-claudia-sheinbaum-pardo"],"_links":{"self":[{"href":"https:\/\/www.diarioimagen.net\/index.php?rest_route=\/wp\/v2\/posts\/372210","targetHints":{"allow":["GET"]}}],"collection":[{"href":"https:\/\/www.diarioimagen.net\/index.php?rest_route=\/wp\/v2\/posts"}],"about":[{"href":"https:\/\/www.diarioimagen.net\/index.php?rest_route=\/wp\/v2\/types\/post"}],"author":[{"embeddable":true,"href":"https:\/\/www.diarioimagen.net\/index.php?rest_route=\/wp\/v2\/users\/3"}],"replies":[{"embeddable":true,"href":"https:\/\/www.diarioimagen.net\/index.php?rest_route=%2Fwp%2Fv2%2Fcomments&post=372210"}],"version-history":[{"count":0,"href":"https:\/\/www.diarioimagen.net\/index.php?rest_route=\/wp\/v2\/posts\/372210\/revisions"}],"wp:featuredmedia":[{"embeddable":true,"href":"https:\/\/www.diarioimagen.net\/index.php?rest_route=\/wp\/v2\/media\/372297"}],"wp:attachment":[{"href":"https:\/\/www.diarioimagen.net\/index.php?rest_route=%2Fwp%2Fv2%2Fmedia&parent=372210"}],"wp:term":[{"taxonomy":"category","embeddable":true,"href":"https:\/\/www.diarioimagen.net\/index.php?rest_route=%2Fwp%2Fv2%2Fcategories&post=372210"},{"taxonomy":"post_tag","embeddable":true,"href":"https:\/\/www.diarioimagen.net\/index.php?rest_route=%2Fwp%2Fv2%2Ftags&post=372210"}],"curies":[{"name":"wp","href":"https:\/\/api.w.org\/{rel}","templated":true}]}}