{"id":372216,"date":"2018-04-16T00:07:39","date_gmt":"2018-04-16T05:07:39","guid":{"rendered":"http:\/\/www.diarioimagen.net\/?p=372216"},"modified":"2018-04-16T01:25:24","modified_gmt":"2018-04-16T06:25:24","slug":"clientelismo-en-la-secretaria-de-movilidad-acusa-arriola","status":"publish","type":"post","link":"https:\/\/www.diarioimagen.net\/?p=372216","title":{"rendered":"Clientelismo en la Secretar\u00eda de Movilidad, acusa Arriola"},"content":{"rendered":"<ul>\n<li><strong><em>Cuotas a trav\u00e9s de las concesiones del servicio p\u00fablico<\/em><\/strong><\/li>\n<\/ul>\n<p>&nbsp;<\/p>\n<div id=\"attachment_372300\" style=\"width: 470px\" class=\"wp-caption aligncenter\"><a href=\"http:\/\/www.diarioimagen.net\/?attachment_id=372300\" rel=\"attachment wp-att-372300\"><img loading=\"lazy\" decoding=\"async\" aria-describedby=\"caption-attachment-372300\" class=\"size-large wp-image-372300\" src=\"http:\/\/www.diarioimagen.net\/wp-content\/uploads\/2018\/04\/MIKEL-3347-460x259.jpg\" alt=\"\" width=\"460\" height=\"259\" srcset=\"https:\/\/www.diarioimagen.net\/wp-content\/uploads\/2018\/04\/MIKEL-3347-460x259.jpg 460w, https:\/\/www.diarioimagen.net\/wp-content\/uploads\/2018\/04\/MIKEL-3347-240x135.jpg 240w, https:\/\/www.diarioimagen.net\/wp-content\/uploads\/2018\/04\/MIKEL-3347-235x132.jpg 235w, https:\/\/www.diarioimagen.net\/wp-content\/uploads\/2018\/04\/MIKEL-3347-202x114.jpg 202w, https:\/\/www.diarioimagen.net\/wp-content\/uploads\/2018\/04\/MIKEL-3347-350x196.jpg 350w, https:\/\/www.diarioimagen.net\/wp-content\/uploads\/2018\/04\/MIKEL-3347-220x123.jpg 220w, https:\/\/www.diarioimagen.net\/wp-content\/uploads\/2018\/04\/MIKEL-3347-237x132.jpg 237w, https:\/\/www.diarioimagen.net\/wp-content\/uploads\/2018\/04\/MIKEL-3347.jpg 480w\" sizes=\"auto, (max-width: 460px) 100vw, 460px\" \/><\/a><p id=\"caption-attachment-372300\" class=\"wp-caption-text\">Mikel Arriola Pe\u00f1alosa denunci\u00f3 un deterioro en la movilidad de la capital del pa\u00eds.<\/p><\/div>\n<p>&nbsp;<\/p>\n<p>El candidato a la jefatura de gobierno de la Ciudad de M\u00e9xico, Mikel Arriola Pe\u00f1alosa, denunci\u00f3 un deterioro en la movilidad de la capital del pa\u00eds, con una secretar\u00eda del ramo que se dedica a s\u00f3lo repartir cuotas a trav\u00e9s de las concesiones del servicio p\u00fablico concesionado.<\/p>\n<p>\u201cEs una secretar\u00eda que se dedica solamente a administrar clientelismo en el tema de microbuses y transporte concesionado\u201d, subray\u00f3.<\/p>\n<p>Luego de encabezar una rodada con motociclistas de agrupaciones ciudadanas, advirti\u00f3 tambi\u00e9n que el tema del bacheo en la Ciudad de M\u00e9xico est\u00e1 asociado a la corrupci\u00f3n, donde s\u00f3lo se autoriza a las empresas para esas obras que define la autoridad y que son pocas.<\/p>\n<p>Dijo que en ese tema debe haber flexibilidad para que en un sistema de muchas empresas, uno pueda reportar un bache y que se resuelva en las pr\u00f3ximas 24 horas, y quien no resuelva tenga una penalidad.<\/p>\n<p>Explic\u00f3 que esas compa\u00f1\u00edas tendr\u00e1n un contrato por colonia y delegaci\u00f3n, puesto que hoy existen s\u00f3lo 20 empresas para tapar todos los baches de la capital del pa\u00eds, y para reparar uno se llevan dos meses y medio.<\/p>\n<p>Adem\u00e1s, Arriola Pe\u00f1alosa plantea en el corto plazo llevar pavimentaci\u00f3n para toda la ciudad, abarcando todas las colonias y zonas.<\/p>\n<p>Sobre las fotomultas, reiter\u00f3 que de ganar la elecci\u00f3n del 1 de julio las quitar\u00e1, porque no resuelven el problema de accidentes y hay otras formas.<\/p>\n<p>Agreg\u00f3 que existen miles de casos en donde esos automotores con fotomultas no circularon el d\u00eda que les fue aplicada y advirti\u00f3 que 46 por ciento de la sanci\u00f3n lo gana la empresa del radar, eso sucedi\u00f3 entre 2005 y 2017, y en \u00faltimo a\u00f1o se recaud\u00f3 alrededor de 700 millones de pesos, de los cuales 46 por ciento fue para la empresa.<\/p>\n<p>El candidato Arriola Pe\u00f1alosa explic\u00f3 que las fotomultas se van a ir por esos motivos y no por un asunto de populismo, y adem\u00e1s, se le va a pedir a m\u00e1s empresas que regresen el dinero de la Ciudad de M\u00e9xico.<\/p>\n<p>Detall\u00f3 que el robo de veh\u00edculos aument\u00f3 en un a\u00f1o 30 por ciento y en de las motocicletas 55 por ciento, problema que\u00a0 ofreci\u00f3 a combatir.<\/p>\n<p>Arriola Pe\u00f1alosa reiter\u00f3 tambi\u00e9n que ya tiene que parar la violencia asociada con el tr\u00e1fico de drogas, por lo que se debe tener un gobierno firme y fuerte que se enfrente a ese grave flagelo.<\/p>\n","protected":false},"excerpt":{"rendered":"<p>El candidato a la jefatura de gobierno de la Ciudad de M\u00e9xico, Mikel Arriola Pe\u00f1alosa, denunci\u00f3 un deterioro en la movilidad de la capital del pa\u00eds, con una secretar\u00eda del ramo que se dedica a s\u00f3lo repartir cuotas a trav\u00e9s de las concesiones del servicio p\u00fablico concesionado.<\/p>\n","protected":false},"author":3,"featured_media":372300,"comment_status":"open","ping_status":"open","sticky":false,"template":"","format":"standard","meta":{"_monsterinsights_skip_tracking":false,"_monsterinsights_sitenote_active":false,"_monsterinsights_sitenote_note":"","_monsterinsights_sitenote_category":0,"footnotes":""},"categories":[6],"tags":[70158,51147,38105],"class_list":["post-372216","post","type-post","status-publish","format-standard","has-post-thumbnail","hentry","category-cd-de-mexico","tag-clientelismo","tag-mikel-arriola-penalosa","tag-secretaria-de-movilidad"],"_links":{"self":[{"href":"https:\/\/www.diarioimagen.net\/index.php?rest_route=\/wp\/v2\/posts\/372216","targetHints":{"allow":["GET"]}}],"collection":[{"href":"https:\/\/www.diarioimagen.net\/index.php?rest_route=\/wp\/v2\/posts"}],"about":[{"href":"https:\/\/www.diarioimagen.net\/index.php?rest_route=\/wp\/v2\/types\/post"}],"author":[{"embeddable":true,"href":"https:\/\/www.diarioimagen.net\/index.php?rest_route=\/wp\/v2\/users\/3"}],"replies":[{"embeddable":true,"href":"https:\/\/www.diarioimagen.net\/index.php?rest_route=%2Fwp%2Fv2%2Fcomments&post=372216"}],"version-history":[{"count":0,"href":"https:\/\/www.diarioimagen.net\/index.php?rest_route=\/wp\/v2\/posts\/372216\/revisions"}],"wp:featuredmedia":[{"embeddable":true,"href":"https:\/\/www.diarioimagen.net\/index.php?rest_route=\/wp\/v2\/media\/372300"}],"wp:attachment":[{"href":"https:\/\/www.diarioimagen.net\/index.php?rest_route=%2Fwp%2Fv2%2Fmedia&parent=372216"}],"wp:term":[{"taxonomy":"category","embeddable":true,"href":"https:\/\/www.diarioimagen.net\/index.php?rest_route=%2Fwp%2Fv2%2Fcategories&post=372216"},{"taxonomy":"post_tag","embeddable":true,"href":"https:\/\/www.diarioimagen.net\/index.php?rest_route=%2Fwp%2Fv2%2Ftags&post=372216"}],"curies":[{"name":"wp","href":"https:\/\/api.w.org\/{rel}","templated":true}]}}