{"id":372234,"date":"2018-04-16T00:07:29","date_gmt":"2018-04-16T05:07:29","guid":{"rendered":"http:\/\/www.diarioimagen.net\/?p=372234"},"modified":"2018-04-16T01:42:28","modified_gmt":"2018-04-16T06:42:28","slug":"urge-revertir-problemas-que-padece-tlalnepantla-afirma-ulises-murguia","status":"publish","type":"post","link":"https:\/\/www.diarioimagen.net\/?p=372234","title":{"rendered":"Urge revertir problemas que padece Tlalnepantla, afirma Ulises Murgu\u00eda"},"content":{"rendered":"<ul>\n<li><strong><em>Abanderado de la coalici\u00f3n Juntos Haremos Historia<\/em><\/strong><\/li>\n<\/ul>\n<p>&nbsp;<\/p>\n<div id=\"attachment_372317\" style=\"width: 470px\" class=\"wp-caption aligncenter\"><a href=\"http:\/\/www.diarioimagen.net\/?attachment_id=372317\" rel=\"attachment wp-att-372317\"><img loading=\"lazy\" decoding=\"async\" aria-describedby=\"caption-attachment-372317\" class=\"size-large wp-image-372317\" src=\"http:\/\/www.diarioimagen.net\/wp-content\/uploads\/2018\/04\/ulises-3347-460x259.jpg\" alt=\"\" width=\"460\" height=\"259\" srcset=\"https:\/\/www.diarioimagen.net\/wp-content\/uploads\/2018\/04\/ulises-3347-460x259.jpg 460w, https:\/\/www.diarioimagen.net\/wp-content\/uploads\/2018\/04\/ulises-3347-240x135.jpg 240w, https:\/\/www.diarioimagen.net\/wp-content\/uploads\/2018\/04\/ulises-3347-235x132.jpg 235w, https:\/\/www.diarioimagen.net\/wp-content\/uploads\/2018\/04\/ulises-3347-202x114.jpg 202w, https:\/\/www.diarioimagen.net\/wp-content\/uploads\/2018\/04\/ulises-3347-350x196.jpg 350w, https:\/\/www.diarioimagen.net\/wp-content\/uploads\/2018\/04\/ulises-3347-220x123.jpg 220w, https:\/\/www.diarioimagen.net\/wp-content\/uploads\/2018\/04\/ulises-3347-237x132.jpg 237w, https:\/\/www.diarioimagen.net\/wp-content\/uploads\/2018\/04\/ulises-3347.jpg 480w\" sizes=\"auto, (max-width: 460px) 100vw, 460px\" \/><\/a><p id=\"caption-attachment-372317\" class=\"wp-caption-text\">El candidato Ulises Murgu\u00eda Soto convoc\u00f3 a los tlalnepantlenses a convencer del cambio a quienes todav\u00eda no deciden el sentido de su voto.<\/p><\/div>\n<p>&nbsp;<\/p>\n<p><strong>Tlalnepantla, Estado de M\u00e9xico<\/strong>.- El candidato de la coalici\u00f3n Juntos Haremos Historia a la diputaci\u00f3n federal del distrito XIX, Ulises Murgu\u00eda Soto, asegur\u00f3 que este municipio requiere urgentemente de un cambio de r\u00e9gimen para revertir los graves problemas que padece, como la inseguridad, la corrupci\u00f3n y la falta de obra p\u00fablica.<\/p>\n<p>Durante la apertura de su campa\u00f1a en busca de la confianza ciudadana, a la que acudieron los abanderados de la coalici\u00f3n a legisladores federales Emilio Manzanilla y Claudia Dom\u00ednguez, as\u00ed como el coordinador de Organizaci\u00f3n Municipal Raciel P\u00e9rez Cruz, l\u00edderes de Morena, PT y Encuentro Social, Murgu\u00eda Soto, precis\u00f3 que la ciudadan\u00eda clama por un cambio verdadero y no la vac\u00eda alternancia que en nada ha contribuido a solucionar la problem\u00e1tica que enfrenta la demarcaci\u00f3n, la entidad mexiquense y el pa\u00eds.<\/p>\n<p>Agreg\u00f3 que Tlalnepantla lleva ya 80 a\u00f1os bajo gobiernos que no han demostrado capacidad ni sensibilidad para atender las demandas de la poblaci\u00f3n y por ello, es inaplazable la imperiosa necesidad de un cambio radical en la localidad.<\/p>\n<p>\u201cEsto de la alternancia ya nos pas\u00f3 con Fox, que aparentaba ser la esperanza de un cambio y no funcion\u00f3; ahora de lo que se trata, es de una transformaci\u00f3n de fondo, totalmente contra la corrupci\u00f3n y los funcionarios deshonestos, que es uno de los principales planteamientos de nuestro candidato presidencial, Andr\u00e9s Manuel L\u00f3pez Obrador, recalc\u00f3.<\/p>\n<p>Subray\u00f3 que tan claro es que ni PRI ni PAN son opciones viables para la ciudadan\u00eda, ejemplo de ello es el Nuevo Aeropuerto de M\u00e9xico, pero tambi\u00e9n defendido por el abanderado panista a la Presidencia de la Rep\u00fablica, Ricardo Anaya.<\/p>\n<p>Antes, Ulises Murgu\u00eda convoc\u00f3 a los ciudadanos a convencer a quienes todav\u00eda no deciden el sentido de su voto, de que el proyecto de L\u00f3pez Obrador, es el \u00fanico que puede abrir la reconstrucci\u00f3n del pa\u00eds.<\/p>\n","protected":false},"excerpt":{"rendered":"<p>El candidato de la coalici\u00f3n Juntos Haremos Historia a la diputaci\u00f3n federal del distrito XIX, Ulises Murgu\u00eda Soto, asegur\u00f3 que este municipio requiere urgentemente de un cambio de r\u00e9gimen para revertir los graves problemas que padece, como la inseguridad, la corrupci\u00f3n y la falta de obra p\u00fablica.<\/p>\n","protected":false},"author":3,"featured_media":372317,"comment_status":"open","ping_status":"open","sticky":false,"template":"","format":"standard","meta":{"_monsterinsights_skip_tracking":false,"_monsterinsights_sitenote_active":false,"_monsterinsights_sitenote_note":"","_monsterinsights_sitenote_category":0,"footnotes":""},"categories":[35155],"tags":[43675,72620,72621,169],"class_list":["post-372234","post","type-post","status-publish","format-standard","has-post-thumbnail","hentry","category-estado-de-mexico-estado-de-mexico","tag-estado-de-mexico","tag-problemas","tag-revertir","tag-tlalnepantla"],"_links":{"self":[{"href":"https:\/\/www.diarioimagen.net\/index.php?rest_route=\/wp\/v2\/posts\/372234","targetHints":{"allow":["GET"]}}],"collection":[{"href":"https:\/\/www.diarioimagen.net\/index.php?rest_route=\/wp\/v2\/posts"}],"about":[{"href":"https:\/\/www.diarioimagen.net\/index.php?rest_route=\/wp\/v2\/types\/post"}],"author":[{"embeddable":true,"href":"https:\/\/www.diarioimagen.net\/index.php?rest_route=\/wp\/v2\/users\/3"}],"replies":[{"embeddable":true,"href":"https:\/\/www.diarioimagen.net\/index.php?rest_route=%2Fwp%2Fv2%2Fcomments&post=372234"}],"version-history":[{"count":0,"href":"https:\/\/www.diarioimagen.net\/index.php?rest_route=\/wp\/v2\/posts\/372234\/revisions"}],"wp:featuredmedia":[{"embeddable":true,"href":"https:\/\/www.diarioimagen.net\/index.php?rest_route=\/wp\/v2\/media\/372317"}],"wp:attachment":[{"href":"https:\/\/www.diarioimagen.net\/index.php?rest_route=%2Fwp%2Fv2%2Fmedia&parent=372234"}],"wp:term":[{"taxonomy":"category","embeddable":true,"href":"https:\/\/www.diarioimagen.net\/index.php?rest_route=%2Fwp%2Fv2%2Fcategories&post=372234"},{"taxonomy":"post_tag","embeddable":true,"href":"https:\/\/www.diarioimagen.net\/index.php?rest_route=%2Fwp%2Fv2%2Ftags&post=372234"}],"curies":[{"name":"wp","href":"https:\/\/api.w.org\/{rel}","templated":true}]}}