{"id":372269,"date":"2018-04-16T00:11:23","date_gmt":"2018-04-16T05:11:23","guid":{"rendered":"http:\/\/www.diarioimagen.net\/?p=372269"},"modified":"2018-04-16T01:14:53","modified_gmt":"2018-04-16T06:14:53","slug":"amlo-dice-que-invitara-al-papa-y-este-le-responde","status":"publish","type":"post","link":"https:\/\/www.diarioimagen.net\/?p=372269","title":{"rendered":"AMLO dice que invitar\u00e1 al Papa, y este, \u00bfle responde?"},"content":{"rendered":"<h2>Tras la puerta del poder<\/h2>\n<h5>Roberto Vizca\u00edno<\/h5>\n<p>&nbsp;<\/p>\n<div id=\"attachment_372280\" style=\"width: 470px\" class=\"wp-caption aligncenter\"><a href=\"http:\/\/www.diarioimagen.net\/?attachment_id=372280\" rel=\"attachment wp-att-372280\"><img loading=\"lazy\" decoding=\"async\" aria-describedby=\"caption-attachment-372280\" class=\"size-large wp-image-372280\" src=\"http:\/\/www.diarioimagen.net\/wp-content\/uploads\/2018\/04\/siguiendo-pistas-LUIS-XAVIER-3347-460x353.jpg\" alt=\"\" width=\"460\" height=\"353\" srcset=\"https:\/\/www.diarioimagen.net\/wp-content\/uploads\/2018\/04\/siguiendo-pistas-LUIS-XAVIER-3347-460x353.jpg 460w, https:\/\/www.diarioimagen.net\/wp-content\/uploads\/2018\/04\/siguiendo-pistas-LUIS-XAVIER-3347-240x184.jpg 240w, https:\/\/www.diarioimagen.net\/wp-content\/uploads\/2018\/04\/siguiendo-pistas-LUIS-XAVIER-3347-768x589.jpg 768w, https:\/\/www.diarioimagen.net\/wp-content\/uploads\/2018\/04\/siguiendo-pistas-LUIS-XAVIER-3347.jpg 1200w\" sizes=\"auto, (max-width: 460px) 100vw, 460px\" \/><\/a><p id=\"caption-attachment-372280\" class=\"wp-caption-text\">Siguiendo pistas&#8230; | Luis Xavier<\/p><\/div>\n<p>&nbsp;<\/p>\n<p>En su exitosa capacidad para crear agenda, <strong>Andr\u00e9s Manuel L\u00f3pez Obrador<\/strong> inform\u00f3 a fines de la semana que invitar\u00eda al <strong>Papa Francisco<\/strong> a visitar a M\u00e9xico para, \u201cqu\u00e9 nos acompa\u00f1e (s\u00ed, como no) en este proceso, que se analice todo lo relacionado al grave problema de la inseguridad y la violencia\u201d en M\u00e9xico.<\/p>\n<p>Casi de inmediato, por redes sociales corri\u00f3 un comentario del <strong>Papa Francisco<\/strong> (sin fecha ni lugar), que pareciera ser una respuesta a la ocurrencia de <strong>AMLO.<\/strong> Ah\u00ed <strong>Francisco<\/strong> dice:<\/p>\n<p>\u201c\u2026 un aspecto fundamental para promover a los pobres, est\u00e1 en la forma en que los ven\u2026 <strong>no sirve una mirada ideol\u00f3gica que termina usando a los pobres al servicio de otros intereses pol\u00edticos y personales,<\/strong> las ideolog\u00edas terminan mal, no sirven, <strong>las ideolog\u00edas tienen una relaci\u00f3n o incompleta o enferma, mala con el pueblo,<\/strong> <strong>las ideolog\u00edas no asumen al pueblo,<\/strong> por eso, <strong>f\u00edjense en el siglo pasado en qu\u00e9 terminaron las ideolog\u00edas\u2026 en dictaduras<\/strong>\u2026 siempre, siempre, piensan por el pueblo, no dejan pensar al pueblo, o c\u00f3mo dec\u00eda aquel agudo cr\u00edtico de la ideolog\u00eda cuando le dijeron:<em> \u201csi, pero esta gente tiene buena voluntad y hace cosas por el pueblo\u201d<\/em>,\u2026 s\u00ed, s\u00ed, s\u00ed, todo por el pueblo, pero nada con el pueblo\u2026 esas son las ideolog\u00edas\u2026\u201d concluye Francisco.<\/p>\n<p>Si no es una respuesta al tabasque\u00f1o &#8211;hay que recordar que <strong>Francisco <\/strong>es argentino, es latinoamericano, y tiene por su origen, un v\u00ednculo directo con todo lo que es y pasa en este continente, y no ser\u00eda absurdo pensar que esto tiene un v\u00ednculo con AMLO y lo que el Papa podr\u00eda creer que representa el tabasque\u00f1o&#8211;, bien podr\u00eda estar muy cerca de eso.<\/p>\n<p style=\"text-align: center;\"><strong>Escarceos y <em>bullyng<\/em> electoral<\/strong><\/p>\n<p>A fines de la semana, tambi\u00e9n ocurri\u00f3 lo del enfrentamiento entre maestros de la CNTE (quienes m\u00e1s) con simpatizantes de <strong>Jos\u00e9 Antonio Meade <\/strong>en Oaxaca (d\u00f3nde m\u00e1s).<\/p>\n<p>Evidentemente irritado, el candidato del PRI, PVEM y Panal sali\u00f3 a se\u00f1alar directamente a Andr\u00e9s Manuel L\u00f3pez Obrador como el responsable de esta violencia.<\/p>\n<p>Algo sabr\u00e1 de cierto.<\/p>\n<p><strong>AMLO <\/strong>le respondi\u00f3 de inmediato que \u00e9l no es nadie para convocar a la paz a ning\u00fan grupo.<\/p>\n<p>\u00bfEntonces d\u00f3nde queda su dicho de que en 2006 \u00e9l sali\u00f3 a amarrar al tigre y que ahora no lo har\u00eda? \u00a1Entonces: puede o no puede contener la irritaci\u00f3n social?<\/p>\n<p>Previamente el tabasque\u00f1o, quien anda feliz y con sonrisa permanente debido a las encuestas, dijo a Meade:<\/p>\n<p><em>\u201cTernurita, ternurita, ap\u00farate porque te va a ganar Margarita\u201d.<\/em><\/p>\n<p>La respuesta r\u00e1pida v\u00eda twitter, Facebook y otras redes no se hizo esperar.<\/p>\n<p>\u201c\u2026 ahora que pierdas por tercera vez, no pierdas el humor, Andr\u00e9s\u201d, le contest\u00f3 <strong>Meade.<\/strong><\/p>\n<p style=\"text-align: center;\"><strong>Todos a una\u2026<\/strong><\/p>\n<p>Y como en <em>Fuenteovejuna<\/em>, todo se alinea contra el puntero, lo que en los hechos le da validez a las encuestas que lo colocan entre 10 y 20 puntos arriba de sus m\u00e1s cercanos seguidores, que en unos sondeos es <strong>Ricardo Anaya <\/strong>y en otros (los menos, pero los hay) es <strong>Jos\u00e9 Antonio Meade<\/strong>.<\/p>\n<p>Es as\u00ed que vuelve a correr un reto de <strong>Miguel \u00c1ngel Yunes<\/strong>, gobernador de Veracruz, en que dice:<\/p>\n<p>\u201cYa lleg\u00f3 de nuevo <strong>L\u00f3pez Obrador <\/strong>a Veracruz\u2026 viene con las mismas locuras de siempre, no trae una sola idea para resolver los graves problemas que vivimos en nuestro estado, no se mete con <strong>Duarte<\/strong>, porque le daba lana, le tiene gratitud a <strong>Duarte,<\/strong> se mete conmigo: me agrede, me ofende, ofende a mi familia, ofende a mis hijos, no presenta una sola prueba\u2026<\/p>\n<p>\u201cPor eso, por respeto a los veracruzanos, le respondo y lo reto nuevamente a debatir, <strong>te reto L\u00f3pez Obrador <\/strong>el pr\u00f3ximo s\u00e1bado por la noche debatamos, no voy a perder mucho tiempo contigo solamente te voy a dedicar un ratito para demostrarte que eres un mentiroso\u2026<\/p>\n<p>\u201cMiren este tipo, que critica al gobierno toda la vida, recibe mil millones de pesos anuales para hacer pol\u00edtica, para hacer campa\u00f1a, m\u00e1s 3 millones de pesos diarios para hacer campa\u00f1a, esos mil millones no los tiene ni Obama L\u00f3pez Obrador, solamente tu, que eres un c\u00ednico puedes recibirlo del gobierno y gastarlo, \u00a1\u00a1\u00a1ahhh!!! Pero dice que \u00e9l es un hombre limpio y que \u00e9l no tiene propiedades, \u00a1miente!, s\u00ed tiene propiedades\u2026 y aqu\u00ed est\u00e1n (se\u00f1ala a documentos en la mano), miren\u2026<\/p>\n<p>\u201cTiene una casa en la Ciudad de M\u00e9xico, en Tlalpan; tiene un departamento en Puebla, tiene un terreno en San Andr\u00e9s-Cholula, Puebla, tiene otro terreno en Santa Clara Puebla tambi\u00e9n, creo que le gusta Puebla, tiene una casa en Palenque-Chiapas\u2026<\/p>\n<p>\u201c\u00bfPero, qu\u00e9 es lo que hace para mentirle a los mexicanos y decir que no tiene nada?&#8230; pone todo a nombre de su esposa, eso es lo que hace \u00a1ah!, pero tambi\u00e9n este vividor de la pol\u00edtica, este que recibe mil millones de pesos al a\u00f1o no paga impuestos, aqu\u00ed tengo sus declaraciones fiscales las que se deben presentar ante el SAT, de 2013 a 2015 (las de 2016 se presentar\u00e1n en estos d\u00edas), en 2013 se\u00f1al\u00f3 que por concepto de impuestos sobre la renta paga 0, en 2014 no s\u00f3lo dijo que pagaba 0, pidi\u00f3 que el gobierno le devolviera 22 mil 516 pesos y en 2015 no pag\u00f3 nada y pidi\u00f3 que el gobierno le devolviera 779 pesos\u2026 todos los dem\u00e1s pagamos impuestos: pagan impuestos los m\u00e9dicos, las enfermeras, los maestros, todo mundo, todos pagamos impuestos, este tipo no paga, pide que le devuelvan, es un vividor del presupuesto\u2026<\/p>\n<p>\u201cEs una realidad, este es el verdadero <strong>L\u00f3pez Obrador<\/strong>, aqu\u00ed en Veracruz <strong>L\u00f3pez Obrador <\/strong>vas a encontrar la horma de tu zapato, aqu\u00ed no vamos a permitir, yo no voy a permitir, que vengas a ofender al gobernador, represento 8 millones de veracruzanos, debo preservar, debo cuidar la dignidad y el respeto que merece el gobernador, debatamos, no sea sac\u00f3n, tu sabes perfectamente bien que Duarte te financiaba, tienes temor de enfrentarte conmigo porque te voy a exhibir frente a todos los mexicanos, ah\u00ed nos vemos el s\u00e1bado, estar\u00e9 pendiente\u2026\u201d<\/p>\n<p>A 77 d\u00edas de la elecci\u00f3n, este tipo de videos y mensajes van a proliferar. Yo no s\u00e9 si ello har\u00e1 que algunos mexicanos rectifiquen su voto y lo dirijan a otro que no sea <strong>L\u00f3pez Obrador.<\/strong><\/p>\n<p>Lo cierto es que el tono de <strong>Yunes Linares<\/strong> s\u00ed coloca a <strong>AMLO <\/strong>en la duda ciudadana. Por ello seguramente habr\u00e1 m\u00e1s, mucho m\u00e1s de esto contra el sonriente puntero.<\/p>\n<p style=\"text-align: center;\"><strong>La vida sigue<\/strong><\/p>\n<p>Y como no todo son elecciones, en el Senado la legisladora independiente Martha Tagle \u2013suplente de Alejandra Barrales, quien hoy lucha por la Jefatura de Gobierno de la CDMX&#8211;, buscar\u00e1 impulsar la legalizaci\u00f3n del consumo y autocultivo de la mariguana como lo ratific\u00f3 la semana pasada la Suprema Corte al validar un nuevo amparo,<\/p>\n<p>\u201cDebemos (dijo Tagle) transitar del enfoque prohibitivo a una pol\u00edtica de drogas enmarcada en los derechos humanos\u201d.<\/p>\n<p>El primer amparo concedido por la SC para el uso y producci\u00f3n de la mariguana fue en noviembre 2015.<\/p>\n<p>Tagle dijo que si la Suprema Corte lo aprob\u00f3, por qu\u00e9 el Poder Legislativo espera para avanzar en las reformas pendientes a la Ley General de Salud.<\/p>\n<p>\u201cDe la mano de la sociedad civil hemos insistido en la urgencia de analizar e impulsar una pol\u00edtica de drogas integral que permita transitar del enfoque prohibitivo que hasta ahora ha prevalecido y que tiene sumergido al pa\u00eds en un espiral de violencia, a uno que tenga como eje central los derechos humanos\u201d, insisti\u00f3.<\/p>\n<p><em><a href=\"mailto:rvizcainoa@gmail.com\" target=\"_blank\" rel=\"noopener\">vizcainoa@gmail.com<\/a><\/em><br \/>\n<em><a href=\"http:\/\/www.endirecto.com.mx\/\" target=\"_blank\" rel=\"noopener\">www.endirecto.com.mx<\/a><\/em><br \/>\n<em><a href=\"https:\/\/twitter.com\/_rvizcaino\" target=\"_blank\" rel=\"noopener\">@_RVizcaino<\/a><\/em><br \/>\n<a href=\"https:\/\/www.facebook.com\/rvizcainoa\" target=\"_blank\" rel=\"noopener\">f<em>acebook.com\/rvizcainoa<\/em><\/a><\/p>\n","protected":false},"excerpt":{"rendered":"<p><span style=\"color: #005497;\"><strong>Roberto Vizca\u00edno<\/strong><\/span><br \/>\n<br \/>\nEn su exitosa capacidad para crear agenda, <strong>Andr\u00e9s Manuel L\u00f3pez Obrador<\/strong> inform\u00f3 a fines de la semana que invitar\u00eda al <strong>Papa Francisco<\/strong> a visitar a M\u00e9xico para, \u201cqu\u00e9 nos acompa\u00f1e (s\u00ed, como no) en este proceso, que se analice todo lo relacionado al grave problema de la inseguridad y la violencia\u201d en M\u00e9xico.<\/p>\n","protected":false},"author":3,"featured_media":372280,"comment_status":"open","ping_status":"open","sticky":false,"template":"","format":"standard","meta":{"_monsterinsights_skip_tracking":false,"_monsterinsights_sitenote_active":false,"_monsterinsights_sitenote_note":"","_monsterinsights_sitenote_category":0,"footnotes":""},"categories":[136],"tags":[43674,93,94],"class_list":["post-372269","post","type-post","status-publish","format-standard","has-post-thumbnail","hentry","category-roberto-vizcaino-opinion","tag-opinion","tag-roberto-vizcaino","tag-tras-la-puerta-del-poder"],"_links":{"self":[{"href":"https:\/\/www.diarioimagen.net\/index.php?rest_route=\/wp\/v2\/posts\/372269","targetHints":{"allow":["GET"]}}],"collection":[{"href":"https:\/\/www.diarioimagen.net\/index.php?rest_route=\/wp\/v2\/posts"}],"about":[{"href":"https:\/\/www.diarioimagen.net\/index.php?rest_route=\/wp\/v2\/types\/post"}],"author":[{"embeddable":true,"href":"https:\/\/www.diarioimagen.net\/index.php?rest_route=\/wp\/v2\/users\/3"}],"replies":[{"embeddable":true,"href":"https:\/\/www.diarioimagen.net\/index.php?rest_route=%2Fwp%2Fv2%2Fcomments&post=372269"}],"version-history":[{"count":0,"href":"https:\/\/www.diarioimagen.net\/index.php?rest_route=\/wp\/v2\/posts\/372269\/revisions"}],"wp:featuredmedia":[{"embeddable":true,"href":"https:\/\/www.diarioimagen.net\/index.php?rest_route=\/wp\/v2\/media\/372280"}],"wp:attachment":[{"href":"https:\/\/www.diarioimagen.net\/index.php?rest_route=%2Fwp%2Fv2%2Fmedia&parent=372269"}],"wp:term":[{"taxonomy":"category","embeddable":true,"href":"https:\/\/www.diarioimagen.net\/index.php?rest_route=%2Fwp%2Fv2%2Fcategories&post=372269"},{"taxonomy":"post_tag","embeddable":true,"href":"https:\/\/www.diarioimagen.net\/index.php?rest_route=%2Fwp%2Fv2%2Ftags&post=372269"}],"curies":[{"name":"wp","href":"https:\/\/api.w.org\/{rel}","templated":true}]}}