{"id":372388,"date":"2018-04-17T00:08:46","date_gmt":"2018-04-17T05:08:46","guid":{"rendered":"http:\/\/www.diarioimagen.net\/?p=372388"},"modified":"2018-04-17T03:29:13","modified_gmt":"2018-04-17T08:29:13","slug":"plantea-%e2%80%8b%e2%80%8bmargarita-una-red-de-aeropuertos-en-el-pais","status":"publish","type":"post","link":"https:\/\/www.diarioimagen.net\/?p=372388","title":{"rendered":"Plantea \u200b\u200bMargarita una red de aeropuertos en el pa\u00eds"},"content":{"rendered":"<ul>\n<li><strong><em>Encuentro con estudiantes de diferentes universidades<\/em><\/strong><\/li>\n<\/ul>\n<p>&nbsp;<\/p>\n<div id=\"attachment_372490\" style=\"width: 470px\" class=\"wp-caption aligncenter\"><a href=\"http:\/\/www.diarioimagen.net\/?attachment_id=372490\" rel=\"attachment wp-att-372490\"><img loading=\"lazy\" decoding=\"async\" aria-describedby=\"caption-attachment-372490\" class=\"size-large wp-image-372490\" src=\"http:\/\/www.diarioimagen.net\/wp-content\/uploads\/2018\/04\/zavala-3348-460x259.jpg\" alt=\"\" width=\"460\" height=\"259\" srcset=\"https:\/\/www.diarioimagen.net\/wp-content\/uploads\/2018\/04\/zavala-3348-460x259.jpg 460w, https:\/\/www.diarioimagen.net\/wp-content\/uploads\/2018\/04\/zavala-3348-240x135.jpg 240w, https:\/\/www.diarioimagen.net\/wp-content\/uploads\/2018\/04\/zavala-3348-235x132.jpg 235w, https:\/\/www.diarioimagen.net\/wp-content\/uploads\/2018\/04\/zavala-3348-202x114.jpg 202w, https:\/\/www.diarioimagen.net\/wp-content\/uploads\/2018\/04\/zavala-3348-350x196.jpg 350w, https:\/\/www.diarioimagen.net\/wp-content\/uploads\/2018\/04\/zavala-3348-220x123.jpg 220w, https:\/\/www.diarioimagen.net\/wp-content\/uploads\/2018\/04\/zavala-3348-237x132.jpg 237w, https:\/\/www.diarioimagen.net\/wp-content\/uploads\/2018\/04\/zavala-3348.jpg 480w\" sizes=\"auto, (max-width: 460px) 100vw, 460px\" \/><\/a><p id=\"caption-attachment-372490\" class=\"wp-caption-text\">Margarita Zavala se pronunci\u00f3 a favor del Nuevo Aeropuerto Internacional CDMX, durante un encuentro con universitarios en Nuevo Le\u00f3n.<\/p><\/div>\n<p>&nbsp;<\/p>\n<p>Margarita Zavala, candidata independiente a la Presidencia de la Rep\u00fablica, se manifest\u00f3 a favor de la construcci\u00f3n del Nuevo Aeropuerto Internacional de la Ciudad de M\u00e9xico, (NAICM) y dijo que est\u00e1 buscando construir una red de terminales a\u00e9reas en todo el pa\u00eds.<\/p>\n<p>Al platicar con estudiantes de diferentes universidades en la capital regia, Margarita Zavala dijo que su gobierno ser\u00eda el de mayor inversi\u00f3n en infraestructura en la historia moderna de nuestro pa\u00eds.<\/p>\n<p>\u201cYo s\u00ed estoy planteando ser el gobierno que m\u00e1s le invierta a la infraestructura en toda la historia moderna del pa\u00eds. Esa inversi\u00f3n, requiere inversi\u00f3n p\u00fablica, f\u00edsica y en telecomunicaciones, e inversi\u00f3n para crecer m\u00e1s y para igualar. Una inversi\u00f3n en aeropuertos, no s\u00f3lo uno, la vida del pa\u00eds no es s\u00f3lo un aeropuerto, es una red de aeropuertos, pero tambi\u00e9n quiero una inversi\u00f3n en carreteras, en caminos rurales y que se mantengan bien\u201d, destac\u00f3 la ex panista.<\/p>\n<p>Asociaciones civiles de familiares de personas desaparecidas en Nuevo Le\u00f3n confrontaron a Margarita Zavala sobre la estrategia en seguridad que implementar\u00eda en caso de quedar electa como presidenta de la Rep\u00fablica.<\/p>\n<p>Durante una reuni\u00f3n privada, los familiares de las v\u00edctimas reclamaron a la candidata independiente sobre las muertes y desapariciones de civiles que se generaron a ra\u00edz de la guerra contra el narcotr\u00e1fico que impuls\u00f3 su esposo y ex presidente, Felipe Calder\u00f3n.<\/p>\n<p>\u201cYa somos m\u00e1s de 300 colectivos en toda la Rep\u00fablica mexicana de familiares con personas desaparecidas. Hemos hecho organizaciones civiles; no somos da\u00f1os colaterales, Margarita: nosotros les llamamos hijos. Este es Roy, Roy ha desaparecido desde el 11 de enero del 2011, cuando tu marido sac\u00f3 a las calles al Ej\u00e9rcito y nos dej\u00f3 en una guerra.<\/p>\n","protected":false},"excerpt":{"rendered":"<p>Margarita Zavala, candidata independiente a la Presidencia de la Rep\u00fablica, se manifest\u00f3 a favor de la construcci\u00f3n del Nuevo Aeropuerto Internacional de la Ciudad de M\u00e9xico, (NAICM) y dijo que est\u00e1 buscando construir una red de terminales a\u00e9reas en todo el pa\u00eds.<\/p>\n","protected":false},"author":3,"featured_media":372490,"comment_status":"open","ping_status":"open","sticky":false,"template":"","format":"standard","meta":{"_monsterinsights_skip_tracking":false,"_monsterinsights_sitenote_active":false,"_monsterinsights_sitenote_note":"","_monsterinsights_sitenote_category":0,"footnotes":""},"categories":[3],"tags":[13639,38501],"class_list":["post-372388","post","type-post","status-publish","format-standard","has-post-thumbnail","hentry","category-nacional","tag-margarita-zavala-gomez-del-campo","tag-nuevo-aeropuerto-internacional-de-la-ciudad-de-mexico"],"_links":{"self":[{"href":"https:\/\/www.diarioimagen.net\/index.php?rest_route=\/wp\/v2\/posts\/372388","targetHints":{"allow":["GET"]}}],"collection":[{"href":"https:\/\/www.diarioimagen.net\/index.php?rest_route=\/wp\/v2\/posts"}],"about":[{"href":"https:\/\/www.diarioimagen.net\/index.php?rest_route=\/wp\/v2\/types\/post"}],"author":[{"embeddable":true,"href":"https:\/\/www.diarioimagen.net\/index.php?rest_route=\/wp\/v2\/users\/3"}],"replies":[{"embeddable":true,"href":"https:\/\/www.diarioimagen.net\/index.php?rest_route=%2Fwp%2Fv2%2Fcomments&post=372388"}],"version-history":[{"count":0,"href":"https:\/\/www.diarioimagen.net\/index.php?rest_route=\/wp\/v2\/posts\/372388\/revisions"}],"wp:featuredmedia":[{"embeddable":true,"href":"https:\/\/www.diarioimagen.net\/index.php?rest_route=\/wp\/v2\/media\/372490"}],"wp:attachment":[{"href":"https:\/\/www.diarioimagen.net\/index.php?rest_route=%2Fwp%2Fv2%2Fmedia&parent=372388"}],"wp:term":[{"taxonomy":"category","embeddable":true,"href":"https:\/\/www.diarioimagen.net\/index.php?rest_route=%2Fwp%2Fv2%2Fcategories&post=372388"},{"taxonomy":"post_tag","embeddable":true,"href":"https:\/\/www.diarioimagen.net\/index.php?rest_route=%2Fwp%2Fv2%2Ftags&post=372388"}],"curies":[{"name":"wp","href":"https:\/\/api.w.org\/{rel}","templated":true}]}}