{"id":372393,"date":"2018-04-17T00:08:55","date_gmt":"2018-04-17T05:08:55","guid":{"rendered":"http:\/\/www.diarioimagen.net\/?p=372393"},"modified":"2018-04-17T23:58:10","modified_gmt":"2018-04-18T04:58:10","slug":"emite-poder-judicial-de-la%e2%80%88cdmx-guia-para-juzgadores-sobre-actuar-frente-a-actos-de-tortura","status":"publish","type":"post","link":"https:\/\/www.diarioimagen.net\/?p=372393","title":{"rendered":"Emite Poder Judicial de la\u2008CDMX gu\u00eda para juzgadores sobre actuar frente a actos de tortura"},"content":{"rendered":"<ul>\n<li><em><strong>El presidente del TSJCDMX, magistrado \u00c1lvaro Augusto P\u00e9rez Ju\u00e1rez, en la presentaci\u00f3n, destaca que con ello se da cumplimiento a dos recomendaciones de la CDHDF<\/strong><\/em><\/li>\n<li><em><strong>Subray\u00f3 la convicci\u00f3n y vocaci\u00f3n para impartir justicia con absoluta diligencia en casos relacionados con la prevenci\u00f3n, investigaci\u00f3n, sanci\u00f3n y reparaci\u00f3n de este tipo de actos que lastiman a la sociedad<\/strong><\/em><\/li>\n<li><em><strong>A la presentaci\u00f3n acudi\u00f3 la titular de la CDHDF, Nashieli Ram\u00edrez Hern\u00e1ndez, entre otros<\/strong><\/em><\/li>\n<\/ul>\n<p>&nbsp;<\/p>\n<div id=\"attachment_372493\" style=\"width: 470px\" class=\"wp-caption aligncenter\"><a href=\"http:\/\/www.diarioimagen.net\/?attachment_id=372493\" rel=\"attachment wp-att-372493\"><img loading=\"lazy\" decoding=\"async\" aria-describedby=\"caption-attachment-372493\" class=\"size-large wp-image-372493\" src=\"http:\/\/www.diarioimagen.net\/wp-content\/uploads\/2018\/04\/tribunal-1-3348-460x259.jpg\" alt=\"\" width=\"460\" height=\"259\" srcset=\"https:\/\/www.diarioimagen.net\/wp-content\/uploads\/2018\/04\/tribunal-1-3348-460x259.jpg 460w, https:\/\/www.diarioimagen.net\/wp-content\/uploads\/2018\/04\/tribunal-1-3348-240x135.jpg 240w, https:\/\/www.diarioimagen.net\/wp-content\/uploads\/2018\/04\/tribunal-1-3348-235x132.jpg 235w, https:\/\/www.diarioimagen.net\/wp-content\/uploads\/2018\/04\/tribunal-1-3348-202x114.jpg 202w, https:\/\/www.diarioimagen.net\/wp-content\/uploads\/2018\/04\/tribunal-1-3348-350x196.jpg 350w, https:\/\/www.diarioimagen.net\/wp-content\/uploads\/2018\/04\/tribunal-1-3348-220x123.jpg 220w, https:\/\/www.diarioimagen.net\/wp-content\/uploads\/2018\/04\/tribunal-1-3348-237x132.jpg 237w, https:\/\/www.diarioimagen.net\/wp-content\/uploads\/2018\/04\/tribunal-1-3348.jpg 480w\" sizes=\"auto, (max-width: 460px) 100vw, 460px\" \/><\/a><p id=\"caption-attachment-372493\" class=\"wp-caption-text\">La presidenta de la CDHDF, Nashieli Ram\u00edrez Hern\u00e1ndez, asiti\u00f3 al evento que presidi\u00f3 el magistrado \u00c1lvaro Augusto P\u00e9rez Ju\u00e1rez<\/p><\/div>\n<p>&nbsp;<\/p>\n<p>Los plenos del Tribunal Superior de Justicia de la Ciudad de M\u00e9xico y del Consejo de la Judicatura local acordaron la emisi\u00f3n de la <em>Gu\u00eda para las juzgadoras y juzgadores del TSJCDMX sobre prevenci\u00f3n, investigaci\u00f3n, sanci\u00f3n y reparaci\u00f3n de la tortura y otros tratos o penas crueles, inhumanos o degradantes<\/em>, inform\u00f3 el presidente del \u00f3rgano judicial, magistrado \u00c1lvaro Augusto P\u00e9rez Ju\u00e1rez.<\/p>\n<p>Al encabezar la presentaci\u00f3n del citado documento, el magistrado puntualiz\u00f3 que con ello se dio cumplimiento a un par de recomendaciones de la Comisi\u00f3n de Derechos Humanos del Distrito Federal (CDHDF), para contar con mecanismos que auxilien a los operadores del sistema de justicia en casos constitutivos de tortura y otros tratos o penas crueles, inhumanos o degradantes.<\/p>\n<p>En el auditorio <em>Benito Ju\u00e1rez<\/em>, y acompa\u00f1ado por la presidenta de la CDHDF, Nashieli Ram\u00edrez Hern\u00e1ndez, P\u00e9rez Ju\u00e1rez subray\u00f3 la convicci\u00f3n y vocaci\u00f3n para impartir justicia con absoluta diligencia en los casos relacionados con la prevenci\u00f3n, investigaci\u00f3n, sanci\u00f3n y reparaci\u00f3n de este tipo de actos que lastiman a las sociedades y a las personas.<\/p>\n<p>\u201cEstos temas, incuestionablemente lacerantes, deben analizarse como delito y como violaciones a los derechos humanos, desde una visi\u00f3n hol\u00edstica de la persona, as\u00ed como los impactos, en sentido amplio, en su familia y en la sociedad\u201d.<\/p>\n<p>Abund\u00f3 que los impartidores de justicia, como agentes estatales, tienen obligaciones directas e indirectas para sancionar a quienes los cometen, pero tambi\u00e9n hacer todo lo posible para reparar el da\u00f1o con integralidad.<\/p>\n<p>Con la presencia de consejeros de la Judicatura, magistrados, jueces y dem\u00e1s operadores del sistema de justicia, el magistrado P\u00e9rez Ju\u00e1rez destac\u00f3 que mediante la sanci\u00f3n de estos delitos y el combate a su impunidad se puede incidir considerablemente en su disminuci\u00f3n, con lo que, adem\u00e1s, se da cabal cumplimiento a la obligaci\u00f3n constitucional de promover, respetar, proteger y garantizar los derechos humanos.<\/p>\n<p>Al referirse a la gu\u00eda, dijo que \u00e9sta tiene una visi\u00f3n activa de los \u00f3rganos jurisdiccionales para proteger a las personas de la tortura y los malos tratos.<\/p>\n<p>\u201cEn ese sentido, comparte con el lector una visi\u00f3n de la impartici\u00f3n de justicia encaminada a la ampliaci\u00f3n del ejercicio de los derechos constitucionales de los ciudadanos, y a lograr cambios en las pr\u00e1cticas de otras autoridades, haciendo uso de una interpretaci\u00f3n extensiva\u201d, precis\u00f3.<\/p>\n<p>En su oportunidad, la presidenta de la CDHDF, Nashieli Ram\u00edrez Hern\u00e1ndez, advirti\u00f3 que la tortura y otros tratos o penas crueles, inhumanos o degradantes ocurren frecuentemente.<\/p>\n<p>Destac\u00f3 que erradicar este tipo de actos es fundamental para un pa\u00eds democr\u00e1tico, y record\u00f3 que la gu\u00eda ayuda a juzgadores en aspectos, tales como su papel frente a este tipo de hechos, cadena de custodia y pr\u00e1ctica del Protocolo de Estambul, entre otros.<\/p>\n<p>En el acto participaron, adem\u00e1s, Juan Carlos Guti\u00e9rrez Contreras, coordinador de investigaci\u00f3n de I(dh)eas, Litigio Estrat\u00e9gico en Derechos Humanos AC; Mar\u00eda Sirvent Bravo, experta del Comit\u00e9 T\u00e9cnico del Mecanismo Nacional de Prevenci\u00f3n de la Tortura, y Lourdes Zari\u00f1\u00e1n Mart\u00ednez, coordinadora del Programa sobre Asuntos de la Ni\u00f1ez y la Familia, de la Comisi\u00f3n Nacional de los Derechos Humanos.<\/p>\n<p>&nbsp;<\/p>\n<div id=\"attachment_372494\" style=\"width: 470px\" class=\"wp-caption aligncenter\"><a href=\"http:\/\/www.diarioimagen.net\/?attachment_id=372494\" rel=\"attachment wp-att-372494\"><img loading=\"lazy\" decoding=\"async\" aria-describedby=\"caption-attachment-372494\" class=\"size-large wp-image-372494\" src=\"http:\/\/www.diarioimagen.net\/wp-content\/uploads\/2018\/04\/tribunal-2-3348-460x209.jpg\" alt=\"\" width=\"460\" height=\"209\" srcset=\"https:\/\/www.diarioimagen.net\/wp-content\/uploads\/2018\/04\/tribunal-2-3348-460x209.jpg 460w, https:\/\/www.diarioimagen.net\/wp-content\/uploads\/2018\/04\/tribunal-2-3348-240x109.jpg 240w, https:\/\/www.diarioimagen.net\/wp-content\/uploads\/2018\/04\/tribunal-2-3348.jpg 700w\" sizes=\"auto, (max-width: 460px) 100vw, 460px\" \/><\/a><p id=\"caption-attachment-372494\" class=\"wp-caption-text\">El magistrado \u00c1lvaro Augusto P\u00e9rez Ju\u00e1rez encabez\u00f3 la presentaci\u00f3n de la gu\u00eda para juzgadores sobre actuar frente a actos de tortura.<\/p><\/div>\n","protected":false},"excerpt":{"rendered":"<p>Los plenos del Tribunal Superior de Justicia de la Ciudad de M\u00e9xico y del Consejo de la Judicatura local acordaron la emisi\u00f3n de la <em>Gu\u00eda para las juzgadoras y juzgadores del TSJCDMX sobre prevenci\u00f3n, investigaci\u00f3n, sanci\u00f3n y reparaci\u00f3n de la tortura y otros tratos o penas crueles, inhumanos o degradantes<\/em>, inform\u00f3 el presidente del \u00f3rgano judicial, magistrado \u00c1lvaro Augusto P\u00e9rez Ju\u00e1rez.<\/p>\n","protected":false},"author":3,"featured_media":372493,"comment_status":"open","ping_status":"open","sticky":false,"template":"","format":"standard","meta":{"_monsterinsights_skip_tracking":false,"_monsterinsights_sitenote_active":false,"_monsterinsights_sitenote_note":"","_monsterinsights_sitenote_category":0,"footnotes":""},"categories":[3],"tags":[34444,6055,7615],"class_list":["post-372393","post","type-post","status-publish","format-standard","has-post-thumbnail","hentry","category-nacional","tag-cdmx","tag-poder-judicial","tag-tortura"],"_links":{"self":[{"href":"https:\/\/www.diarioimagen.net\/index.php?rest_route=\/wp\/v2\/posts\/372393","targetHints":{"allow":["GET"]}}],"collection":[{"href":"https:\/\/www.diarioimagen.net\/index.php?rest_route=\/wp\/v2\/posts"}],"about":[{"href":"https:\/\/www.diarioimagen.net\/index.php?rest_route=\/wp\/v2\/types\/post"}],"author":[{"embeddable":true,"href":"https:\/\/www.diarioimagen.net\/index.php?rest_route=\/wp\/v2\/users\/3"}],"replies":[{"embeddable":true,"href":"https:\/\/www.diarioimagen.net\/index.php?rest_route=%2Fwp%2Fv2%2Fcomments&post=372393"}],"version-history":[{"count":0,"href":"https:\/\/www.diarioimagen.net\/index.php?rest_route=\/wp\/v2\/posts\/372393\/revisions"}],"wp:featuredmedia":[{"embeddable":true,"href":"https:\/\/www.diarioimagen.net\/index.php?rest_route=\/wp\/v2\/media\/372493"}],"wp:attachment":[{"href":"https:\/\/www.diarioimagen.net\/index.php?rest_route=%2Fwp%2Fv2%2Fmedia&parent=372393"}],"wp:term":[{"taxonomy":"category","embeddable":true,"href":"https:\/\/www.diarioimagen.net\/index.php?rest_route=%2Fwp%2Fv2%2Fcategories&post=372393"},{"taxonomy":"post_tag","embeddable":true,"href":"https:\/\/www.diarioimagen.net\/index.php?rest_route=%2Fwp%2Fv2%2Ftags&post=372393"}],"curies":[{"name":"wp","href":"https:\/\/api.w.org\/{rel}","templated":true}]}}