{"id":372410,"date":"2018-04-17T00:00:34","date_gmt":"2018-04-17T05:00:34","guid":{"rendered":"http:\/\/www.diarioimagen.net\/?p=372410"},"modified":"2018-04-17T01:32:26","modified_gmt":"2018-04-17T06:32:26","slug":"por-naicm-slim-le-pone-tache-a-amlo","status":"publish","type":"post","link":"https:\/\/www.diarioimagen.net\/?p=372410","title":{"rendered":"Por NAICM, Slim le pone \u201ctache\u201d a AMLO"},"content":{"rendered":"<h2>La Retaguardia<\/h2>\n<h5>Adriana Moreno Cordero<\/h5>\n<p><em>\u00a0<\/em><\/p>\n<ul>\n<li><strong><em>El empresario mexicano ya no apoya las aspiraciones del tabasque\u00f1o<\/em><\/strong><\/li>\n<\/ul>\n<p>&nbsp;<\/p>\n<p>Se va el tema del Nuevo Aeropuerto Internacional de la Ciudad de M\u00e9xico, pasa tan solo una semana y vuelve a retornar al centro del debate, por eso, no es casual que uno de los hombres m\u00e1s ricos del mundo, <strong>Carlos Slim<\/strong>, (que muy poco acostumbra salir a los medios a declarar), defendiera ayer la propuesta y le pusiera \u201ctache\u201d, -como dice AMLO que le ponen sus asesores-, a la propuesta del candidato presidencial de la coalici\u00f3n \u201cJuntos Haremos Historia\u201d, <strong>Andr\u00e9s Manuel L\u00f3pez Obrador<\/strong>, de habilitar la Base Militar de Santa Luc\u00eda y con eso,\u00a0 \u201cm\u00e1gicamente\u201d, se resolver\u00eda el problema de un Aeropuerto, como el \u201cBenito Ju\u00e1rez\u201d, que fue inaugurado en la d\u00e9cada de los cincuenta, que ten\u00eda una vida \u00fatil de tan solo 30 a\u00f1os y que por obvias razones ya es por dem\u00e1s obsoleto.<\/p>\n<p>En este sentido, no es ocioso recordar que cuando el tabasque\u00f1o era Jefe de Gobierno de la Ciudad de M\u00e9xico, la relaci\u00f3n con el due\u00f1o del Grupo Carso, era muy buena.<\/p>\n<p>Ambos, acompa\u00f1ados por cierto por el entonces Arzobispo Primado de M\u00e9xico, <strong>Norberto Rivera<\/strong>, recorrieron el Centro Hist\u00f3rico de la CDMX, -pues ambos personajes formaban parte del Consejo Consultivo del Centro Hist\u00f3rico-, y desde luego, el de Macuspana supon\u00eda que ten\u00eda en la bolsa el apoyo total de Slim para una de sus campa\u00f1as presidenciales.<\/p>\n<p>De hecho, uno de los hombres m\u00e1s ricos del planeta, invirti\u00f3 en el proyecto que se conoci\u00f3 como la Recuperaci\u00f3n del Centro Hist\u00f3rico de la capital del pa\u00eds, que comprend\u00eda tambi\u00e9n, desalojar a los vendedores ambulantes de esa zona tan bella.<\/p>\n<p>No hay que olvidar que desde el 2006, Slim Hel\u00fa apoy\u00f3 las aspiraciones del tabasque\u00f1o y establecieron una relaci\u00f3n muy cercana; tan es as\u00ed que el millonario empresario se convirti\u00f3 en la excepci\u00f3n de la regla \u201cl\u00f3pezobradorista\u201d que dice que entre m\u00e1s pobre seas, eres m\u00e1s honesto y buena persona.<\/p>\n<p>Ah\u00ed est\u00e1 que la \u201ctan llevada y tra\u00edda\u201d mafia del poder, se compone de gente muy poderosa econ\u00f3micamente, pero Carlos Slim se convirti\u00f3, (como se cit\u00f3 en l\u00edneas anteriores), en la excepci\u00f3n, pues hasta fue ligado a la izquierda que representa el hoy candidato presidencial de Morena.<\/p>\n<p>Los a\u00f1os han pasado y sin embargo, la v\u00edspera de las elecciones de julio pr\u00f3ximo, diversos analistas advirtieron que Slim Hel\u00fa, le apostar\u00eda de nueva cuenta a L\u00f3pez Obrador, pero al parecer, todo se descompuso, al parecer, en lo que fue una relaci\u00f3n muy cordial.<\/p>\n<p>Ayer, desde San Luis R\u00edo Colorado, Sonora, luego de enterarse que el empresario m\u00e1s importante del pa\u00eds defendi\u00f3 el proyecto del Nuevo Aeropuerto, el tabasque\u00f1o sali\u00f3 a decir que (palabras m\u00e1s, palabras menos), se trataba de un \u201ccompl\u00f3\u201d, (para recordar a un cl\u00e1sico) en su contra, para variar, de parte de la mafia del poder, que le habr\u00eda pedido al due\u00f1o de Grupo Carso, ofrecer la citada conferencia de prensa.<\/p>\n<p>Espec\u00edficamente, AMLO dijo: \u201cLo est\u00e1n utilizando (a Slim) para tratar de contrarrestar el avance de nuestro movimiento, pero no\u00a0 les va a funcionar, la gente ya decidi\u00f3 que no va a haber corrupci\u00f3n en M\u00e9xico. Ya la gente decidi\u00f3 acabar con el bandidaje oficial\u201d.<\/p>\n<p>Con todo y que el due\u00f1o de Morena argumenta que la constante de su discurso es \u201camor y paz\u201d y que no caer\u00e1 en provocaciones de ninguna especie, s\u00ed medio espet\u00f3 a su \u201cex amigo\u201d al se\u00f1alar que solo defiende sus propios intereses: \u201csi el aeropuerto es buen negocio, que lo haga con su dinero. Si Slim quiere construir el aeropuerto con su dinero, le damos la concesi\u00f3n\u201d.<\/p>\n<p>No sobra a\u00f1adir que muy probablemente, L\u00f3pez Obrador ya no se sienta el absoluto puntero en las encuestas. Si considerara realmente que el candidato de la coalici\u00f3n, \u201cTodos por M\u00e9xico\u201d <strong>Jos\u00e9 Antonio Meade<\/strong>, no le \u201chace sombra\u201d, entonces, \u00bfpor qu\u00e9 boicotea sus eventos y luego se burla?<\/p>\n<p>Ya se supo que fueron: <strong>Delfina Guzm\u00e1n<\/strong> e <strong>Ignacio Valladolid<\/strong>, candidatos de Morena en Oaxaca, los que promovieron todo el relajo y simplemente, estos dos personajes ni se inmutan; de ah\u00ed que la pregunta sea: \u00bfqu\u00e9 clase de Congreso habr\u00e1 si como lo pide el tabasque\u00f1o, votan por sus candidatos?, pues la guerra permanente, \u00bfo no?<\/p>\n<p style=\"text-align: center;\"><strong>Municiones<\/strong><\/p>\n<p>*** A partir de ayer, por las redes se puede ver un video con caricaturas en el que el Consejo Coordinador Empresarial, aduciendo a \u201cya saben qui\u00e9n\u201d, se\u00f1ala que en M\u00e9xico, no se puede resolver todo con una \u201cvarita m\u00e1gica\u201d y con promesas que no se van a cumplir. O sea, dejemos las \u201cvaritas m\u00e1gicas\u201d a los magos. Este es el primero de una serie de spots de cara a los ya muy pr\u00f3ximos comicios, que promueven el slogan \u201cM\u00e9xico, Mejor Futuro\u201d y est\u00e1n dirigidos a la poblaci\u00f3n en general y casualmente, se difunde al mismo tiempo que L\u00f3pez Obrador sac\u00f3 un c\u00f3mic en el que se supone que explica, (pero sin fundamento alguno), por qu\u00e9 rechaza el NAICM.<\/p>\n<p>*** El Consejo Estatal de Participaci\u00f3n Social en la Educaci\u00f3n, <strong>Luisa Garc\u00eda<\/strong>, se pronunci\u00f3 en contra de quien tiene contemplado echar abajo la Reforma Educativa.<\/p>\n<p>Agreg\u00f3 que Oaxaca es el estado que ocupa el \u00faltimo lugar en educaci\u00f3n y \u201ccada d\u00eda vamos hundi\u00e9ndonos m\u00e1s\u201d. Junto con los padres de familia de la entidad, la maestra Garc\u00eda dijo que no permitir\u00e1n lo que pretende afanosamente la CNTE.<\/p>\n<p>\u201cBuscamos que los maestros que est\u00e9n frente a nuestros hijos, est\u00e9n preparados y sean profesionales\u201d. Dicho Consejo Estatal no tiene ninguna preferencia por alg\u00fan candidato, aunque si participar\u00e1n en la jornada electoral con su voto, por lo dem\u00e1s, su \u00fanica intenci\u00f3n, es apoyar el avance de la Reforma Educativa. \u201cYa no queremos actos de chantaje y violencia por parte de la CNTE para sembrar el temor\u201d, remat\u00f3.<\/p>\n<p><a href=\"mailto:morcora@gmail.com\" target=\"_blank\" rel=\"noopener\"><em>morcora@gmail.com<\/em><\/a><\/p>\n","protected":false},"excerpt":{"rendered":"<p><span style=\"color: #005497;\"><strong>Adriana Moreno Cordero<\/strong><\/span><\/p>\n","protected":false},"author":3,"featured_media":0,"comment_status":"open","ping_status":"open","sticky":false,"template":"","format":"standard","meta":{"_monsterinsights_skip_tracking":false,"_monsterinsights_sitenote_active":false,"_monsterinsights_sitenote_note":"","_monsterinsights_sitenote_category":0,"footnotes":""},"categories":[69370],"tags":[69369,69368,43674],"class_list":["post-372410","post","type-post","status-publish","format-standard","hentry","category-adriana-moreno-cordero","tag-adriana-moreno-cordero","tag-la-retaguardia","tag-opinion"],"_links":{"self":[{"href":"https:\/\/www.diarioimagen.net\/index.php?rest_route=\/wp\/v2\/posts\/372410","targetHints":{"allow":["GET"]}}],"collection":[{"href":"https:\/\/www.diarioimagen.net\/index.php?rest_route=\/wp\/v2\/posts"}],"about":[{"href":"https:\/\/www.diarioimagen.net\/index.php?rest_route=\/wp\/v2\/types\/post"}],"author":[{"embeddable":true,"href":"https:\/\/www.diarioimagen.net\/index.php?rest_route=\/wp\/v2\/users\/3"}],"replies":[{"embeddable":true,"href":"https:\/\/www.diarioimagen.net\/index.php?rest_route=%2Fwp%2Fv2%2Fcomments&post=372410"}],"version-history":[{"count":0,"href":"https:\/\/www.diarioimagen.net\/index.php?rest_route=\/wp\/v2\/posts\/372410\/revisions"}],"wp:attachment":[{"href":"https:\/\/www.diarioimagen.net\/index.php?rest_route=%2Fwp%2Fv2%2Fmedia&parent=372410"}],"wp:term":[{"taxonomy":"category","embeddable":true,"href":"https:\/\/www.diarioimagen.net\/index.php?rest_route=%2Fwp%2Fv2%2Fcategories&post=372410"},{"taxonomy":"post_tag","embeddable":true,"href":"https:\/\/www.diarioimagen.net\/index.php?rest_route=%2Fwp%2Fv2%2Ftags&post=372410"}],"curies":[{"name":"wp","href":"https:\/\/api.w.org\/{rel}","templated":true}]}}